{"id":79273,"date":"2014-01-23T18:45:08","date_gmt":"2014-01-23T20:45:08","guid":{"rendered":"https:\/\/jundiai.sp.gov.br\/noticias\/?p=79273"},"modified":"2016-11-04T11:18:09","modified_gmt":"2016-11-04T13:18:09","slug":"festa-da-uva-corte-convida-populacao","status":"publish","type":"post","link":"https:\/\/jundiai.sp.gov.br\/noticias\/2014\/01\/23\/festa-da-uva-corte-convida-populacao\/","title":{"rendered":"Festa da Uva: Corte convida popula\u00e7\u00e3o para o evento"},"content":{"rendered":"<p><strong>Depois de convidar o governador do Estado de S\u00e3o Paulo, Geraldo Alckmin, os secret\u00e1rios da Agricultura e Turismo do Estado e os prefeitos da regi\u00e3o para a 31\u00aa Festa da Uva e 2\u00aa Expo Vinhos 2014 de Jundia\u00ed, a Corte da Uva intensifica o trabalho de divulga\u00e7\u00e3o junto da popula\u00e7\u00e3o.<br \/>\n<\/strong><br \/>\n<strong>MAIS<br \/>\n<a href=\"https:\/\/jundiai.sp.gov.br\/noticias\/2014\/01\/festa-da-uva-produtores-esperam-repetir-sucesso-de-vendas\/\" target=\"_blank\">Produtores esperam repetir sucesso de vendas<\/a><br \/>\n<a href=\"https:\/\/jundiai.sp.gov.br\/noticias\/2014\/01\/festa-da-uva-secretaria-de-agricultura-divulga-regulamento-para-exposicao\/\" target=\"_blank\">Secretaria de Agricultura divulga regulamento para exposi\u00e7\u00e3o<\/a><br \/>\n<a href=\"https:\/\/jundiai.sp.gov.br\/noticias\/2014\/01\/festa-da-uva-confira-a-programacao\/\" target=\"_blank\">Confira a programa\u00e7\u00e3o completa<\/a><\/strong><br \/>\n<strong><a href=\"http:\/\/www.flickr.com\/photos\/prefeituradejundiai\/sets\/72157638142677085\/\" target=\"_blank\">Veja o \u00e1lbum de fotos da Festa<\/a><\/strong><\/p>\n<div id=\"attachment_132834\" style=\"width: 410px\" class=\"wp-caption alignleft\"><a href=\"https:\/\/jundiai.sp.gov.br\/noticias\/wp-content\/uploads\/sites\/32\/2014\/01\/Festa-da-Uva-Corte-convida-popula\u00e7\u00e3o-para-o-evento.jpg\"><img loading=\"lazy\" decoding=\"async\" aria-describedby=\"caption-attachment-132834\" src=\"https:\/\/jundiai.sp.gov.br\/noticias\/wp-content\/uploads\/sites\/32\/2014\/01\/Festa-da-Uva-Corte-convida-popula\u00e7\u00e3o-para-o-evento-720x481.jpg\" alt=\"Popula\u00e7\u00e3o foi abordada pelas meninas da Corte\" width=\"400\" height=\"370\" class=\"size-large wp-image-132834\" \/><\/a><p id=\"caption-attachment-132834\" class=\"wp-caption-text\">Popula\u00e7\u00e3o foi abordada pelas meninas da Corte<\/p><\/div>\n<p>Na tarde desta quinta-feira (23), a rainha Graziele Oliveira acompanhada das princesas Ver\u00f4nica Antoniol e St\u00e9phanie Borin andaram pelo Centro de Jundia\u00ed convidando as pessoas que passavam pelas ruas centrais e os comericantes para prestigiar o evento. \u00c0 noite, elas visitaram o Varej\u00e3o Noturno da Vila Arens.<\/p>\n<p>Nesta sexta-feira (24) a Corte percorrer\u00e1 os corredores do Jundia\u00edShopping, a partir das 14h, convidados os frequentadores para a festa.<\/p>\n<p>A Festa da Uva tem in\u00edcio na pr\u00f3xima quinta-feira (30), a partir das 18h, no Parque Comendador Antonio Carbonari (Parque da Uva) e prossegue nos dias 31 de janeiro, 1, 2, 7, 8, 9, 14, 15 e 16 de fevereiro.<\/p>\n<p><strong>Por Assessoria de Imprensa<br \/>\nFoto: Cl\u00e9ber de Almeida<\/strong><\/p>\n","protected":false},"excerpt":{"rendered":"<p>Festa da Uva tem in\u00edcio na pr\u00f3xima quinta-feira (30), a partir das 18h, no Parque Comendador Antonio Carbonari<\/p>\n","protected":false},"author":10,"featured_media":79275,"comment_status":"closed","ping_status":"closed","sticky":false,"template":"","format":"standard","meta":{"footnotes":""},"categories":[2],"tags":[41,199],"ods":[],"class_list":["post-79273","post","type-post","status-publish","format-standard","has-post-thumbnail","hentry","category-noticias","tag-agricultura-abastecimento-e-turismo","tag-festa-da-uva-2014"],"_links":{"self":[{"href":"https:\/\/jundiai.sp.gov.br\/noticias\/wp-json\/wp\/v2\/posts\/79273","targetHints":{"allow":["GET"]}}],"collection":[{"href":"https:\/\/jundiai.sp.gov.br\/noticias\/wp-json\/wp\/v2\/posts"}],"about":[{"href":"https:\/\/jundiai.sp.gov.br\/noticias\/wp-json\/wp\/v2\/types\/post"}],"author":[{"embeddable":true,"href":"https:\/\/jundiai.sp.gov.br\/noticias\/wp-json\/wp\/v2\/users\/10"}],"replies":[{"embeddable":true,"href":"https:\/\/jundiai.sp.gov.br\/noticias\/wp-json\/wp\/v2\/comments?post=79273"}],"version-history":[{"count":2,"href":"https:\/\/jundiai.sp.gov.br\/noticias\/wp-json\/wp\/v2\/posts\/79273\/revisions"}],"predecessor-version":[{"id":132835,"href":"https:\/\/jundiai.sp.gov.br\/noticias\/wp-json\/wp\/v2\/posts\/79273\/revisions\/132835"}],"wp:featuredmedia":[{"embeddable":true,"href":"https:\/\/jundiai.sp.gov.br\/noticias\/wp-json\/"}],"wp:attachment":[{"href":"https:\/\/jundiai.sp.gov.br\/noticias\/wp-json\/wp\/v2\/media?parent=79273"}],"wp:term":[{"taxonomy":"category","embeddable":true,"href":"https:\/\/jundiai.sp.gov.br\/noticias\/wp-json\/wp\/v2\/categories?post=79273"},{"taxonomy":"post_tag","embeddable":true,"href":"https:\/\/jundiai.sp.gov.br\/noticias\/wp-json\/wp\/v2\/tags?post=79273"},{"taxonomy":"ods","embeddable":true,"href":"https:\/\/jundiai.sp.gov.br\/noticias\/wp-json\/wp\/v2\/ods?post=79273"}],"curies":[{"name":"wp","href":"https:\/\/api.w.org\/{rel}","templated":true}]}}