{"id":79278,"date":"2014-01-23T19:16:38","date_gmt":"2014-01-23T21:16:38","guid":{"rendered":"https:\/\/jundiai.sp.gov.br\/noticias\/?p=79278"},"modified":"2016-11-04T11:18:10","modified_gmt":"2016-11-04T13:18:10","slug":"festa-da-uva-produtores-esperam-repetir-sucesso-de-vendas","status":"publish","type":"post","link":"https:\/\/jundiai.sp.gov.br\/noticias\/2014\/01\/23\/festa-da-uva-produtores-esperam-repetir-sucesso-de-vendas\/","title":{"rendered":"Festa da Uva: Produtores esperam repetir sucesso de vendas"},"content":{"rendered":"<p><strong>Os produtores est\u00e3o com boas expectativas para comercializa\u00e7\u00e3o de uva durante a 31\u00aa Festa da Uva e 2\u00aa Expo Vinhos 2014, que tem in\u00edcio na pr\u00f3xima quinta-feira (30) com a abertura oficial. Na edi\u00e7\u00e3o passada foram vendidas 18 toneladas de frutas. <\/strong><\/p>\n<p><strong>MAIS<br \/>\n<a href=\"https:\/\/jundiai.sp.gov.br\/noticias\/2014\/01\/festa-da-uva-corte-convida-populacao\/\" target=\"_blank\">Corte convida popula\u00e7\u00e3o para o evento<\/a><br \/>\n<a href=\"https:\/\/jundiai.sp.gov.br\/noticias\/2014\/01\/festa-da-uva-secretaria-de-agricultura-divulga-regulamento-para-exposicao\/\" target=\"_blank\">Secretaria de Agricultura divulga regulamento para exposi\u00e7\u00e3o<\/a><br \/>\n<a href=\"https:\/\/jundiai.sp.gov.br\/noticias\/2014\/01\/festa-da-uva-confira-a-programacao\/\" target=\"_blank\">Confira a programa\u00e7\u00e3o completa<\/a><\/strong><br \/>\n<strong><a href=\"http:\/\/www.flickr.com\/photos\/prefeituradejundiai\/sets\/72157638142677085\/\" target=\"_blank\">Veja o \u00e1lbum de fotos da Festa<\/a><\/strong><\/p>\n<div id=\"attachment_132830\" style=\"width: 410px\" class=\"wp-caption alignleft\"><a href=\"https:\/\/jundiai.sp.gov.br\/noticias\/wp-content\/uploads\/sites\/32\/2014\/01\/Festa-da-Uva-Produtores-esperam-repetir-sucesso-de-vendas.jpg\"><img loading=\"lazy\" decoding=\"async\" aria-describedby=\"caption-attachment-132830\" src=\"https:\/\/jundiai.sp.gov.br\/noticias\/wp-content\/uploads\/sites\/32\/2014\/01\/Festa-da-Uva-Produtores-esperam-repetir-sucesso-de-vendas-720x484.jpg\" alt=\"No ano passado foram comercializadas 18 mil toneladas de uva durante a festa\" width=\"400\" height=\"370\" class=\"size-large wp-image-132830\" \/><\/a><p id=\"caption-attachment-132830\" class=\"wp-caption-text\">No ano passado foram comercializadas 18 mil toneladas de uva durante a festa<\/p><\/div>\n<p>&#8220;A poda tardia e o m\u00eas de janeiro com pouca chuva favoreceram a produ\u00e7\u00e3o da fruta. Com certeza teremos um produto saboroso e farto para oferecer aos visitantes\u201d, afirma Jos\u00e9 Jac\u00f3 Carbonari, presidente da Associa\u00e7\u00e3o Agr\u00edcola de Jundia\u00ed.<\/p>\n<p><strong>A venda da uva ficar\u00e1 concentrada no terceiro pavilh\u00e3o do Parque Comendador Antonio Carbonari (Parque da Uva). Ser\u00e3o 10 pontos de vendas distribu\u00eddos entre os produtores dos bairros Bom Jardim, Caxambu, Corrupira, Engordadouro, Poste, Roseira, Toca e Travi\u00fa.<\/strong><\/p>\n<p><strong>Servi\u00e7o<br \/>\n<\/strong>A 31\u00aa Festa da Uva e 2\u00aa Expo Vinhos come\u00e7a no pr\u00f3ximo dia 30, \u00e0s 19h, e prossegue nos dias 31 de janeiro e 1, 2, 7, 8, 9, 14, 15 e 16 de fevereiro, no Parque Comendador Ant\u00f4nio Carbonari, o Parque da Uva. \u00c0s sextas-feiras, das 18h \u00e0s 22h, aos s\u00e1bados, das 10h \u00e0s 22h, e domingos, das 10h \u00e0s 20h. A entrada \u00e9 gratuita.<\/p>\n<p>O evento contar\u00e1 com workshops culin\u00e1rios, passeios tur\u00edsticos, pisa da uva, desfile de cavaleiros, mini-fazendinha, exposi\u00e7\u00e3o e venda de artesanato, espa\u00e7o Deguste Jundia\u00ed, espa\u00e7o infantil, exposi\u00e7\u00e3o e vendas de frutas e vinhos, al\u00e9m de mais de 100 atra\u00e7\u00f5es culturais, entre m\u00fasica, teatro e dan\u00e7a.<\/p>\n<p><strong>Por Kadija Rodrigues<br \/>\nFoto: Dorival Pinheiro Filho<\/strong><\/p>\n","protected":false},"excerpt":{"rendered":"<p>Na edi\u00e7\u00e3o passada foram vendidas 18 toneladas de frutas. 31\u00aa Festa da Uva come\u00e7a no pr\u00f3ximo dia 30, \u00e0s 19h<\/p>\n","protected":false},"author":10,"featured_media":79284,"comment_status":"closed","ping_status":"closed","sticky":false,"template":"","format":"standard","meta":{"footnotes":""},"categories":[2],"tags":[41,199],"ods":[],"class_list":["post-79278","post","type-post","status-publish","format-standard","has-post-thumbnail","hentry","category-noticias","tag-agricultura-abastecimento-e-turismo","tag-festa-da-uva-2014"],"_links":{"self":[{"href":"https:\/\/jundiai.sp.gov.br\/noticias\/wp-json\/wp\/v2\/posts\/79278","targetHints":{"allow":["GET"]}}],"collection":[{"href":"https:\/\/jundiai.sp.gov.br\/noticias\/wp-json\/wp\/v2\/posts"}],"about":[{"href":"https:\/\/jundiai.sp.gov.br\/noticias\/wp-json\/wp\/v2\/types\/post"}],"author":[{"embeddable":true,"href":"https:\/\/jundiai.sp.gov.br\/noticias\/wp-json\/wp\/v2\/users\/10"}],"replies":[{"embeddable":true,"href":"https:\/\/jundiai.sp.gov.br\/noticias\/wp-json\/wp\/v2\/comments?post=79278"}],"version-history":[{"count":2,"href":"https:\/\/jundiai.sp.gov.br\/noticias\/wp-json\/wp\/v2\/posts\/79278\/revisions"}],"predecessor-version":[{"id":132832,"href":"https:\/\/jundiai.sp.gov.br\/noticias\/wp-json\/wp\/v2\/posts\/79278\/revisions\/132832"}],"wp:featuredmedia":[{"embeddable":true,"href":"https:\/\/jundiai.sp.gov.br\/noticias\/wp-json\/"}],"wp:attachment":[{"href":"https:\/\/jundiai.sp.gov.br\/noticias\/wp-json\/wp\/v2\/media?parent=79278"}],"wp:term":[{"taxonomy":"category","embeddable":true,"href":"https:\/\/jundiai.sp.gov.br\/noticias\/wp-json\/wp\/v2\/categories?post=79278"},{"taxonomy":"post_tag","embeddable":true,"href":"https:\/\/jundiai.sp.gov.br\/noticias\/wp-json\/wp\/v2\/tags?post=79278"},{"taxonomy":"ods","embeddable":true,"href":"https:\/\/jundiai.sp.gov.br\/noticias\/wp-json\/wp\/v2\/ods?post=79278"}],"curies":[{"name":"wp","href":"https:\/\/api.w.org\/{rel}","templated":true}]}}