{"id":79293,"date":"2014-01-23T19:26:46","date_gmt":"2014-01-23T21:26:46","guid":{"rendered":"https:\/\/jundiai.sp.gov.br\/noticias\/?p=79293"},"modified":"2016-11-04T11:18:09","modified_gmt":"2016-11-04T13:18:09","slug":"festa-da-uva-secretaria-de-agricultura-divulga-regulamento-para-exposicao","status":"publish","type":"post","link":"https:\/\/jundiai.sp.gov.br\/noticias\/2014\/01\/23\/festa-da-uva-secretaria-de-agricultura-divulga-regulamento-para-exposicao\/","title":{"rendered":"Festa da Uva: Secretaria de Agricultura divulga regulamento para exposi\u00e7\u00e3o"},"content":{"rendered":"<p><strong>A tradicional exposi\u00e7\u00e3o de uvas que premia as melhores frutas ficar\u00e1 este ano no primeiro pavilh\u00e3o do Parque da Uva. Segundo Marcela Filipini, diretora de Agricultura da Prefeitura, ser\u00e3o tr\u00eas dias de julgamento: 30 de janeiro, 7 e 14 de fevereiro. Conforme o regulamento, divulgado esta semana pela Secretaria de Agricultura, Abastecimento e Turismo, os expositores poder\u00e3o participar com no m\u00ednimo duas caixas de uva niagara ou uma caixa de uva fina.<\/strong><\/p>\n<p><strong>MAIS<br \/>\n<a href=\"https:\/\/jundiai.sp.gov.br\/noticias\/2014\/01\/festa-da-uva-corte-convida-populacao\/\" target=\"_blank\">Corte convida popula\u00e7\u00e3o para o evento<\/a><br \/>\n<a href=\"https:\/\/jundiai.sp.gov.br\/noticias\/2014\/01\/festa-da-uva-produtores-esperam-repetir-sucesso-de-vendas\/\" target=\"_blank\">Produtores esperam repetir sucesso de vendas<\/a><br \/>\n<a href=\"https:\/\/jundiai.sp.gov.br\/noticias\/2014\/01\/festa-da-uva-confira-a-programacao\/\" target=\"_blank\">Confira a programa\u00e7\u00e3o completa<\/a><\/strong><br \/>\n<strong><a href=\"http:\/\/www.flickr.com\/photos\/prefeituradejundiai\/sets\/72157638142677085\/\" target=\"_blank\">Veja o \u00e1lbum de fotos da Festa<\/a><\/strong><\/p>\n<div id=\"attachment_132826\" style=\"width: 410px\" class=\"wp-caption alignright\"><a href=\"https:\/\/jundiai.sp.gov.br\/noticias\/wp-content\/uploads\/sites\/32\/2014\/01\/Festa-da-Uva-Secretaria-de-Agricultura-divulga-regulamento-para-exposi\u00e7\u00e3o.jpg\"><img loading=\"lazy\" decoding=\"async\" aria-describedby=\"caption-attachment-132826\" src=\"https:\/\/jundiai.sp.gov.br\/noticias\/wp-content\/uploads\/sites\/32\/2014\/01\/Festa-da-Uva-Secretaria-de-Agricultura-divulga-regulamento-para-exposi\u00e7\u00e3o-720x478.jpg\" alt=\"Frutas ser\u00e3o julgadas nos dia 30 de janeiro, 7 e 14 de fevereiro\" width=\"400\" height=\"370\" class=\"size-large wp-image-132826\" \/><\/a><p id=\"caption-attachment-132826\" class=\"wp-caption-text\">Frutas ser\u00e3o julgadas nos dia 30 de janeiro, 7 e 14 de fevereiro<\/p><\/div>\n<p>\u201cOs produtores interessados em participar devem levar a fruta ao Parque da Uva das 8h \u00e0s 13h e a comiss\u00e3o julgadora avaliar\u00e1 \u00e0s 14h\u201d, explica a diretora.<\/p>\n<p>H\u00e1 dois tipos de avalia\u00e7\u00e3o, segundo o engenheiro agr\u00f4nomo Clodoaldo Castro Vieira, chefe da Casa da Agricultura de Jundia\u00ed, que coordena o julgamento. \u201cNa apresenta\u00e7\u00e3o avaliamos as uvas dispostas dentro das caixas abertas, j\u00e1 na embalagem a fruta \u00e9 julgada com a caixa fechada\u201d, explica.<\/p>\n<p>Os julgadores v\u00e3o analisar a cor da fruta, uniformidade dos cachos, disposi\u00e7\u00e3o dentro das caixas, tamanho do bago, toque, entre outros quesitos.<\/p>\n<p><strong>REGULAMENTO PARA A EXPOSI\u00c7\u00c3O DE UVAS E JULGAMENTO<br \/>\n<\/strong>1-Os produtos para a Exposi\u00e7\u00e3o dever\u00e3o ser entregues no Pavilh\u00e3o de exposi\u00e7\u00e3o de frutas, no hor\u00e1rio das 8 \u00e0s 13 horas, nos dias 30 de janeiro, 7 e 14 de fevereiro de 2014<\/p>\n<p>2-Os expositores dever\u00e3o participar dos julgamentos com no m\u00ednimo, 2 (duas) caixas de Uva Niagara ou 1 (uma) caixa de uvas finas.<\/p>\n<p>3-As dimens\u00f5es das caixas dever\u00e3o obedecer aos padr\u00f5es abaixo determinados:<br \/>\n3.1- Uvas Niagaras:<\/p>\n<p>a)- caixas de papel\u00e3o:<\/p>\n<p>0,40 x 0,25 x 0,14 m &#8211; para duas camadas<br \/>\nCaixa de uma camada<\/p>\n<p>b)- caixas de madeira:<\/p>\n<p>0,40 x 0,25 x 0,09 m<br \/>\n3.2- Uvas Finas:<\/p>\n<p>0,43 x 0,29 x 0,095 m<br \/>\n4-Os produtores de Uvas Niagara poder\u00e3o participar do julgamento com as variedades branca e rosada, nas categorias embalagem e apresenta\u00e7\u00e3o. Para a variedade Rosada nas categorias poder\u00e3o concorrer a 5 (cinco) pr\u00eamios e a variedade Branca a 3 (tr\u00eas) pr\u00eamios nas categorias.<\/p>\n<p>5-Os produtores de Uvas Finas poder\u00e3o participar do julgamento com as variedades It\u00e1lia, Rubi e diversas. It\u00e1lia e Rubi nas categorias apresenta\u00e7\u00e3o e embalagem. Nas Finas diversas, somente na categoria apresenta\u00e7\u00e3o. Para cada variedade e categoria poder\u00e3o concorrer a 02 (dois) pr\u00eamios.<br \/>\nOBS:<\/p>\n<p>a &#8211; Caber\u00e1 a comiss\u00e3o julgadora incluir ou n\u00e3o outras premia\u00e7\u00f5es quanto as variedades e outros tipo de embalagens, como men\u00e7\u00e3o honrosa ou pr\u00eamios.<\/p>\n<p>b \u2013 As caixas que foram para julgamento e que n\u00e3o foram contempladas com premia\u00e7\u00f5es, os cachos de uva sair\u00e3o das respectivas caixas e ser\u00e3o colocadas a disposi\u00e7\u00e3o para decora\u00e7\u00e3o do espa\u00e7o de exposi\u00e7\u00e3o de frutas.<\/p>\n<p><strong>Por Kadija Rodrigues<br \/>\nFoto: Dorival Pinheiro Filho<\/strong><\/p>\n","protected":false},"excerpt":{"rendered":"<p>A tradicional exposi\u00e7\u00e3o de uvas que premia as melhores frutas ficar\u00e1 este ano no primeiro pavilh\u00e3o do Parque da Uva. Segundo Marcela Filipini, diretora de Agricultura da Prefeitura, ser\u00e3o tr\u00eas dias de julgamento: 30 de janeiro, 7 e 14 de fevereiro. Conforme o regulamento, divulgado esta semana pela Secretaria de Agricultura, Abastecimento e Turismo, os [&hellip;]<\/p>\n","protected":false},"author":10,"featured_media":0,"comment_status":"closed","ping_status":"closed","sticky":false,"template":"","format":"standard","meta":{"footnotes":""},"categories":[2],"tags":[41,199],"ods":[],"class_list":["post-79293","post","type-post","status-publish","format-standard","hentry","category-noticias","tag-agricultura-abastecimento-e-turismo","tag-festa-da-uva-2014"],"_links":{"self":[{"href":"https:\/\/jundiai.sp.gov.br\/noticias\/wp-json\/wp\/v2\/posts\/79293","targetHints":{"allow":["GET"]}}],"collection":[{"href":"https:\/\/jundiai.sp.gov.br\/noticias\/wp-json\/wp\/v2\/posts"}],"about":[{"href":"https:\/\/jundiai.sp.gov.br\/noticias\/wp-json\/wp\/v2\/types\/post"}],"author":[{"embeddable":true,"href":"https:\/\/jundiai.sp.gov.br\/noticias\/wp-json\/wp\/v2\/users\/10"}],"replies":[{"embeddable":true,"href":"https:\/\/jundiai.sp.gov.br\/noticias\/wp-json\/wp\/v2\/comments?post=79293"}],"version-history":[{"count":2,"href":"https:\/\/jundiai.sp.gov.br\/noticias\/wp-json\/wp\/v2\/posts\/79293\/revisions"}],"predecessor-version":[{"id":132829,"href":"https:\/\/jundiai.sp.gov.br\/noticias\/wp-json\/wp\/v2\/posts\/79293\/revisions\/132829"}],"wp:attachment":[{"href":"https:\/\/jundiai.sp.gov.br\/noticias\/wp-json\/wp\/v2\/media?parent=79293"}],"wp:term":[{"taxonomy":"category","embeddable":true,"href":"https:\/\/jundiai.sp.gov.br\/noticias\/wp-json\/wp\/v2\/categories?post=79293"},{"taxonomy":"post_tag","embeddable":true,"href":"https:\/\/jundiai.sp.gov.br\/noticias\/wp-json\/wp\/v2\/tags?post=79293"},{"taxonomy":"ods","embeddable":true,"href":"https:\/\/jundiai.sp.gov.br\/noticias\/wp-json\/wp\/v2\/ods?post=79293"}],"curies":[{"name":"wp","href":"https:\/\/api.w.org\/{rel}","templated":true}]}}