{"id":79335,"date":"2014-01-24T16:58:47","date_gmt":"2014-01-24T18:58:47","guid":{"rendered":"https:\/\/jundiai.sp.gov.br\/noticias\/?p=79335"},"modified":"2016-11-04T11:18:10","modified_gmt":"2016-11-04T13:18:10","slug":"festa-da-uva-atracoes-especiais","status":"publish","type":"post","link":"https:\/\/jundiai.sp.gov.br\/noticias\/2014\/01\/24\/festa-da-uva-atracoes-especiais\/","title":{"rendered":"Festa da Uva: atra\u00e7\u00f5es especiais"},"content":{"rendered":"<p>Al\u00e9m da programa\u00e7\u00e3o cultural, a festa ter\u00e1 outras atra\u00e7\u00f5es especiais. No dia 2 de fevereiro acontecer\u00e1 a Parada do Carro Antigo, com sa\u00edda \u00e0s 10h do Pa\u00e7o Municipal e chegada prevista para as 11h no Parque da Uva. Os participantes ser\u00e3o recepcionados por duas bandas de rock\u2019n roll que tocam sucessos dos anos 1950.<\/p>\n<p>O Desfile de Cavaleiros ser\u00e1 dia 9 de fevereiro, com sa\u00edda marcada para as 8h no bairro da Roseira. A chegada acontece \u00e0s 11h, no Parque da Uva, com a apresenta\u00e7\u00e3o da Orquestra de Viola Terra da Uva.<\/p>\n<p>Est\u00e3o programados ainda, aos s\u00e1bados e domingos, workshops culin\u00e1rios nos seguintes hor\u00e1rios: 11h, 13h, 15h e 16h30. S\u00e3o 30 receitas todas \u00e0 base de uva.<\/p>\n<p>Os passeios tur\u00edsticos acontecer\u00e3o duas vezes por dia, com sa\u00eddas \u00e0s 11h e \u00e0s 15h do Parque da Uva. S\u00e3o 2 horas de passeio entre a regi\u00e3o central da cidade e numa propriedade rural. O passeio ter\u00e1 o custo de R$ 10.<\/p>\n<p>A cerim\u00f4nia da Pisa da Uva acontecer\u00e1 aos s\u00e1bados e domingos. Ser\u00e3o sete no total, sendo que a primeira ser\u00e1 na abertura do evento, na pr\u00f3xima quinta-feira (30), a partir das 18h.<\/p>\n<p>As fotos vencedoras do concurso Jundia\u00ed Terra da Uva e Vinho ser\u00e3o divulgadas tamb\u00e9m na abertura do evento e ficar\u00e3o expostas durante todos os dias da festa no primeiro pavilh\u00e3o.<\/p>\n<p><strong>Por Niza Souza e Kadija Rodrigues<\/strong><\/p>\n","protected":false},"excerpt":{"rendered":"<p>Al\u00e9m da programa\u00e7\u00e3o cultural, a festa ter\u00e1 outras atra\u00e7\u00f5es especiais. No dia 2 de fevereiro acontecer\u00e1 a Parada do Carro Antigo, com sa\u00edda \u00e0s 10h do Pa\u00e7o Municipal e chegada prevista para as 11h no Parque da Uva. Os participantes ser\u00e3o recepcionados por duas bandas de rock\u2019n roll que tocam sucessos dos anos 1950. O [&hellip;]<\/p>\n","protected":false},"author":10,"featured_media":0,"comment_status":"closed","ping_status":"closed","sticky":false,"template":"","format":"standard","meta":{"footnotes":""},"categories":[2],"tags":[41,199],"ods":[],"class_list":["post-79335","post","type-post","status-publish","format-standard","hentry","category-noticias","tag-agricultura-abastecimento-e-turismo","tag-festa-da-uva-2014"],"_links":{"self":[{"href":"https:\/\/jundiai.sp.gov.br\/noticias\/wp-json\/wp\/v2\/posts\/79335","targetHints":{"allow":["GET"]}}],"collection":[{"href":"https:\/\/jundiai.sp.gov.br\/noticias\/wp-json\/wp\/v2\/posts"}],"about":[{"href":"https:\/\/jundiai.sp.gov.br\/noticias\/wp-json\/wp\/v2\/types\/post"}],"author":[{"embeddable":true,"href":"https:\/\/jundiai.sp.gov.br\/noticias\/wp-json\/wp\/v2\/users\/10"}],"replies":[{"embeddable":true,"href":"https:\/\/jundiai.sp.gov.br\/noticias\/wp-json\/wp\/v2\/comments?post=79335"}],"version-history":[{"count":1,"href":"https:\/\/jundiai.sp.gov.br\/noticias\/wp-json\/wp\/v2\/posts\/79335\/revisions"}],"predecessor-version":[{"id":181965,"href":"https:\/\/jundiai.sp.gov.br\/noticias\/wp-json\/wp\/v2\/posts\/79335\/revisions\/181965"}],"wp:attachment":[{"href":"https:\/\/jundiai.sp.gov.br\/noticias\/wp-json\/wp\/v2\/media?parent=79335"}],"wp:term":[{"taxonomy":"category","embeddable":true,"href":"https:\/\/jundiai.sp.gov.br\/noticias\/wp-json\/wp\/v2\/categories?post=79335"},{"taxonomy":"post_tag","embeddable":true,"href":"https:\/\/jundiai.sp.gov.br\/noticias\/wp-json\/wp\/v2\/tags?post=79335"},{"taxonomy":"ods","embeddable":true,"href":"https:\/\/jundiai.sp.gov.br\/noticias\/wp-json\/wp\/v2\/ods?post=79335"}],"curies":[{"name":"wp","href":"https:\/\/api.w.org\/{rel}","templated":true}]}}