{"id":79343,"date":"2014-01-24T13:31:38","date_gmt":"2014-01-24T15:31:38","guid":{"rendered":"https:\/\/jundiai.sp.gov.br\/noticias\/?p=79343"},"modified":"2016-11-04T11:18:09","modified_gmt":"2016-11-04T13:18:09","slug":"guarda-municipal-forma-regiao-para-uso-de-arma-nao-letal","status":"publish","type":"post","link":"https:\/\/jundiai.sp.gov.br\/noticias\/2014\/01\/24\/guarda-municipal-forma-regiao-para-uso-de-arma-nao-letal\/","title":{"rendered":"Guarda Municipal forma regi\u00e3o para uso de arma n\u00e3o letal"},"content":{"rendered":"<p><strong>Na pele. Foi assim que os efeitos da Spark, uma arma de eletrochoque, foram sentidos por guardas municipais de Jundia\u00ed e munic\u00edpios da Aglomera\u00e7\u00e3o Urbana (AUJ). O curso para manuseio do equipamento foi ministrado pela Guarda Municipal de Jundia\u00ed nos dias 21, 22 e 23 de janeiro. A partir de agora, 10 GMs da cidade est\u00e3o habilitados a usar a arma n\u00e3o letal.<\/strong> <\/p>\n<p><strong>MAIS<br \/>\n<a href=\"https:\/\/jundiai.sp.gov.br\/noticias\/2014\/01\/arma-nao-letal-alunos-aprovam-capacitacao-da-gm-jundiai\/\" target=\"_blank\">Alunos aprovam capacita\u00e7\u00e3o da GM Jundia\u00ed<\/a><br \/>\n<a href=\"https:\/\/jundiai.sp.gov.br\/noticias\/2014\/01\/festa-da-uva-sera-o-primeiro-evento-com-armamento-nao-letal\/\" target=\"_blank\">Festa da Uva ser\u00e1 o primeiro evento com armamento n\u00e3o letal<\/a><br \/>\n<\/strong><\/p>\n<div id=\"attachment_132820\" style=\"width: 610px\" class=\"wp-caption aligncenter\"><a href=\"https:\/\/jundiai.sp.gov.br\/noticias\/wp-content\/uploads\/sites\/32\/2014\/01\/Guarda-Municipal-forma-regi\u00e3o-para-uso-de-arma-n\u00e3o-letal-1.jpg\"><img loading=\"lazy\" decoding=\"async\" aria-describedby=\"caption-attachment-132820\" src=\"https:\/\/jundiai.sp.gov.br\/noticias\/wp-content\/uploads\/sites\/32\/2014\/01\/Guarda-Municipal-forma-regi\u00e3o-para-uso-de-arma-n\u00e3o-letal-1-720x542.jpg\" alt=\"A arma foi testada pelos GMs de Jundia\u00ed e regi\u00e3o\" width=\"600\" height=\"400\" class=\"size-large wp-image-132820\" \/><\/a><p id=\"caption-attachment-132820\" class=\"wp-caption-text\">A arma foi testada pelos GMs de Jundia\u00ed e regi\u00e3o<\/p><\/div>\n<p><strong>Al\u00e9m dos guardas do munic\u00edpio, o curso formou dois GMs de Itupeva (munic\u00edpio que j\u00e1 tem o equipamento), como operadores; e outros 13, apenas como ouvintes, de cidades que ainda n\u00e3o t\u00eam a arma, como Campo Limpo, Jarinu, Cabre\u00fava e V\u00e1rzea Paulista.<\/strong> As aulas, cada uma com 4 horas, tamb\u00e9m contaram com a participa\u00e7\u00e3o de tr\u00eas jornalistas da imprensa local.<\/p>\n<p>Com informa\u00e7\u00f5es e instru\u00e7\u00f5es do inspetor e coordenador operacional da GM de Jundia\u00ed, Cl\u00e1udio Ferigato, os guardas aprenderam legisla\u00e7\u00f5es, manuseio correto e seguro da arma, quais as circunst\u00e2ncias de uso e conserva\u00e7\u00e3o do equipamento.<\/p>\n<p>Depois de todos esses estudos, a parte pr\u00e1tica foi intensa. Todos aprenderam desde colocar as baterias na arma, troc\u00e1-las, colocar o cartucho (cuja \u2018muni\u00e7\u00e3o\u2019 s\u00e3o dois dardos), como ejet\u00e1-lo, como deixar o dispositivo inoperante, entre outros itens. Al\u00e9m disso, os GMs manusearam o equipamento com o cartucho e sem ele. E atiraram em um alvo, para visualizar a chegada dos dardos no corpo humano e a corrente de energia.<\/p>\n<div id=\"attachment_132822\" style=\"width: 410px\" class=\"wp-caption alignleft\"><a href=\"https:\/\/jundiai.sp.gov.br\/noticias\/wp-content\/uploads\/sites\/32\/2014\/01\/Guarda-Municipal-forma-regi\u00e3o-para-uso-de-arma-n\u00e3o-letal-2.jpg\"><img loading=\"lazy\" decoding=\"async\" aria-describedby=\"caption-attachment-132822\" src=\"https:\/\/jundiai.sp.gov.br\/noticias\/wp-content\/uploads\/sites\/32\/2014\/01\/Guarda-Municipal-forma-regi\u00e3o-para-uso-de-arma-n\u00e3o-letal-2-720x552.jpg\" alt=\"Guardas passaram pela experi\u00eancia que testou a pot\u00eancia da Spark\" width=\"400\" height=\"370\" class=\"size-large wp-image-132822\" \/><\/a><p id=\"caption-attachment-132822\" class=\"wp-caption-text\">Guardas passaram pela experi\u00eancia que testou a pot\u00eancia da Spark<\/p><\/div>\n<p>Com apoio de m\u00e9dico e enfermeira da equipe da Coordena\u00e7\u00e3o de Eventos de Sa\u00fade, da Prefeitura de Jundia\u00ed, todos os participantes do curso passaram por uma consulta, na qual press\u00e3o arterial e batimentos card\u00edacos foram avaliados para o cap\u00edtulo do curso que deixou todos, inclusive a jornalista que aqui escreve, ansiosos. Por press\u00e3o alta e uso de medicamentos controlados, alguns n\u00e3o puderam ser alvejados pela Spark e sentir a intensidade do choque.<\/p>\n<p><strong>Outros foram vetados para n\u00e3o correr riscos. E quem participou do choque, como eu, sentiu o baque. A sensa\u00e7\u00e3o \u00e9 de incapacidade. O choque impulsiona o corpo para a frente e deixa quem \u00e9 atingido sem rea\u00e7\u00e3o. A queda \u00e9 inevit\u00e1vel, o que vai facilitar, e muito, o trabalho dos GMs nas ruas, em ocorr\u00eancias que exigem a conten\u00e7\u00e3o de algum indiv\u00edduo.<br \/>\n<\/strong><\/p>\n<p>O motivo de os guardas sentirem o impacto da arma foi um s\u00f3: pensar duas vezes antes de us\u00e1-la em ocorr\u00eancias. \u201cO uso n\u00e3o pode ser banalizado. A arma deve ser usada com crit\u00e9rio. O emprego dela s\u00f3 deve ser feito em situa\u00e7\u00f5es com o n\u00edvel de amea\u00e7a elevada, que requeiram o uso proporcional da for\u00e7a\u201d, frisou Ferigato.<\/p>\n<p><strong>Controle<\/strong><br \/>\nDe acordo com ele, na escala de uso de armas n\u00e3o letais, a Spark vem por \u00faltimo, e est\u00e1 apenas a um est\u00e1gio do uso de for\u00e7a letal. Nessa escala, antecedem o uso da arma o comando verbal para negocia\u00e7\u00e3o, uso de irritantes como pimenta e lacrimog\u00eaneo, aplica\u00e7\u00e3o de som, luz e fuma\u00e7a; e s\u00f3 depois o impacto do choque.<\/p>\n<p>O uso dessa arma n\u00e3o ser\u00e1 indiscriminado, ressalta o inspetor. A Spark tem um dispositivo que interrompe o choque. E, caso o GM n\u00e3o o acione, o choque dura no m\u00e1ximo at\u00e9 5 segundos. Quando sai da arma, a descarga \u00e9 de 50 mil volts. No entanto, quando chega \u00e0 pessoa atinge de 3 a 5 mil volts. \u201cToda tecnologia n\u00e3o letal n\u00e3o \u00e9 100% garantida. H\u00e1 consequ\u00eancias no uso e por isso seremos muito rigorosos.\u201d Segundo ele, o equipamento possui uma mem\u00f3ria, que armazena o hist\u00f3rico dos \u00faltimos 1 mil choques: quando foram dados, hor\u00e1rio e tempo de disparo. \u201cIsso poder\u00e1 nos ajudar nos casos de abuso no uso da arma.\u201d<\/p>\n<p><strong>A Spark poder\u00e1 ser usada em ocorr\u00eancias que envolvam, no m\u00ednimo, tr\u00eas guardas. <\/strong>\u201cO objetivo \u00e9 a preserva\u00e7\u00e3o da vida, por isso a GM opta pelo uso dessa tecnologia, como o m\u00e1ximo de cuidado.<\/p>\n<p><strong>Por Luana Dias<br \/>\nFotos: Dorival Pinheiro Filho<\/strong><\/p>\n","protected":false},"excerpt":{"rendered":"<p>Spark, uma arma de eletrochoque, ser\u00e1 usada por 10 guardas. Jornalistas tamb\u00e9m fizeram curso de manuseio<\/p>\n","protected":false},"author":10,"featured_media":79351,"comment_status":"closed","ping_status":"closed","sticky":false,"template":"","format":"standard","meta":{"footnotes":""},"categories":[2],"tags":[31],"ods":[],"class_list":["post-79343","post","type-post","status-publish","format-standard","has-post-thumbnail","hentry","category-noticias","tag-guarda-municipal"],"_links":{"self":[{"href":"https:\/\/jundiai.sp.gov.br\/noticias\/wp-json\/wp\/v2\/posts\/79343","targetHints":{"allow":["GET"]}}],"collection":[{"href":"https:\/\/jundiai.sp.gov.br\/noticias\/wp-json\/wp\/v2\/posts"}],"about":[{"href":"https:\/\/jundiai.sp.gov.br\/noticias\/wp-json\/wp\/v2\/types\/post"}],"author":[{"embeddable":true,"href":"https:\/\/jundiai.sp.gov.br\/noticias\/wp-json\/wp\/v2\/users\/10"}],"replies":[{"embeddable":true,"href":"https:\/\/jundiai.sp.gov.br\/noticias\/wp-json\/wp\/v2\/comments?post=79343"}],"version-history":[{"count":3,"href":"https:\/\/jundiai.sp.gov.br\/noticias\/wp-json\/wp\/v2\/posts\/79343\/revisions"}],"predecessor-version":[{"id":132824,"href":"https:\/\/jundiai.sp.gov.br\/noticias\/wp-json\/wp\/v2\/posts\/79343\/revisions\/132824"}],"wp:featuredmedia":[{"embeddable":true,"href":"https:\/\/jundiai.sp.gov.br\/noticias\/wp-json\/"}],"wp:attachment":[{"href":"https:\/\/jundiai.sp.gov.br\/noticias\/wp-json\/wp\/v2\/media?parent=79343"}],"wp:term":[{"taxonomy":"category","embeddable":true,"href":"https:\/\/jundiai.sp.gov.br\/noticias\/wp-json\/wp\/v2\/categories?post=79343"},{"taxonomy":"post_tag","embeddable":true,"href":"https:\/\/jundiai.sp.gov.br\/noticias\/wp-json\/wp\/v2\/tags?post=79343"},{"taxonomy":"ods","embeddable":true,"href":"https:\/\/jundiai.sp.gov.br\/noticias\/wp-json\/wp\/v2\/ods?post=79343"}],"curies":[{"name":"wp","href":"https:\/\/api.w.org\/{rel}","templated":true}]}}