{"id":79348,"date":"2014-01-24T17:38:19","date_gmt":"2014-01-24T19:38:19","guid":{"rendered":"https:\/\/jundiai.sp.gov.br\/noticias\/?p=79348"},"modified":"2016-11-04T11:18:11","modified_gmt":"2016-11-04T13:18:11","slug":"arma-nao-letal-alunos-aprovam-capacitacao-da-gm-jundiai","status":"publish","type":"post","link":"https:\/\/jundiai.sp.gov.br\/noticias\/2014\/01\/24\/arma-nao-letal-alunos-aprovam-capacitacao-da-gm-jundiai\/","title":{"rendered":"Arma n\u00e3o letal: Alunos aprovam capacita\u00e7\u00e3o da GM Jundia\u00ed"},"content":{"rendered":"<p><strong>Quem participou da capacita\u00e7\u00e3o aprovou. &#8220;O curso foi muito completo. Eu n\u00e3o tinha nenhuma no\u00e7\u00e3o do manuseio do equipamento. Assimilamos bem o conte\u00fado&#8221;, destacou subsinpetor Paulo Henrique Munhoz, da GM Jundia\u00ed. Para ele, o fato de ter passado pela experi\u00eancia do choque faz toda a diferen\u00e7a. &#8220;Isso faz com que tenhamos mais cautela para o uso.&#8221;<\/strong><\/p>\n<p><strong>MAIS<br \/>\n<a href=\"https:\/\/jundiai.sp.gov.br\/noticias\/2014\/01\/guarda-municipal-forma-regiao-para-uso-de-arma-nao-letal\/\" target=\"_blank\">Guarda Municipal forma regi\u00e3o para uso de arma n\u00e3o letal<\/a><br \/>\n<a href=\"https:\/\/jundiai.sp.gov.br\/noticias\/2014\/01\/festa-da-uva-sera-o-primeiro-evento-com-armamento-nao-letal\/\" target=\"_blank\">Festa da Uva ser\u00e1 o primeiro evento com armamento n\u00e3o letal<\/a><\/strong><\/p>\n<div id=\"attachment_132472\" style=\"width: 610px\" class=\"wp-caption aligncenter\"><a href=\"https:\/\/jundiai.sp.gov.br\/noticias\/wp-content\/uploads\/sites\/32\/2014\/01\/Arma-n\u00e3o-letal-Alunos-aprovam-capacita\u00e7\u00e3o-da-GM-Jundia\u00ed-1.jpg\"><img loading=\"lazy\" decoding=\"async\" aria-describedby=\"caption-attachment-132472\" src=\"https:\/\/jundiai.sp.gov.br\/noticias\/wp-content\/uploads\/sites\/32\/2014\/01\/Arma-n\u00e3o-letal-Alunos-aprovam-capacita\u00e7\u00e3o-da-GM-Jundia\u00ed-1-720x492.jpg\" alt=\"Guardas e jornalistas participaram da capacita\u00e7\u00e3o\" width=\"600\" height=\"370\" class=\"size-large wp-image-132472\" \/><\/a><p id=\"caption-attachment-132472\" class=\"wp-caption-text\">Guardas e jornalistas participaram da capacita\u00e7\u00e3o<\/p><\/div>\n<p>J\u00e1 o inspetor Sandro Donizete Vilas Boas, da GM Jundia\u00ed, ressaltou que o cotidiano dos guardas ganha um importante aliado. &#8220;\u00c9 uma tecnologia n\u00e3o letal que pode ser aplicada a situa\u00e7\u00f5es espec\u00edficas. A popula\u00e7\u00e3o de Jundia\u00ed tamb\u00e9m ganha com isso, pois significa mais seguran\u00e7a.&#8221;<\/p>\n<div id=\"attachment_132474\" style=\"width: 410px\" class=\"wp-caption alignleft\"><a href=\"https:\/\/jundiai.sp.gov.br\/noticias\/wp-content\/uploads\/sites\/32\/2014\/01\/Arma-n\u00e3o-letal-Alunos-aprovam-capacita\u00e7\u00e3o-da-GM-Jundia\u00ed-2.jpg\"><img loading=\"lazy\" decoding=\"async\" aria-describedby=\"caption-attachment-132474\" src=\"https:\/\/jundiai.sp.gov.br\/noticias\/wp-content\/uploads\/sites\/32\/2014\/01\/Arma-n\u00e3o-letal-Alunos-aprovam-capacita\u00e7\u00e3o-da-GM-Jundia\u00ed-2-720x567.jpg\" alt=\"Subinspetor Munhoz aprovou conte\u00fado\" width=\"400\" height=\"370\" class=\"size-large wp-image-132474\" \/><\/a><p id=\"caption-attachment-132474\" class=\"wp-caption-text\">Subinspetor Munhoz aprovou conte\u00fado<\/p><\/div>\n<p>Na regi\u00e3o, os guardas j\u00e1 fazem planos. &#8220;Em Jarinu a GM est\u00e1 sendo formada agora. Em breve, ganharemos 15 pessoas. E, por enquanto, n\u00e3o temos autoriza\u00e7\u00e3o para uso de arma letal. Empregaremos a tecnologia da Spark para ajudar no dia a dia&#8221;, disse o subcomandante Renato Marchesin Mansano, ressaltando que a corpora\u00e7\u00e3o em breve vai adquirir o equipamento.<\/p>\n<p><strong>A arma<br \/>\n<\/strong>A Spark DSK700 funciona com frequ\u00eancia de alta voltagem e frequ\u00eancia de baixa amperagem. A arma \u00e9 fabricada no Brasil e, diferentemente de concorrentes internacionais, funciona com 40% menos de energia, garantindo mais seguran\u00e7a na incapacita\u00e7\u00e3o do indiv\u00edduo. A compra s\u00f3 pode ser feita com autoriza\u00e7\u00e3o do Ex\u00e9rcito.<\/p>\n<p>H\u00e1 pontos preferenciais para o contato: peitoral e parte superior das costas; lado esquerdo e direito do abdome, n\u00e1degas, coxas e pernas acima dos joelhos, bra\u00e7o e antebra\u00e7o. Entre as \u00e1reas a serem evitadas, est\u00e3o a cabe\u00e7a, garganta, coluna cervical, virilha, seios e pesco\u00e7o.<\/p>\n<p><strong>Por Luana Dias<br \/>\nFotos: Dorival Pinheiro Filho<\/strong><\/p>\n","protected":false},"excerpt":{"rendered":"<p>Quem participou da capacita\u00e7\u00e3o aprovou. &#8220;O curso foi muito completo. Eu n\u00e3o tinha nenhuma no\u00e7\u00e3o do manuseio do equipamento. Assimilamos bem o conte\u00fado&#8221;, destacou subsinpetor Paulo Henrique Munhoz, da GM Jundia\u00ed. Para ele, o fato de ter passado pela experi\u00eancia do choque faz toda a diferen\u00e7a. &#8220;Isso faz com que tenhamos mais cautela para o [&hellip;]<\/p>\n","protected":false},"author":10,"featured_media":0,"comment_status":"closed","ping_status":"closed","sticky":false,"template":"","format":"standard","meta":{"footnotes":""},"categories":[2],"tags":[31],"ods":[],"class_list":["post-79348","post","type-post","status-publish","format-standard","hentry","category-noticias","tag-guarda-municipal"],"_links":{"self":[{"href":"https:\/\/jundiai.sp.gov.br\/noticias\/wp-json\/wp\/v2\/posts\/79348","targetHints":{"allow":["GET"]}}],"collection":[{"href":"https:\/\/jundiai.sp.gov.br\/noticias\/wp-json\/wp\/v2\/posts"}],"about":[{"href":"https:\/\/jundiai.sp.gov.br\/noticias\/wp-json\/wp\/v2\/types\/post"}],"author":[{"embeddable":true,"href":"https:\/\/jundiai.sp.gov.br\/noticias\/wp-json\/wp\/v2\/users\/10"}],"replies":[{"embeddable":true,"href":"https:\/\/jundiai.sp.gov.br\/noticias\/wp-json\/wp\/v2\/comments?post=79348"}],"version-history":[{"count":2,"href":"https:\/\/jundiai.sp.gov.br\/noticias\/wp-json\/wp\/v2\/posts\/79348\/revisions"}],"predecessor-version":[{"id":132475,"href":"https:\/\/jundiai.sp.gov.br\/noticias\/wp-json\/wp\/v2\/posts\/79348\/revisions\/132475"}],"wp:attachment":[{"href":"https:\/\/jundiai.sp.gov.br\/noticias\/wp-json\/wp\/v2\/media?parent=79348"}],"wp:term":[{"taxonomy":"category","embeddable":true,"href":"https:\/\/jundiai.sp.gov.br\/noticias\/wp-json\/wp\/v2\/categories?post=79348"},{"taxonomy":"post_tag","embeddable":true,"href":"https:\/\/jundiai.sp.gov.br\/noticias\/wp-json\/wp\/v2\/tags?post=79348"},{"taxonomy":"ods","embeddable":true,"href":"https:\/\/jundiai.sp.gov.br\/noticias\/wp-json\/wp\/v2\/ods?post=79348"}],"curies":[{"name":"wp","href":"https:\/\/api.w.org\/{rel}","templated":true}]}}