{"id":79350,"date":"2014-01-24T17:44:52","date_gmt":"2014-01-24T19:44:52","guid":{"rendered":"https:\/\/jundiai.sp.gov.br\/noticias\/?p=79350"},"modified":"2016-11-04T11:18:10","modified_gmt":"2016-11-04T13:18:10","slug":"festa-da-uva-sera-o-primeiro-evento-com-armamento-nao-letal","status":"publish","type":"post","link":"https:\/\/jundiai.sp.gov.br\/noticias\/2014\/01\/24\/festa-da-uva-sera-o-primeiro-evento-com-armamento-nao-letal\/","title":{"rendered":"Festa da Uva ser\u00e1 o primeiro evento com armamento n\u00e3o letal"},"content":{"rendered":"<p>O primeiro grande evento na qual os GMs estar\u00e3o equipados com a nova tecnologia \u00e9 a 31\u00aa Festa da Uva, que ocorre nos dias 30 e 31 de janeiro; e 1, 2, 7, 8, 9, 14, 15 e 16 de fevereiro, no Parque Comendador Ant\u00f4nio Carbonari, o Parque da Uva.<\/p>\n<p><strong>MAIS<br \/>\n<a href=\"https:\/\/jundiai.sp.gov.br\/noticias\/2014\/01\/guarda-municipal-forma-regiao-para-uso-de-arma-nao-letal\/\" target=\"_blank\">Guarda Municipal forma regi\u00e3o para uso de arma n\u00e3o letal<\/a><br \/>\n<a href=\"https:\/\/jundiai.sp.gov.br\/noticias\/2014\/01\/arma-nao-letal-alunos-aprovam-capacitacao-da-gm-jundiai\/\" target=\"_blank\">Alunos aprovam capacita\u00e7\u00e3o da GM Jundia\u00ed<\/a><\/strong><\/p>\n<div id=\"attachment_132421\" style=\"width: 410px\" class=\"wp-caption alignleft\"><a href=\"https:\/\/jundiai.sp.gov.br\/noticias\/wp-content\/uploads\/sites\/32\/2014\/01\/Festa-da-Uva-ser\u00e1-o-primeiro-evento-com-armamento-n\u00e3o-letal.jpg\"><img loading=\"lazy\" decoding=\"async\" aria-describedby=\"caption-attachment-132421\" src=\"https:\/\/jundiai.sp.gov.br\/noticias\/wp-content\/uploads\/sites\/32\/2014\/01\/Festa-da-Uva-ser\u00e1-o-primeiro-evento-com-armamento-n\u00e3o-letal-720x481.jpg\" alt=\"Ferraz frisa uso na preven\u00e7\u00e3o prim\u00e1ria\" width=\"400\" height=\"400\" class=\"size-large wp-image-132421\" \/><\/a><p id=\"caption-attachment-132421\" class=\"wp-caption-text\">Ferraz frisa uso na preven\u00e7\u00e3o prim\u00e1ria<\/p><\/div>\n<p>Atualmente, a cidade tem 10 armas Spark. Outras 10 j\u00e1 foram adquiridas e aguardam a entrega do fabricante. Mais 40 delas devem chegar at\u00e9 o final do primeiro semestre, por meio do programa &#8216;Crack \u00e9 Poss\u00edvel Vencer&#8217;, do Governo Federal.<\/p>\n<p>De acordo com o comandante da GM, Jos\u00e9 Roberto Ferraz, al\u00e9m de grandes eventos, os equipamentos ser\u00e3o usados ainda em pr\u00f3prios municipais e locais fechados, j\u00e1 que, segundo o Estatuto do Desarmamento, dentro desses ambientes n\u00e3o se pode usar equipamento letal.<\/p>\n<p>&#8220;O patrulhamento comunit\u00e1rio \u00e9 uma orienta\u00e7\u00e3o desse governo. Aliada a isso, atendemos a orienta\u00e7\u00e3o da Secretaria Nacional de Seguran\u00e7a P\u00fablica para que as for\u00e7as policiais atuem com o uso progressivo da for\u00e7a.&#8221;<\/p>\n<p>Ele frisa que esse treinamento \u00e9 apenas o come\u00e7o. &#8220;\u00c9 uma tend\u00eancia que o GM se recicle e aprenda cada vez mais. Esses cursos nos abrem um leque de possibilidades. A proposta \u00e9 dar o treinamento da Spark para todos os guardas. Al\u00e9m disso, pretendemos seguir capacitando os GMs da regi\u00e3o.&#8221;<\/p>\n<p>Segundo ele, outras corpora\u00e7\u00f5es j\u00e1 entraram em contato pedindo o treinamento. &#8220;Vamos atender a demanda dentro das nossas possibilidades.&#8221;<\/p>\n<p>Sobre a escolha da Spark, o comandante destaca que esse arma distingue a GM com rela\u00e7\u00e3o \u00e0 compet\u00eancia da GM na Seguran\u00e7a P\u00fablica. &#8220;Realizamos a preven\u00e7\u00e3o prim\u00e1ria. Essa \u00e9 uma concep\u00e7\u00e3o inovadora. \u00c9 uma arma para inibir o indiv\u00edduo e n\u00e3o elimin\u00e1-lo.&#8221;<br \/>\n<strong><br \/>\nPor Luana Dias<br \/>\nFotos: Dorival Pinheiro Filho<\/strong><\/p>\n","protected":false},"excerpt":{"rendered":"<p>O primeiro grande evento na qual os GMs estar\u00e3o equipados com a nova tecnologia \u00e9 a 31\u00aa Festa da Uva, que ocorre nos dias 30 e 31 de janeiro; e 1, 2, 7, 8, 9, 14, 15 e 16 de fevereiro, no Parque Comendador Ant\u00f4nio Carbonari, o Parque da Uva. MAIS Guarda Municipal forma regi\u00e3o [&hellip;]<\/p>\n","protected":false},"author":11,"featured_media":0,"comment_status":"closed","ping_status":"closed","sticky":false,"template":"","format":"standard","meta":{"footnotes":""},"categories":[2],"tags":[41,199,31],"ods":[],"class_list":["post-79350","post","type-post","status-publish","format-standard","hentry","category-noticias","tag-agricultura-abastecimento-e-turismo","tag-festa-da-uva-2014","tag-guarda-municipal"],"_links":{"self":[{"href":"https:\/\/jundiai.sp.gov.br\/noticias\/wp-json\/wp\/v2\/posts\/79350","targetHints":{"allow":["GET"]}}],"collection":[{"href":"https:\/\/jundiai.sp.gov.br\/noticias\/wp-json\/wp\/v2\/posts"}],"about":[{"href":"https:\/\/jundiai.sp.gov.br\/noticias\/wp-json\/wp\/v2\/types\/post"}],"author":[{"embeddable":true,"href":"https:\/\/jundiai.sp.gov.br\/noticias\/wp-json\/wp\/v2\/users\/11"}],"replies":[{"embeddable":true,"href":"https:\/\/jundiai.sp.gov.br\/noticias\/wp-json\/wp\/v2\/comments?post=79350"}],"version-history":[{"count":2,"href":"https:\/\/jundiai.sp.gov.br\/noticias\/wp-json\/wp\/v2\/posts\/79350\/revisions"}],"predecessor-version":[{"id":132423,"href":"https:\/\/jundiai.sp.gov.br\/noticias\/wp-json\/wp\/v2\/posts\/79350\/revisions\/132423"}],"wp:attachment":[{"href":"https:\/\/jundiai.sp.gov.br\/noticias\/wp-json\/wp\/v2\/media?parent=79350"}],"wp:term":[{"taxonomy":"category","embeddable":true,"href":"https:\/\/jundiai.sp.gov.br\/noticias\/wp-json\/wp\/v2\/categories?post=79350"},{"taxonomy":"post_tag","embeddable":true,"href":"https:\/\/jundiai.sp.gov.br\/noticias\/wp-json\/wp\/v2\/tags?post=79350"},{"taxonomy":"ods","embeddable":true,"href":"https:\/\/jundiai.sp.gov.br\/noticias\/wp-json\/wp\/v2\/ods?post=79350"}],"curies":[{"name":"wp","href":"https:\/\/api.w.org\/{rel}","templated":true}]}}