{"id":79793,"date":"2014-01-30T22:54:22","date_gmt":"2014-01-31T00:54:22","guid":{"rendered":"https:\/\/jundiai.sp.gov.br\/noticias\/?p=79793"},"modified":"2016-11-04T11:17:40","modified_gmt":"2016-11-04T13:17:40","slug":"festa-da-uva-80-anos-alegria-esta-de-volta-ao-parque-antonio-carbonari","status":"publish","type":"post","link":"https:\/\/jundiai.sp.gov.br\/noticias\/2014\/01\/30\/festa-da-uva-80-anos-alegria-esta-de-volta-ao-parque-antonio-carbonari\/","title":{"rendered":"Festa da Uva: Alegria est\u00e1 de volta ao Pq. Antonio Carbonari"},"content":{"rendered":"<p><strong>A alegria tomou conta da abertura da <a href=\"http:\/\/festadauva.jundiai.sp.gov.br\/\" target=\"_blank\"><strong>31\u00aa Festa da Uva e da 2\u00aa Expo Vinhos<\/strong><\/a>, na noite desta quinta-feira (30), no Parque Comendador Antonio Carbonari (Parque da Uva), com a presen\u00e7a do prefeito Pedro Bigardi e da primeira-dama Margarete Geraldo Bigardi. O evento completa 80 anos. A secret\u00e1ria de Estado da Agricultura e Abastecimento, M\u00f4nika Bergamaschi, representou o governador Geraldo Alckmin na solenidade.<\/strong><\/p>\n<p><strong>MAIS<br \/>\n<a href=\"festadauva.jundiai.sp.gov.br\" target=\"_blank\">Acesse o site da Festa da Uva de Jundia\u00ed<\/a><br \/>\n<a href=\"http:\/\/www.flickr.com\/photos\/prefeituradejundiai\/sets\/72157638142677085\/\" target=\"_blank\">Confira as fotos do evento<\/a><\/strong><\/p>\n<div id=\"attachment_131877\" style=\"width: 410px\" class=\"wp-caption alignleft\"><a href=\"https:\/\/jundiai.sp.gov.br\/noticias\/wp-content\/uploads\/sites\/32\/2014\/01\/Festa-da-Uva-Alegria-est\u00e1-de-volta-ao-Pq.-Antonio-Carbonari-1.jpg\"><img loading=\"lazy\" decoding=\"async\" aria-describedby=\"caption-attachment-131877\" src=\"https:\/\/jundiai.sp.gov.br\/noticias\/wp-content\/uploads\/sites\/32\/2014\/01\/Festa-da-Uva-Alegria-est\u00e1-de-volta-ao-Pq.-Antonio-Carbonari-1-720x571.jpg\" alt=\"Prefeito Pedro Bigardi e K\u00e1tia, dona da melhor fotografia\" width=\"400\" height=\"400\" class=\"size-large wp-image-131877\" \/><\/a><p id=\"caption-attachment-131877\" class=\"wp-caption-text\">Prefeito Pedro Bigardi e K\u00e1tia, dona da melhor fotografia<\/p><\/div>\n<p>\u201cA hist\u00f3ria de Jundia\u00ed se fez a partir da agricultura, que representa o desenvolvimento econ\u00f4mico da nossa cidade, a cultura e o patrim\u00f4nio ambiental\u201d, destacou o prefeito, ao salientar a preocupa\u00e7\u00e3o da Prefeitura em resgatar e valorizar o produtor de uva e as fam\u00edlias que moram em \u00e1reas rurais. \u201cPor transformarmos a Festa da Uva num evento anual, conseguimos crescer e ganhar em estrutura, como \u00e9 poss\u00edvel ver aqui.\u201d<\/p>\n<p>Para o secret\u00e1rio de Agricultura, Abastecimento e Turismo, Marcos Brunholi, o evento \u00e9 uma radiografia da agricultura de Jundia\u00ed por reunir produtores da fruta e do vinho. \u201c\u00c9 um setor pujante e a festa vem mostrar que a cidade tem potencial agr\u00edcola\u201d, afirma.<\/p>\n<p>A secret\u00e1ria de Agricultura e Abastecimento do Estado, M\u00f4nika Bergamaschi elogiou o evento. \u201cTrago um abra\u00e7o do governador e parabenizo a iniciativa de resgatar a origem do setor\u201d, diz. \u201cOs agricultores s\u00e3o dignos das maiores e melhores homenagens\u201d, afirma.<\/p>\n<p><strong><b>Concurso de fotos\u00a0<\/b><\/strong><br \/>\nAp\u00f3s a solenidade oficial, foram divulgadas as 10 primeiras fotos premiadas do concurso \u201cJundia\u00ed Terra da Uva e Vinho\u201d. A recepcionista K\u00e1tia Tha\u00eds Appolin\u00e1rio Santos, 19 anos, ficou com o primeiro lugar. Moradora do bairro Cidade Jardim, K\u00e1tia diz que a paix\u00e3o por arte existe desde pequena. \u201cE a fotografia acompanhou\u201d, diz, ao afirmar que pretende seguir carreira nessa \u00e1rea.<\/p>\n<p>Quando soube do concurso, foi at\u00e9 o bairro Bom Jardim e conversou com uma fam\u00edlia produtora de uva para autoriza\u00e7\u00e3o dos cliques. \u201cN\u00e3o tinha ideia de que poderia ganhar o pr\u00eamio m\u00e1ximo, me surpreendi\u201d, diz. \u00a0O segundo lugar ficou para F\u00e1bio Min e a terceira foto premiada foi clicada por Daniela Lavingnatti.<\/p>\n<div id=\"attachment_131879\" style=\"width: 410px\" class=\"wp-caption alignright\"><a href=\"https:\/\/jundiai.sp.gov.br\/noticias\/wp-content\/uploads\/sites\/32\/2014\/01\/Festa-da-Uva-Alegria-est\u00e1-de-volta-ao-Pq.-Antonio-Carbonari-2.jpg\"><img loading=\"lazy\" decoding=\"async\" aria-describedby=\"caption-attachment-131879\" src=\"https:\/\/jundiai.sp.gov.br\/noticias\/wp-content\/uploads\/sites\/32\/2014\/01\/Festa-da-Uva-Alegria-est\u00e1-de-volta-ao-Pq.-Antonio-Carbonari-2-720x494.jpg\" alt=\"Uva \u00e9 destaque: evento ter\u00e1 tr\u00eas finais de semana\" width=\"400\" height=\"400\" class=\"size-large wp-image-131879\" \/><\/a><p id=\"caption-attachment-131879\" class=\"wp-caption-text\">Uva \u00e9 destaque: evento ter\u00e1 tr\u00eas finais de semana<\/p><\/div>\n<p><strong>Exposi\u00e7\u00e3o <\/strong><br \/>\nA noite tamb\u00e9m foi de premia\u00e7\u00e3o aos produtores da fruta, com a tradicional exposi\u00e7\u00e3o de uvas. No quesito apresenta\u00e7\u00e3o, os produtores que ficaram em primeiro lugar foram: Diego Bras\u00edlio, com a variedade Benitaka; Eva de Proen\u00e7a, com a Centennial; Roseani Ferreira da Concei\u00e7\u00e3o, com a uva It\u00e1lia; Rose Donati, com a Brasil; Anderson Alex Tomasetto, com a variedade Ni\u00e1gara Rosada; e Cosme Anivaldo Lourezon, com a uva Ni\u00e1gara Branca.<\/p>\n<p>No quesito embalagem ficaram em primeiro lugar: Andr\u00e9 Michelin, com a Ni\u00e1gara Branca; e Anderson Alex Tomasetto, com a Ni\u00e1gara Rosada. Novos julgamentos ser\u00e3o feitos nos dias 7 e 14 de fevereiro. Os produtores interessados em participar devem comparecer com a fruta das 8h \u00e0s 13h. A comiss\u00e3o julgadora far\u00e1 a avalia\u00e7\u00e3o \u00e0s 14h.<\/p>\n<p><strong><b>Pisa da Uva<\/b><\/strong><br \/>\nO primeiro dia da edi\u00e7\u00e3o de 2014 foi encerrada com a primeira cerim\u00f4nia da pisa da uva, pelo grupo Stella Bianca.\u00a0Os eventos continuam por tr\u00eas finais de semana (de sexta-feira a domingo), at\u00e9 o dia 16 &#8211; um a mais que em 2013.<\/p>\n<p>Ao todo, ser\u00e3o 10 dias de festa, \u00e0s sextas-feiras, das 18h \u00e0s 22h, aos s\u00e1bados, das 10h \u00e0s 22h, e aos domingos, das 10h \u00e0s 20h.<br \/>\n<strong><br \/>\nPor Kadija Rodrigues<br \/>\nFotos: Dorival Pinheiro Filho<\/strong><\/p>\n","protected":false},"excerpt":{"rendered":"<p>Festa prossegue na sexta (31) e nos dias 1, 2, 7, 8, 9, 14, 15 e 16 de fevereiro, com entrada gratuita<\/p>\n","protected":false},"author":11,"featured_media":79284,"comment_status":"closed","ping_status":"closed","sticky":false,"template":"","format":"standard","meta":{"footnotes":""},"categories":[2],"tags":[41,199],"ods":[],"class_list":["post-79793","post","type-post","status-publish","format-standard","has-post-thumbnail","hentry","category-noticias","tag-agricultura-abastecimento-e-turismo","tag-festa-da-uva-2014"],"_links":{"self":[{"href":"https:\/\/jundiai.sp.gov.br\/noticias\/wp-json\/wp\/v2\/posts\/79793","targetHints":{"allow":["GET"]}}],"collection":[{"href":"https:\/\/jundiai.sp.gov.br\/noticias\/wp-json\/wp\/v2\/posts"}],"about":[{"href":"https:\/\/jundiai.sp.gov.br\/noticias\/wp-json\/wp\/v2\/types\/post"}],"author":[{"embeddable":true,"href":"https:\/\/jundiai.sp.gov.br\/noticias\/wp-json\/wp\/v2\/users\/11"}],"replies":[{"embeddable":true,"href":"https:\/\/jundiai.sp.gov.br\/noticias\/wp-json\/wp\/v2\/comments?post=79793"}],"version-history":[{"count":2,"href":"https:\/\/jundiai.sp.gov.br\/noticias\/wp-json\/wp\/v2\/posts\/79793\/revisions"}],"predecessor-version":[{"id":131880,"href":"https:\/\/jundiai.sp.gov.br\/noticias\/wp-json\/wp\/v2\/posts\/79793\/revisions\/131880"}],"wp:featuredmedia":[{"embeddable":true,"href":"https:\/\/jundiai.sp.gov.br\/noticias\/wp-json\/"}],"wp:attachment":[{"href":"https:\/\/jundiai.sp.gov.br\/noticias\/wp-json\/wp\/v2\/media?parent=79793"}],"wp:term":[{"taxonomy":"category","embeddable":true,"href":"https:\/\/jundiai.sp.gov.br\/noticias\/wp-json\/wp\/v2\/categories?post=79793"},{"taxonomy":"post_tag","embeddable":true,"href":"https:\/\/jundiai.sp.gov.br\/noticias\/wp-json\/wp\/v2\/tags?post=79793"},{"taxonomy":"ods","embeddable":true,"href":"https:\/\/jundiai.sp.gov.br\/noticias\/wp-json\/wp\/v2\/ods?post=79793"}],"curies":[{"name":"wp","href":"https:\/\/api.w.org\/{rel}","templated":true}]}}