{"id":79865,"date":"2014-01-31T22:39:11","date_gmt":"2014-02-01T00:39:11","guid":{"rendered":"https:\/\/jundiai.sp.gov.br\/noticias\/?p=79865"},"modified":"2016-11-04T11:17:33","modified_gmt":"2016-11-04T13:17:33","slug":"festa-da-uva-80-anos-familias-aproveitam-noite-de-calor","status":"publish","type":"post","link":"https:\/\/jundiai.sp.gov.br\/noticias\/2014\/01\/31\/festa-da-uva-80-anos-familias-aproveitam-noite-de-calor\/","title":{"rendered":"Festa da Uva 80 anos: Fam\u00edlias aproveitam noite de calor"},"content":{"rendered":"<div id=\"attachment_131763\" style=\"width: 610px\" class=\"wp-caption aligncenter\"><a href=\"https:\/\/jundiai.sp.gov.br\/noticias\/wp-content\/uploads\/sites\/32\/2014\/01\/Festa-da-Uva-80-anos-Fam\u00edlias-aproveitam-noite-de-calor-1.jpg\"><img loading=\"lazy\" decoding=\"async\" aria-describedby=\"caption-attachment-131763\" src=\"https:\/\/jundiai.sp.gov.br\/noticias\/wp-content\/uploads\/sites\/32\/2014\/01\/Festa-da-Uva-80-anos-Fam\u00edlias-aproveitam-noite-de-calor-1-720x532.jpg\" alt=\"P\u00fablico prestigiou a apresenta\u00e7\u00e3o da Cia. Paulista com a pe\u00e7a \u201cBrava M\u00e9rica\u201d\" width=\"600\" height=\"600\" class=\"size-large wp-image-131763\" \/><\/a><p id=\"caption-attachment-131763\" class=\"wp-caption-text\">P\u00fablico prestigiou a apresenta\u00e7\u00e3o da Cia. Paulista com a pe\u00e7a \u201cBrava M\u00e9rica\u201d<\/p><\/div>\n<p><strong>O comprador Cl\u00e1udio Bruno, 48 anos, aproveitou a noite calorosa desta sexta-feira (31) para passear com a fam\u00edlia na <a href=\"http:\/\/festadauva.jundiai.sp.gov.br\/\" target=\"_blank\"><strong>31\u00aa Festa da Uva e 2\u00aa Expo Vinhos<\/strong><\/a>, que acontecem no Parque Comendador Ant\u00f4nio Carbonari (Parque da Uva). Os eventos seguem neste e nos pr\u00f3ximos fins de semana. <\/strong><\/p>\n<p><strong>MAIS<br \/>\n<a href=\"http:\/\/www.flickr.com\/photos\/prefeituradejundiai\/sets\/72157638142677085\/\" target=\"_blank\">Confira o \u00e1lbum de fotos do evento<\/strong><\/a><br \/>\n<a href=\"https:\/\/jundiai.sp.gov.br\/noticias\/2014\/01\/desfile-de-carro-antigo-sera-no-domingo-2\/\" target=\"_blank\"><strong>Desfile de carro antigo ser\u00e1 no domingo (2)<\/strong><\/a><br \/>\n<a href=\"https:\/\/jundiai.sp.gov.br\/noticias\/2014\/01\/festa-da-uva-80-anos-alegria-esta-de-volta-ao-parque-antonio-carbonari\/\" target=\"_blank\"><strong>Festa da Uva: Alegria est\u00e1 de volta ao Pq. Antonio Carbonari<\/strong><\/a><br \/>\n<a href=\"https:\/\/jundiai.sp.gov.br\/noticias\/2014\/01\/festa-da-uva-2014-tera-mais-de-140-atracoes-culturais\/\" target=\"_blank\"><strong>Festa da Uva 2014 ter\u00e1 mais de 140 atra\u00e7\u00f5es culturais<\/strong><\/a><br \/>\n<a href=\"https:\/\/jundiai.sp.gov.br\/noticias\/2014\/01\/workshops-culinarios-reunem-30-saborosas-receitas\/\" target=\"_blank\"><strong>Workshops culin\u00e1rios re\u00fanem 30 saborosas receitas<\/strong><\/a><\/p>\n<p><div id=\"attachment_131764\" style=\"width: 410px\" class=\"wp-caption alignright\"><a href=\"https:\/\/jundiai.sp.gov.br\/noticias\/wp-content\/uploads\/sites\/32\/2014\/01\/Festa-da-Uva-80-anos-Fam\u00edlias-aproveitam-noite-de-calor-2.jpg\"><img loading=\"lazy\" decoding=\"async\" aria-describedby=\"caption-attachment-131764\" src=\"https:\/\/jundiai.sp.gov.br\/noticias\/wp-content\/uploads\/sites\/32\/2014\/01\/Festa-da-Uva-80-anos-Fam\u00edlias-aproveitam-noite-de-calor-2-720x522.jpg\" alt=\"Alexandre Re e a banda Se Liga A\u00ed se apresentaram na primeira sexta-feira da festa\" width=\"400\" height=\"400\" class=\"size-large wp-image-131764\" \/><\/a><p id=\"caption-attachment-131764\" class=\"wp-caption-text\">Alexandre Re e a banda Se Liga A\u00ed se apresentaram na primeira sexta-feira da festa<\/p><\/div>Cl\u00e1udio se mudou para Jundia\u00ed h\u00e1 um m\u00eas e deixou para tr\u00e1s a vida corrida de Guarulhos. <\/p>\n<p>\u201cJ\u00e1 conhec\u00edamos a festa, mas gostamos desse novo formato, mais fam\u00edlia e acolhedor\u201d, destaca o comprador enquanto saboreava um dos pratos vendidos no Espa\u00e7o Deguste. Acostumado a frequentar festas tradicionais de v\u00e1rias cidades, ele pretende voltar nos pr\u00f3ximos fins de semana para experimentar outros pratos.<\/p>\n<p>J\u00e1 o operador S\u00e9rgio Ant\u00f4nio Fernandes, 44 anos, nem bem chegou \u00e0 festa e teve de correr para o Espa\u00e7o Infantil com as suas duas filhas. \u201cAproveitamos que hoje \u00e9 mais tranquilo e elas v\u00e3o poder curtir bastante os brinquedos\u201d, diz, enquanto filmava uma das meninas dentro da bola aqu\u00e1tica. O espa\u00e7o foi ampliado para atender melhor a demanda. Em 2013, foram 24 mil crian\u00e7as que passaram por ali e a proposta \u00e9 que neste ano o n\u00famero seja ainda maior.<\/p>\n<p><strong>Fim de Semana<\/strong><br \/>\nA festa e a exposi\u00e7\u00e3o seguem neste s\u00e1bado (1). Os shows come\u00e7am \u00e0s 14h, com a Orquestra de Viola Caipira de Jundia\u00ed, no palco interno, e Sertanight, no coreto 1. Ainda no palco interno, se apresentam Jo\u00e3o Ormond, \u00e0s 17h, Cia. Dan\u00e7a Kahal, \u00e0s 19h, e Giuliano Neri, \u00e0s 20h30. No palco externo, as atra\u00e7\u00f5es come\u00e7am \u00e0s 18h, com a banda Kintana, Banda Mais do Mesmo, \u00e0s 19h30, e M\u00e1rcio Masesia, \u00e0s 21h, entre outras atra\u00e7\u00f5es.<br \/>\n<div style=\"width: 410px\" class=\"wp-caption alignleft\"><a href=\"https:\/\/jundiai.sp.gov.br\/noticias\/wp-content\/uploads\/sites\/32\/2014\/01\/CDA9456_G.jpg\"><img loading=\"lazy\" decoding=\"async\" src=\"https:\/\/jundiai.sp.gov.br\/noticias\/wp-content\/uploads\/sites\/32\/2014\/01\/CDA9456_G.jpg\" width=\"400\" height=\"400\" class \/><\/a><p class=\"wp-caption-text\">Festa prossegue neste e nos pr\u00f3ximos fins de semana, com atra\u00e7\u00f5es para toda fam\u00edlia<\/p><\/div>No domingo (2), a programa\u00e7\u00e3o come\u00e7a cedo, mas longe do Parque da Uva. O Desfile do Clube do Carro Antigo de Jundia\u00ed sair\u00e1 do Pa\u00e7o Municipal, \u00e0s 10h, e seguir\u00e1 pela avenida Nove de Julho. Os carros antigos ficar\u00e3o em exposi\u00e7\u00e3o durante o dia todo e os participantes ser\u00e3o recebidos com os shows das bandas Ted Nicotina e Os Alcatr\u00f5es, \u00e0s 11h, e Old Black Joe, \u00e0s 13h.<\/p>\n<p><strong>Servi\u00e7o<\/strong><br \/>\nA 31\u00aa Festa da Uva e 2\u00aa Expo Vinhos seguem nos dias 1, 2, 7, 8, 9, 14, 15 e 16 de fevereiro. \u00c0s sextas-feiras, o hor\u00e1rio \u00e9 das 18h \u00e0s 22h, aos s\u00e1bados das 10h \u00e0s 22h, e domingos, das 10h \u00e0s 20h. Os eventos t\u00eam entrada gratuita.<\/p>\n<p><em><strong>Kadija Rodrigues<br \/>\nFoto: Cleber de Almeida<\/strong><\/em><\/p>\n","protected":false},"excerpt":{"rendered":"<p>Confira a rela\u00e7\u00e3o completa das atra\u00e7\u00f5es da Festa para o fim de semana e programe-se <\/p>\n","protected":false},"author":10,"featured_media":79871,"comment_status":"closed","ping_status":"closed","sticky":false,"template":"","format":"standard","meta":{"footnotes":""},"categories":[2],"tags":[41,199],"ods":[],"class_list":["post-79865","post","type-post","status-publish","format-standard","has-post-thumbnail","hentry","category-noticias","tag-agricultura-abastecimento-e-turismo","tag-festa-da-uva-2014"],"_links":{"self":[{"href":"https:\/\/jundiai.sp.gov.br\/noticias\/wp-json\/wp\/v2\/posts\/79865","targetHints":{"allow":["GET"]}}],"collection":[{"href":"https:\/\/jundiai.sp.gov.br\/noticias\/wp-json\/wp\/v2\/posts"}],"about":[{"href":"https:\/\/jundiai.sp.gov.br\/noticias\/wp-json\/wp\/v2\/types\/post"}],"author":[{"embeddable":true,"href":"https:\/\/jundiai.sp.gov.br\/noticias\/wp-json\/wp\/v2\/users\/10"}],"replies":[{"embeddable":true,"href":"https:\/\/jundiai.sp.gov.br\/noticias\/wp-json\/wp\/v2\/comments?post=79865"}],"version-history":[{"count":2,"href":"https:\/\/jundiai.sp.gov.br\/noticias\/wp-json\/wp\/v2\/posts\/79865\/revisions"}],"predecessor-version":[{"id":131765,"href":"https:\/\/jundiai.sp.gov.br\/noticias\/wp-json\/wp\/v2\/posts\/79865\/revisions\/131765"}],"wp:featuredmedia":[{"embeddable":true,"href":"https:\/\/jundiai.sp.gov.br\/noticias\/wp-json\/"}],"wp:attachment":[{"href":"https:\/\/jundiai.sp.gov.br\/noticias\/wp-json\/wp\/v2\/media?parent=79865"}],"wp:term":[{"taxonomy":"category","embeddable":true,"href":"https:\/\/jundiai.sp.gov.br\/noticias\/wp-json\/wp\/v2\/categories?post=79865"},{"taxonomy":"post_tag","embeddable":true,"href":"https:\/\/jundiai.sp.gov.br\/noticias\/wp-json\/wp\/v2\/tags?post=79865"},{"taxonomy":"ods","embeddable":true,"href":"https:\/\/jundiai.sp.gov.br\/noticias\/wp-json\/wp\/v2\/ods?post=79865"}],"curies":[{"name":"wp","href":"https:\/\/api.w.org\/{rel}","templated":true}]}}