{"id":80006,"date":"2014-02-04T17:23:41","date_gmt":"2014-02-04T19:23:41","guid":{"rendered":"https:\/\/jundiai.sp.gov.br\/noticias\/?p=80006"},"modified":"2016-11-04T10:55:53","modified_gmt":"2016-11-04T12:55:53","slug":"obras-da-dae-alteram-transito-na-vila-comercial","status":"publish","type":"post","link":"https:\/\/jundiai.sp.gov.br\/noticias\/2014\/02\/04\/obras-da-dae-alteram-transito-na-vila-comercial\/","title":{"rendered":"Obras da DAE alteram tr\u00e2nsito na Vila Comercial"},"content":{"rendered":"<p>Os motoristas que passarem pela regi\u00e3o da Vila Comercial nesta quarta-feira (5) precisam observar a sinaliza\u00e7\u00e3o nas imedia\u00e7\u00f5es da rua Jo\u00e3o P\u00edccolo, que ter\u00e1 o tr\u00e2nsito interditado no hor\u00e1rio das 8h \u00e0s 16h. O motivo s\u00e3o obras emergenciais que a DAE realizar\u00e1 na rede de esgoto e a interdi\u00e7\u00e3o se dar\u00e1 entre as ruas Igua\u00e7u e G\u00e1lia.<\/p>\n<p>Dessa forma, os motoristas podem utilizar o desvio alternativo, pela rua Ibipor\u00e3. A Secretaria Municipal de Transportes, por meio da Divis\u00e3o de Tr\u00e2nsito, promover\u00e1 ampla sinaliza\u00e7\u00e3o no local.<\/p>\n<p><em><strong>Assessoria de Imprensa<\/strong><\/em><\/p>\n","protected":false},"excerpt":{"rendered":"<p>Os motoristas que passarem pela regi\u00e3o da Vila Comercial nesta quarta-feira (5) precisam observar a sinaliza\u00e7\u00e3o nas imedia\u00e7\u00f5es da rua Jo\u00e3o P\u00edccolo, que ter\u00e1 o tr\u00e2nsito interditado no hor\u00e1rio das 8h \u00e0s 16h. O motivo s\u00e3o obras emergenciais que a DAE realizar\u00e1 na rede de esgoto e a interdi\u00e7\u00e3o se dar\u00e1 entre as ruas Igua\u00e7u [&hellip;]<\/p>\n","protected":false},"author":10,"featured_media":0,"comment_status":"closed","ping_status":"closed","sticky":false,"template":"","format":"standard","meta":{"footnotes":""},"categories":[2],"tags":[338],"ods":[],"class_list":["post-80006","post","type-post","status-publish","format-standard","hentry","category-noticias","tag-transportes"],"_links":{"self":[{"href":"https:\/\/jundiai.sp.gov.br\/noticias\/wp-json\/wp\/v2\/posts\/80006","targetHints":{"allow":["GET"]}}],"collection":[{"href":"https:\/\/jundiai.sp.gov.br\/noticias\/wp-json\/wp\/v2\/posts"}],"about":[{"href":"https:\/\/jundiai.sp.gov.br\/noticias\/wp-json\/wp\/v2\/types\/post"}],"author":[{"embeddable":true,"href":"https:\/\/jundiai.sp.gov.br\/noticias\/wp-json\/wp\/v2\/users\/10"}],"replies":[{"embeddable":true,"href":"https:\/\/jundiai.sp.gov.br\/noticias\/wp-json\/wp\/v2\/comments?post=80006"}],"version-history":[{"count":1,"href":"https:\/\/jundiai.sp.gov.br\/noticias\/wp-json\/wp\/v2\/posts\/80006\/revisions"}],"predecessor-version":[{"id":128861,"href":"https:\/\/jundiai.sp.gov.br\/noticias\/wp-json\/wp\/v2\/posts\/80006\/revisions\/128861"}],"wp:attachment":[{"href":"https:\/\/jundiai.sp.gov.br\/noticias\/wp-json\/wp\/v2\/media?parent=80006"}],"wp:term":[{"taxonomy":"category","embeddable":true,"href":"https:\/\/jundiai.sp.gov.br\/noticias\/wp-json\/wp\/v2\/categories?post=80006"},{"taxonomy":"post_tag","embeddable":true,"href":"https:\/\/jundiai.sp.gov.br\/noticias\/wp-json\/wp\/v2\/tags?post=80006"},{"taxonomy":"ods","embeddable":true,"href":"https:\/\/jundiai.sp.gov.br\/noticias\/wp-json\/wp\/v2\/ods?post=80006"}],"curies":[{"name":"wp","href":"https:\/\/api.w.org\/{rel}","templated":true}]}}