{"id":80030,"date":"2014-02-04T18:19:29","date_gmt":"2014-02-04T20:19:29","guid":{"rendered":"https:\/\/jundiai.sp.gov.br\/noticias\/?p=80030"},"modified":"2016-11-04T10:55:54","modified_gmt":"2016-11-04T12:55:54","slug":"revista-celebra-10-anos-do-hospital-universitario","status":"publish","type":"post","link":"https:\/\/jundiai.sp.gov.br\/noticias\/2014\/02\/04\/revista-celebra-10-anos-do-hospital-universitario\/","title":{"rendered":"Revista celebra 10 anos do HU"},"content":{"rendered":"<p><strong>Um dos hospitais p\u00fablicos da rede de sa\u00fade de Jundia\u00ed, o <a href=\"http:\/\/www.hufmj.com.br\/\" target=\"_blank\">Hospital Universit\u00e1rio (HU)<\/a> marcou a passagem dos 10 anos de atividade com uma revista que circula nos meios especializados com alguns avan\u00e7os conquistados ao longo desse per\u00edodo.<\/strong><\/p>\n<p><strong>MAIS<\/strong><br \/>\n<a href=\"https:\/\/jundiai.sp.gov.br\/noticias\/2014\/02\/jundiai-recebe-primeiro-reforco-do-mais-medicos\/\" target=\"_blank\"><strong>Jundia\u00ed recebe primeiro refor\u00e7o do Mais M\u00e9dicos<\/strong><\/a><\/p>\n<div id=\"attachment_131568\" style=\"width: 610px\" class=\"wp-caption aligncenter\"><a href=\"https:\/\/jundiai.sp.gov.br\/noticias\/wp-content\/uploads\/sites\/32\/2014\/02\/Revista-celebra-10-anos-do-HU.jpg\"><img loading=\"lazy\" decoding=\"async\" aria-describedby=\"caption-attachment-131568\" src=\"https:\/\/jundiai.sp.gov.br\/noticias\/wp-content\/uploads\/sites\/32\/2014\/02\/Revista-celebra-10-anos-do-HU-720x454.jpg\" alt=\"Revista mostra a\u00e7\u00f5es do HU: desde 2003\" width=\"600\" height=\"600\" class=\"size-large wp-image-131568\" \/><\/a><p id=\"caption-attachment-131568\" class=\"wp-caption-text\">Revista mostra a\u00e7\u00f5es do HU: desde 2003<\/p><\/div>\n<p>Com \u00eanfase no atendimento de pediatria, ginecologia e obstetr\u00edcia,o HU realizada uma m\u00e9dia de 10 mil atendimentos mensais e tamb\u00e9m tem sido palco desde 2013 de mutir\u00f5es que reduziram as filas de espera de cirurgias eletivas como varizes, h\u00e9rnia e outras.<\/p>\n<p>\u201cO acesso aos servi\u00e7os de sa\u00fade dignos e com qualidade s\u00e3o os objetivos desenvolvidos pela hist\u00f3ria do Hospital Universit\u00e1rio de Jundia\u00ed. Destacamos a import\u00e2ncia do HU desde sua inaugura\u00e7\u00e3o em outubro de 2003, pois atende uma popula\u00e7\u00e3o de quase 700 mil habitantes. Nesta fase de reestrutura\u00e7\u00e3o dos servi\u00e7os de sa\u00fade em Jundia\u00ed, o Hospital Universit\u00e1rio \u00e9 pe\u00e7a fundamental neste processo, uma vez que \u00e9 especialista em atendimento da mulher e da crian\u00e7a\u201d, afirma o prefeito Pedro Bigardi, na revista.<\/p>\n<p>O conte\u00fado mostra que o HU tem investido em tecnologia, capacita\u00e7\u00e3o e aprimoramento de processos como o credenciamento junto ao Minist\u00e9rio de Sa\u00fade para vasectomias, laqueaduras, UTI Neonatal, UTI Infantil e Hospital Dia. Tamb\u00e9m destaca a participa\u00e7\u00e3o do diretor administrativo Matheus Gomes em pesquisa internacional de gest\u00e3o hospitalar, a nova comiss\u00e3o de humaniza\u00e7\u00e3o, a presen\u00e7a do conselho gestor e a realiza\u00e7\u00e3o de oficina no Minist\u00e9rio de Sa\u00fade pela coordena\u00e7\u00e3o do Banco de Leite Humano, entre outros temas.<\/p>\n<p>\u201c\u00c9 um dos pontos de excel\u00eancia em nossa rede municipal, que envolve tamb\u00e9m o Hospital S\u00e3o Vicente, as Unidades B\u00e1sicas, os Ambulat\u00f3rios e a Vigil\u00e2ncia em Sa\u00fade. Mas o HU tem a singularidade de estar relacionado com a Faculdade de Medicina de Jundia\u00ed, institui\u00e7\u00e3o que mudou o patamar de qualidade da sa\u00fade no munic\u00edpio ao formar profissionais envolvidos com a realidade local\u201d, descreve o secret\u00e1rio Cl\u00e1udio Miranda, da Sa\u00fade, ele mesmo ex-aluno da faculdade.<\/p>\n<p><strong>N\u00fameros<\/strong><br \/>\nOs n\u00fameros do HU s\u00e3o realmente impressionantes. A m\u00e9dia mensal apresentada pela revista \u00e9 de 865 interna\u00e7\u00f5es, 324 partos, 8.168 atendimentos de pronto socorro e 325 cirurgias, levando a uma proje\u00e7\u00e3o de 10.380 interna\u00e7\u00f5es anuais, 3.885 partos por ano, mais de 98 mil atendimentos de pronto socorro e 4 mil cirurgias anuais.<\/p>\n<p>\u201cSeguimos na miss\u00e3o de bem servir \u00e0 comunidade da grande Jundia\u00ed gra\u00e7as ao entendimento com nosso gestor principal, que \u00e9 a Secretaria de Sa\u00fade\u201d, destaca o diretor executivo da Funda\u00e7\u00e3o Dr. Jayme Rodrigues, Ary Domingos dos Amaral.<\/p>\n<p>Ele destaca na revista a doa\u00e7\u00e3o de 12 mil fraldas descart\u00e1veis pelo Fundo Social de Solidariedade, administrado pela primeira-dama Margarete Geraldo Bigardi, na Semana do Aleitamento Materno de 2013. \u201cForam comemora\u00e7\u00f5es comoventes desses 10 anos\u201d, acrescenta.<br \/>\n<strong><br \/>\nPor Jos\u00e9 Arnaldo de Oliveira<br \/>\nFotos: Alessandro Rosman<\/strong><\/p>\n","protected":false},"excerpt":{"rendered":"<p>O conte\u00fado mostra a\u00e7\u00f5es desenvolvidas pelo Hospital Universit\u00e1rio desde 2003<\/p>\n","protected":false},"author":11,"featured_media":80031,"comment_status":"closed","ping_status":"closed","sticky":false,"template":"","format":"standard","meta":{"footnotes":""},"categories":[2],"tags":[3],"ods":[],"class_list":["post-80030","post","type-post","status-publish","format-standard","has-post-thumbnail","hentry","category-noticias","tag-saude"],"_links":{"self":[{"href":"https:\/\/jundiai.sp.gov.br\/noticias\/wp-json\/wp\/v2\/posts\/80030","targetHints":{"allow":["GET"]}}],"collection":[{"href":"https:\/\/jundiai.sp.gov.br\/noticias\/wp-json\/wp\/v2\/posts"}],"about":[{"href":"https:\/\/jundiai.sp.gov.br\/noticias\/wp-json\/wp\/v2\/types\/post"}],"author":[{"embeddable":true,"href":"https:\/\/jundiai.sp.gov.br\/noticias\/wp-json\/wp\/v2\/users\/11"}],"replies":[{"embeddable":true,"href":"https:\/\/jundiai.sp.gov.br\/noticias\/wp-json\/wp\/v2\/comments?post=80030"}],"version-history":[{"count":2,"href":"https:\/\/jundiai.sp.gov.br\/noticias\/wp-json\/wp\/v2\/posts\/80030\/revisions"}],"predecessor-version":[{"id":131569,"href":"https:\/\/jundiai.sp.gov.br\/noticias\/wp-json\/wp\/v2\/posts\/80030\/revisions\/131569"}],"wp:featuredmedia":[{"embeddable":true,"href":"https:\/\/jundiai.sp.gov.br\/noticias\/wp-json\/"}],"wp:attachment":[{"href":"https:\/\/jundiai.sp.gov.br\/noticias\/wp-json\/wp\/v2\/media?parent=80030"}],"wp:term":[{"taxonomy":"category","embeddable":true,"href":"https:\/\/jundiai.sp.gov.br\/noticias\/wp-json\/wp\/v2\/categories?post=80030"},{"taxonomy":"post_tag","embeddable":true,"href":"https:\/\/jundiai.sp.gov.br\/noticias\/wp-json\/wp\/v2\/tags?post=80030"},{"taxonomy":"ods","embeddable":true,"href":"https:\/\/jundiai.sp.gov.br\/noticias\/wp-json\/wp\/v2\/ods?post=80030"}],"curies":[{"name":"wp","href":"https:\/\/api.w.org\/{rel}","templated":true}]}}