{"id":80228,"date":"2014-02-06T18:56:19","date_gmt":"2014-02-06T20:56:19","guid":{"rendered":"https:\/\/jundiai.sp.gov.br\/noticias\/?p=80228"},"modified":"2016-11-04T11:16:29","modified_gmt":"2016-11-04T13:16:29","slug":"clube-jundiaiense-convida-prefeito-para-baile-do-havai","status":"publish","type":"post","link":"https:\/\/jundiai.sp.gov.br\/noticias\/2014\/02\/06\/clube-jundiaiense-convida-prefeito-para-baile-do-havai\/","title":{"rendered":"Clube Jundiaiense convida prefeito para Baile do Hava\u00ed"},"content":{"rendered":"<p>O prefeito Pedro Bigardi recebeu nesta quinta-feira (6) o presidente do Clube Jundiaiense, Reinaldo Miguel Sisto (Xist\u00e9). Ele esteve no Pa\u00e7o Municipal, ao lado do vice, Antonio Finati Pacheco, e do diretor social, Paulo Lopes, para convidar oficialmente o prefeito para o Baile do Hava\u00ed. Al\u00e9m do convite, a diretoria do Clube o presenteou com uma cesta de frutas.<\/p>\n<p><div id=\"attachment_131321\" style=\"width: 410px\" class=\"wp-caption alignleft\"><a href=\"https:\/\/jundiai.sp.gov.br\/noticias\/wp-content\/uploads\/sites\/32\/2014\/02\/Clube-Jundiaiense-convida-prefeito-para-Baile-do-Hava\u00ed.jpg\"><img loading=\"lazy\" decoding=\"async\" aria-describedby=\"caption-attachment-131321\" src=\"https:\/\/jundiai.sp.gov.br\/noticias\/wp-content\/uploads\/sites\/32\/2014\/02\/Clube-Jundiaiense-convida-prefeito-para-Baile-do-Hava\u00ed-720x424.jpg\" alt=\"Diretoria do Clube presenteou o prefeito com cesta\" width=\"400\" height=\"400\" class=\"size-large wp-image-131321\" \/><\/a><p id=\"caption-attachment-131321\" class=\"wp-caption-text\">Diretoria do Clube presenteou o prefeito com cesta<\/p><\/div>O Baile do Hava\u00ed 2014 do Clube Jundiaiense chega \u00e0 33\u00aa edi\u00e7\u00e3o e ser\u00e1 realizado no pr\u00f3ximo dia 15. &#8220;Este ano a grande atra\u00e7\u00e3o ser\u00e1 o grupo \u00c1sa de \u00c1guia&#8221;, destacou o presidente do Clube.<\/p>\n<p>O prefeito agradeceu o convite e destacou que a festa \u00e9 uma das mais tradicionais dos clubes da cidade e elogiou o baile do ano passado.<\/p>\n<p><strong>Assessoria de Imprensa<\/strong><\/p>\n","protected":false},"excerpt":{"rendered":"<p>O prefeito Pedro Bigardi recebeu nesta quinta-feira (6) o presidente do Clube Jundiaiense, Reinaldo Miguel Sisto (Xist\u00e9). Ele esteve no Pa\u00e7o Municipal, ao lado do vice, Antonio Finati Pacheco, e do diretor social, Paulo Lopes, para convidar oficialmente o prefeito para o Baile do Hava\u00ed. Al\u00e9m do convite, a diretoria do Clube o presenteou com [&hellip;]<\/p>\n","protected":false},"author":10,"featured_media":0,"comment_status":"closed","ping_status":"closed","sticky":false,"template":"","format":"standard","meta":{"footnotes":""},"categories":[2],"tags":[58],"ods":[],"class_list":["post-80228","post","type-post","status-publish","format-standard","hentry","category-noticias","tag-prefeito"],"_links":{"self":[{"href":"https:\/\/jundiai.sp.gov.br\/noticias\/wp-json\/wp\/v2\/posts\/80228","targetHints":{"allow":["GET"]}}],"collection":[{"href":"https:\/\/jundiai.sp.gov.br\/noticias\/wp-json\/wp\/v2\/posts"}],"about":[{"href":"https:\/\/jundiai.sp.gov.br\/noticias\/wp-json\/wp\/v2\/types\/post"}],"author":[{"embeddable":true,"href":"https:\/\/jundiai.sp.gov.br\/noticias\/wp-json\/wp\/v2\/users\/10"}],"replies":[{"embeddable":true,"href":"https:\/\/jundiai.sp.gov.br\/noticias\/wp-json\/wp\/v2\/comments?post=80228"}],"version-history":[{"count":2,"href":"https:\/\/jundiai.sp.gov.br\/noticias\/wp-json\/wp\/v2\/posts\/80228\/revisions"}],"predecessor-version":[{"id":131325,"href":"https:\/\/jundiai.sp.gov.br\/noticias\/wp-json\/wp\/v2\/posts\/80228\/revisions\/131325"}],"wp:attachment":[{"href":"https:\/\/jundiai.sp.gov.br\/noticias\/wp-json\/wp\/v2\/media?parent=80228"}],"wp:term":[{"taxonomy":"category","embeddable":true,"href":"https:\/\/jundiai.sp.gov.br\/noticias\/wp-json\/wp\/v2\/categories?post=80228"},{"taxonomy":"post_tag","embeddable":true,"href":"https:\/\/jundiai.sp.gov.br\/noticias\/wp-json\/wp\/v2\/tags?post=80228"},{"taxonomy":"ods","embeddable":true,"href":"https:\/\/jundiai.sp.gov.br\/noticias\/wp-json\/wp\/v2\/ods?post=80228"}],"curies":[{"name":"wp","href":"https:\/\/api.w.org\/{rel}","templated":true}]}}