{"id":80258,"date":"2014-02-08T18:22:55","date_gmt":"2014-02-08T20:22:55","guid":{"rendered":"https:\/\/jundiai.sp.gov.br\/noticias\/?p=80258"},"modified":"2016-11-04T11:16:32","modified_gmt":"2016-11-04T13:16:32","slug":"carnaval-2014-familia-inteira-veste-camisa-da-marujos","status":"publish","type":"post","link":"https:\/\/jundiai.sp.gov.br\/noticias\/2014\/02\/08\/carnaval-2014-familia-inteira-veste-camisa-da-marujos\/","title":{"rendered":"CARNAVAL 2014: Fam\u00edlia inteira veste camisa da Marujos"},"content":{"rendered":"<p>A casa da fam\u00edlia Teles Barbosa, no Jardim Santa Gertrudes, \u00e9 de uma alegria contagiante. Na verdade n\u00e3o \u00e9 bem uma casa. S\u00e3o seis pequenas moradias que dividem um quintal em comum. Por l\u00e1 o movimento \u00e9 sempre intenso; fora do hor\u00e1rio de aula a crian\u00e7ada pula, corre e se diverte. E n\u00e3o s\u00e3o poucos os pequenos. \u201cS\u00e3o mais de 20 crian\u00e7as, sem contar os vizinhos que v\u00eam at\u00e9 aqui para brincar\u201d, calcula a artes\u00e3 e diarista Selma Teles Barbosa, 46 anos.<\/p>\n<p><strong>MAIS CARNAVAL<br \/>\n<a href=\"https:\/\/jundiai.sp.gov.br\/noticias\/2014\/02\/carnaval-2014-foguinho-e-a-alma-da-campea-arco-iris\/\" target=\"_blank\">Foguinho \u00e9 a alma da campe\u00e3 Arco-\u00cdris<\/a><\/strong><br \/>\n<a href=\"https:\/\/jundiai.sp.gov.br\/noticias\/2014\/02\/especial-santa-cruz-jundiai-fica-conhecida-no-rio-de-janeiro\/\" target=\"_blank\"><strong>Jundia\u00ed fica conhecida no Rio de Janeiro<\/strong><\/a><br \/>\n<a href=\"https:\/\/jundiai.sp.gov.br\/noticias\/2014\/02\/desfiles-serao-realizados-em-novo-local-na-luiz-latorre\/\" target=\"_blank\"><strong>Desfiles ser\u00e3o realizados em novo local na Luiz Latorre<\/strong><\/a><\/p>\n<p>M\u00e3e de sete filhas, ela garante que todo esse agito tem dia e hora para dar tr\u00e9gua. \u201cNo dia do desfile da Marujos da Zona Sul\u201d, exclama. Todos ali t\u00eam algo em comum: a fam\u00edlia inteira \u2013 crian\u00e7ada inclu\u00edda \u2013 faz parte da corrente que move o moinho da agremia\u00e7\u00e3o.<\/p>\n<div id=\"attachment_131231\" style=\"width: 610px\" class=\"wp-caption aligncenter\"><a href=\"https:\/\/jundiai.sp.gov.br\/noticias\/wp-content\/uploads\/sites\/32\/2014\/02\/CARNAVAL-2014-Fam\u00edlia-inteira-veste-camisa-da-Marujos-1.jpg\"><img loading=\"lazy\" decoding=\"async\" aria-describedby=\"caption-attachment-131231\" src=\"https:\/\/jundiai.sp.gov.br\/noticias\/wp-content\/uploads\/sites\/32\/2014\/02\/CARNAVAL-2014-Fam\u00edlia-inteira-veste-camisa-da-Marujos-1-720x468.jpg\" alt=\"Da direita para a esquerda: Selma, Adriana, Solange e Sandra\" width=\"600\" height=\"450\" class=\"size-large wp-image-131231\" \/><\/a><p id=\"caption-attachment-131231\" class=\"wp-caption-text\">Da direita para a esquerda: Selma, Adriana, Solange e Sandra<\/p><\/div>\n<p>De cara, v\u00ea-se um lar administrado com a determina\u00e7\u00e3o e sensibilidade feminina. S\u00e3o sete as \u201cchefonas\u201d que ditam as regras do jogo. Selma, da ala das baianas, se auto-intitula \u201crela\u00e7\u00f5es p\u00fablicas\u201d do cl\u00e3. A sorridente irm\u00e3 Adriana, 31 anos, organiza a harmonia de toda a meninada para o desfile, inclu\u00eddos nessa conta os seis filhos. \u201cN\u00e3o pode ficar buraco de gente na avenida\u201d, vai logo explicando.<\/p>\n<p>Do lado de fora da cozinha, olhando pela janela com olhar decidido, Sandra, 43 anos, \u00e9 uma esp\u00e9cie de faz-tudo da Azul e Branco. \u201cSe a roda ou o eixo de um carro aleg\u00f3rico quebrar, eu n\u00e3o penso duas vezes: arrega\u00e7o as mangas e vou l\u00e1 ajudar a empurrar.\u201d<\/p>\n<p>Por fim, de mansinho e com ar curioso, chega mais uma irm\u00e3, Solange, que h\u00e1 10 anos assumiu a dire\u00e7\u00e3o da escola. Ela explica que a Marujos s\u00f3 n\u00e3o configura no grupo especial por uma raz\u00e3o que passa longe de qualquer desafio estrutural. \u201cN\u00e3o temos n\u00famero m\u00ednimo de gente para fazer parte do grupo especial\u201d, conta. Motivo que n\u00e3o desanima a fam\u00edlia.<\/p>\n<div id=\"attachment_131234\" style=\"width: 410px\" class=\"wp-caption alignleft\"><a href=\"https:\/\/jundiai.sp.gov.br\/noticias\/wp-content\/uploads\/sites\/32\/2014\/02\/CARNAVAL-2014-Fam\u00edlia-inteira-veste-camisa-da-Marujos-2.jpg\"><img loading=\"lazy\" decoding=\"async\" aria-describedby=\"caption-attachment-131234\" src=\"https:\/\/jundiai.sp.gov.br\/noticias\/wp-content\/uploads\/sites\/32\/2014\/02\/CARNAVAL-2014-Fam\u00edlia-inteira-veste-camisa-da-Marujos-2-720x473.jpg\" alt=\"Escola disputa o grupo de acesso\" width=\"400\" height=\"400\" class=\"size-large wp-image-131234\" \/><\/a><p id=\"caption-attachment-131234\" class=\"wp-caption-text\">Escola disputa o grupo de acesso<\/p><\/div>\n<p>O trabalho segue em ritmo acelerado em cada c\u00f4modo. Deles, v\u00e3o surgindo fantasias e caprichados acabamentos de uma s\u00e9rie de adere\u00e7os, todos sob o crivo rigoroso do mulheril. Trabalho que teve in\u00edcio l\u00e1 em 2003, quando a saudosa Dona Eug\u00eania, a matriarca Teles Barbosa, puxou a fam\u00edlia para o barrac\u00e3o da escola.<\/p>\n<p><strong>Amor \u00e0 toda prova<\/strong><br \/>\nCada irm\u00e3 tem a hist\u00f3ria de amor com a Marujos gravada na retina. Selma j\u00e1 chegou a desmaiar durante o desfile, gra\u00e7as ao peso da fantasia de baiana. Adriana j\u00e1 esqueceu uma pasta com todas as autoriza\u00e7\u00f5es para a crian\u00e7ada tomar a avenida. Resultado: um choror\u00f4 que demorou a passar. Sandra perdeu as contas de quantas vezes atravessou a noite decorando carros aleg\u00f3ricos. Ali\u00e1s, dormir no barrac\u00e3o improvisado, embaixo de lonas, j\u00e1 n\u00e3o \u00e9 mais novidade para nenhuma dessas guerreiras.<\/p>\n<p>Com dois carros aleg\u00f3ricos confirmados e pouco mais de 100 pessoas para entrar na avenida, a Marujos da Zona Sul busca por volunt\u00e1rios para 2014. Quem se interessar em desfilar pela agremia\u00e7\u00e3o fundada em 2001 deve entrar em contato com a Selma, no telefone (11) 97359-1131. A escola deve passar pela avenida no s\u00e1bado (1), com o samba enredo &#8220;Pare, Pense, Respeite a Vida. Educa\u00e7\u00e3o no Tr\u00e2nsito &#8211; Ensinar e Aprender&#8221;.<\/p>\n<p><em><strong>Por Thiago Secco<br \/>\nFoto: Alessandro Rosman<\/strong><\/em><\/p>\n","protected":false},"excerpt":{"rendered":"<p>MAIS: biografia de Foguinho, o &#8220;cora\u00e7\u00e3o&#8221; da Arco \u00cdris, e Santa Cruz abre as portas para Jundia\u00ed no RJ  <\/p>\n","protected":false},"author":10,"featured_media":79767,"comment_status":"closed","ping_status":"closed","sticky":false,"template":"","format":"standard","meta":{"footnotes":""},"categories":[2],"tags":[229,29,84],"ods":[],"class_list":["post-80258","post","type-post","status-publish","format-standard","has-post-thumbnail","hentry","category-noticias","tag-carnaval-2014","tag-cultura","tag-especial"],"_links":{"self":[{"href":"https:\/\/jundiai.sp.gov.br\/noticias\/wp-json\/wp\/v2\/posts\/80258","targetHints":{"allow":["GET"]}}],"collection":[{"href":"https:\/\/jundiai.sp.gov.br\/noticias\/wp-json\/wp\/v2\/posts"}],"about":[{"href":"https:\/\/jundiai.sp.gov.br\/noticias\/wp-json\/wp\/v2\/types\/post"}],"author":[{"embeddable":true,"href":"https:\/\/jundiai.sp.gov.br\/noticias\/wp-json\/wp\/v2\/users\/10"}],"replies":[{"embeddable":true,"href":"https:\/\/jundiai.sp.gov.br\/noticias\/wp-json\/wp\/v2\/comments?post=80258"}],"version-history":[{"count":2,"href":"https:\/\/jundiai.sp.gov.br\/noticias\/wp-json\/wp\/v2\/posts\/80258\/revisions"}],"predecessor-version":[{"id":131235,"href":"https:\/\/jundiai.sp.gov.br\/noticias\/wp-json\/wp\/v2\/posts\/80258\/revisions\/131235"}],"wp:featuredmedia":[{"embeddable":true,"href":"https:\/\/jundiai.sp.gov.br\/noticias\/wp-json\/"}],"wp:attachment":[{"href":"https:\/\/jundiai.sp.gov.br\/noticias\/wp-json\/wp\/v2\/media?parent=80258"}],"wp:term":[{"taxonomy":"category","embeddable":true,"href":"https:\/\/jundiai.sp.gov.br\/noticias\/wp-json\/wp\/v2\/categories?post=80258"},{"taxonomy":"post_tag","embeddable":true,"href":"https:\/\/jundiai.sp.gov.br\/noticias\/wp-json\/wp\/v2\/tags?post=80258"},{"taxonomy":"ods","embeddable":true,"href":"https:\/\/jundiai.sp.gov.br\/noticias\/wp-json\/wp\/v2\/ods?post=80258"}],"curies":[{"name":"wp","href":"https:\/\/api.w.org\/{rel}","templated":true}]}}