{"id":80322,"date":"2014-02-07T23:25:24","date_gmt":"2014-02-08T01:25:24","guid":{"rendered":"https:\/\/jundiai.sp.gov.br\/noticias\/?p=80322"},"modified":"2016-11-04T11:16:30","modified_gmt":"2016-11-04T13:16:30","slug":"festa-da-uva-80-anos-rock-toma-conta-da-noite","status":"publish","type":"post","link":"https:\/\/jundiai.sp.gov.br\/noticias\/2014\/02\/07\/festa-da-uva-80-anos-rock-toma-conta-da-noite\/","title":{"rendered":"Festa da Uva 80 anos: Rock toma conta da noite"},"content":{"rendered":"<p><strong>O rock tomou conta do Parque Comendador Ant\u00f4nio Carbonari, o Parque da Uva, nesta sexta-feira (7) com o in\u00edcio do segundo fim de semana da 31\u00aa Festa da Uva e 2\u00aa Expo Vinhos 2014.<\/strong><\/p>\n<p><strong>MAIS<br \/>\n<a href=\"http:\/\/www.flickr.com\/photos\/prefeituradejundiai\/sets\/72157640642356923\/\" target=\"_blank\"><strong>Confira o \u00e1lbum de fotos desta sexta (7)<\/strong><\/a><br \/>\n<a href=\"festadauva.jundiai.sp.gov.br\" target=\"_blank\">Acesse o site da Festa da Uva<\/a><\/strong><\/p>\n<div id=\"attachment_131237\" style=\"width: 410px\" class=\"wp-caption alignleft\"><a href=\"https:\/\/jundiai.sp.gov.br\/noticias\/wp-content\/uploads\/sites\/32\/2014\/02\/Festa-da-Uva-80-anos-Rock-toma-conta-da-noite-1.jpg\"><img loading=\"lazy\" decoding=\"async\" aria-describedby=\"caption-attachment-131237\" src=\"https:\/\/jundiai.sp.gov.br\/noticias\/wp-content\/uploads\/sites\/32\/2014\/02\/Festa-da-Uva-80-anos-Rock-toma-conta-da-noite-1-720x480.jpg\" alt=\"O rock ultrapassa gera\u00e7\u00f5es e at\u00e9 menina gosta de ouvir o ritmo na noite desta sexta-feira (7)\" width=\"400\" height=\"400\" class=\"size-large wp-image-131237\" \/><\/a><p id=\"caption-attachment-131237\" class=\"wp-caption-text\">O rock ultrapassa gera\u00e7\u00f5es e at\u00e9 menina gosta de ouvir o ritmo na noite desta sexta-feira (7)<\/p><\/div>\n<p>Cinco bandas jundiaienses se apresentaram no palco externo e fizeram o p\u00fablico dan\u00e7ar e cantar sucessos nacionais e internacionais do rock. As apresenta\u00e7\u00f5es fazem parte do projeto Dia do Rock na Festa da Uva promovido pela Secretaria de Cultura e o programa Rock Forever.<\/p>\n<p>O apresentador do programa Luciano Frazani diz que esse novo conceito da Festa da Uva permitiu desenvolver esse projeto. \u201cJundia\u00ed tem muitas bandas boas, por isso \u00e9 preciso aproveitar essas oportunidades\u201d, explica ao dizer que a iniciativa come\u00e7ou na festa do ano passado.<\/p>\n<p>As bandas que se apresentaram nesta sexta-feira e as que v\u00e3o se apresentar no pr\u00f3ximo dia 15, quando haver\u00e1 um novo Dia do Rock na Festa da Uva tocam as mais variadas vertentes do som. \u201cTem m\u00fasica para todos os gostos\u201d, diz Luciano.<\/p>\n<p>Os m\u00fasicos da banda DNR abriram a primeira noite do rock. \u201c\u00c9 uma \u00f3tima oportunidade para divulgarmos o nosso som e propagar o estilo de m\u00fasica\u201d, afirma o vocalista e guitarrista Rafael Zavatti. Com o repert\u00f3rio mais para o metal, a banda fez o p\u00fablico sair do ch\u00e3o.<\/p>\n<div id=\"attachment_131239\" style=\"width: 310px\" class=\"wp-caption alignright\"><a href=\"https:\/\/jundiai.sp.gov.br\/noticias\/wp-content\/uploads\/sites\/32\/2014\/02\/Festa-da-Uva-80-anos-Rock-toma-conta-da-noite-2.jpg\"><img loading=\"lazy\" decoding=\"async\" aria-describedby=\"caption-attachment-131239\" src=\"https:\/\/jundiai.sp.gov.br\/noticias\/wp-content\/uploads\/sites\/32\/2014\/02\/Festa-da-Uva-80-anos-Rock-toma-conta-da-noite-2-720x528.jpg\" alt=\"Turma de amigos se reuniu para curtir o primeiro Dia do Rock na Festa da Uva\" width=\"300\" height=\"300\" class=\"size-large wp-image-131239\" \/><\/a><p id=\"caption-attachment-131239\" class=\"wp-caption-text\">Turma de amigos se reuniu para curtir o primeiro Dia do Rock na Festa da Uva<\/p><\/div>\n<p>Para a atendente Sarah Peres, 23 anos, ter uma noite dedicada para os amantes do bom rock \u00e9 para se comemorar. \u201cO tempo ajudou, a noite est\u00e1 linda e temos que valorizar as bandas locais que s\u00e3o muito boas\u201d, afirma.<\/p>\n<p><b>S\u00e1ba<strong>do e domingo<\/strong><br \/>\n<\/b>O segundo fim de semana dos eventos segue recheado de programa\u00e7\u00e3o, dentre eles, a tradicional cavalgada no domingo (9).\u00a0<span style=\"color: #2f2f2f\">A concentra\u00e7\u00e3o est\u00e1 marcada para as 8h30, em frente ao Bar do Mingo Fontebasso (avenida Jo\u00e3o Batista Spiandorello, 4.064, bairro da Roseira). A sa\u00edda ser\u00e1 \u00e0s 9h. A expectativa \u00e9 de que 300 cavaleiros participem do passeio.<\/span><\/p>\n<p><span style=\"color: #2f2f2f\">A cavalgada seguir\u00e1 pelas avenidas Humbeto Cereser, Giustiano Borin, Fern\u00e3o Dias Paes Leme, rua Lima, avenida S\u00e3o Jo\u00e3o, Frederico Ozanan, Nove de Julho, Coleta Ferraz de Castro e Dona Manoela Lacerda de Vergueiro. A chegada ao Parque da Uva est\u00e1 prevista para as 11h30 e os cavaleiros ser\u00e3o recebidos pela Orquestra de Violeiros Terra da Uva, no palco externo.<\/span><\/p>\n<p><strong>Kadija Rodrigues<br \/>\nFotos: Dorival Pinheiro Filho<\/strong><\/p>\n","protected":false},"excerpt":{"rendered":"<p>As apresenta\u00e7\u00f5es fazem parte do projeto Dia do Rock; o evento gratuito segue no s\u00e1bado e domingo<\/p>\n","protected":false},"author":11,"featured_media":80326,"comment_status":"closed","ping_status":"closed","sticky":false,"template":"","format":"standard","meta":{"footnotes":""},"categories":[2],"tags":[41,199],"ods":[],"class_list":["post-80322","post","type-post","status-publish","format-standard","has-post-thumbnail","hentry","category-noticias","tag-agricultura-abastecimento-e-turismo","tag-festa-da-uva-2014"],"_links":{"self":[{"href":"https:\/\/jundiai.sp.gov.br\/noticias\/wp-json\/wp\/v2\/posts\/80322","targetHints":{"allow":["GET"]}}],"collection":[{"href":"https:\/\/jundiai.sp.gov.br\/noticias\/wp-json\/wp\/v2\/posts"}],"about":[{"href":"https:\/\/jundiai.sp.gov.br\/noticias\/wp-json\/wp\/v2\/types\/post"}],"author":[{"embeddable":true,"href":"https:\/\/jundiai.sp.gov.br\/noticias\/wp-json\/wp\/v2\/users\/11"}],"replies":[{"embeddable":true,"href":"https:\/\/jundiai.sp.gov.br\/noticias\/wp-json\/wp\/v2\/comments?post=80322"}],"version-history":[{"count":2,"href":"https:\/\/jundiai.sp.gov.br\/noticias\/wp-json\/wp\/v2\/posts\/80322\/revisions"}],"predecessor-version":[{"id":131240,"href":"https:\/\/jundiai.sp.gov.br\/noticias\/wp-json\/wp\/v2\/posts\/80322\/revisions\/131240"}],"wp:featuredmedia":[{"embeddable":true,"href":"https:\/\/jundiai.sp.gov.br\/noticias\/wp-json\/"}],"wp:attachment":[{"href":"https:\/\/jundiai.sp.gov.br\/noticias\/wp-json\/wp\/v2\/media?parent=80322"}],"wp:term":[{"taxonomy":"category","embeddable":true,"href":"https:\/\/jundiai.sp.gov.br\/noticias\/wp-json\/wp\/v2\/categories?post=80322"},{"taxonomy":"post_tag","embeddable":true,"href":"https:\/\/jundiai.sp.gov.br\/noticias\/wp-json\/wp\/v2\/tags?post=80322"},{"taxonomy":"ods","embeddable":true,"href":"https:\/\/jundiai.sp.gov.br\/noticias\/wp-json\/wp\/v2\/ods?post=80322"}],"curies":[{"name":"wp","href":"https:\/\/api.w.org\/{rel}","templated":true}]}}