{"id":80329,"date":"2014-02-08T01:55:38","date_gmt":"2014-02-08T03:55:38","guid":{"rendered":"https:\/\/jundiai.sp.gov.br\/noticias\/?p=80329"},"modified":"2016-11-04T11:16:31","modified_gmt":"2016-11-04T13:16:31","slug":"jundiai-elege-a-corte-do-carnaval-2014","status":"publish","type":"post","link":"https:\/\/jundiai.sp.gov.br\/noticias\/2014\/02\/08\/jundiai-elege-a-corte-do-carnaval-2014\/","title":{"rendered":"Jundia\u00ed elege a Corte do Carnaval 2014"},"content":{"rendered":"<div style=\"width: 610px\" class=\"wp-caption aligncenter\"><a href=\"https:\/\/jundiai.sp.gov.br\/noticias\/wp-content\/uploads\/sites\/32\/2014\/02\/unnamed.jpg\"><img loading=\"lazy\" decoding=\"async\" alt=\"\" src=\"https:\/\/jundiai.sp.gov.br\/noticias\/wp-content\/uploads\/sites\/32\/2014\/02\/unnamed.jpg\" width=\"600\" height=\"566\" \/><\/a><p class=\"wp-caption-text\">A corte de 2013 sa\u00fada a nova corte da Alegria<\/p><\/div>\n<p>Jundia\u00ed j\u00e1 tem a sua Corte de Carnaval. Em uma grande festa na noite de sexta-feira (7),\u00a0realizada no Nacional Atl\u00e9tico Clube pela Secretaria de Cultura, Lijunes (Liga Jundiaiense\u00a0das Escolas de Samba) e Liesj (Liga Independente das Escolas de Samba de Jundia\u00ed), foram\u00a0escolhidos a Rainha, 1\u00aa e 2\u00aa Princesas, Rei Momo e Passista de Ouro do Carnaval 2014.<\/p>\n<p><strong>MAIS CARNAVAL <\/strong><\/p>\n<p><strong><a href=\"http:\/\/www.flickr.com\/photos\/prefeituradejundiai\/sets\/72157640660877743\/\" target=\"_blank\"><strong>Veja o \u00e1lbum de fotos do evento <\/strong><\/a><\/strong><br \/>\n<strong> <a href=\"https:\/\/jundiai.sp.gov.br\/noticias\/2014\/02\/carnaval-2014-familia-inteira-veste-camisa-da-marujos\/\" target=\"_blank\">Fam\u00edlia inteira veste camisa da Marujos<\/a><\/strong><br \/>\n<a href=\"https:\/\/jundiai.sp.gov.br\/noticias\/2014\/02\/carnaval-2014-foguinho-e-a-alma-da-campea-arco-iris\/\" target=\"_blank\"><strong>Foguinho \u00e9 a alma da campe\u00e3 Arco-\u00cdris<\/strong><\/a><br \/>\n<a href=\"https:\/\/jundiai.sp.gov.br\/noticias\/2014\/02\/especial-santa-cruz-jundiai-fica-conhecida-no-rio-de-janeiro\/\" target=\"_blank\"><strong>Jundia\u00ed fica conhecida no Rio de Janeiro<\/strong><\/a><\/p>\n<p>A atleta Gabriela Celine da Silva, de 28 anos, conquistou o t\u00edtulo de Rainha da Corte da Alegria\u00a0pela segunda vez. Moradora da Vila Nova Jundiain\u00f3polis, Gabriela foi coroada em 2009 e eleita\u00a0princesa em 2008. \u201cCada concurso \u00e9 uma nova hist\u00f3ria e estou muito feliz em representar o\u00a0carnaval de Jundia\u00ed novamente\u201d, disse ap\u00f3s receber a faixa de rainha.<\/p>\n<p>Aos 36 anos, o operador de log\u00edstica Sidnei Benedito Meira conquistou o t\u00edtulo de Rei Momo\u00a0pela quinta vez, mas comemorou como se fosse a primeira. \u201c\u00c9 uma nova emo\u00e7\u00e3o, me sinto\u00a0realizado e preparado para levar muita alegria e simpatia para os jundiaienses neste carnaval.\u201d<\/p>\n<p>O professor de dan\u00e7a Marcos Vinicius Bueno Prado, de 26 anos, ficou com o posto de Passista\u00a0de Ouro ao mostrar muito samba no p\u00e9. \u201cDesfilo h\u00e1 21 anos, mas este foi meu primeiro\u00a0concurso. Me preparei tecnicamente, psicologicamente e fisicamente para este momento e o\u00a0t\u00edtulo \u00e9 resultado deste trabalho\u201d, destacou.<\/p>\n<p>Eleita 1\u00aa Princesa, a professora de dan\u00e7a Carla Joseane Ismael, 30 anos, afirmou que \u00e9 uma\u00a0honra compor a Corte do Carnaval. \u201c\u00c9 emocionante fazer parte da Corte pelo que representa\u00a0para o carnaval de Jundia\u00ed\u201d, salientou Carla, que j\u00e1 foi duas vezes Miss P\u00e9rola Negra.<\/p>\n<p>A faixa de 2\u00aa Princesa ficou com a assistente administrativo J\u00e9ssica Tamires de Almeida, 22\u00a0anos, que concorreu pela primeira vez. \u201cParticipei muito confiante, pois contei com o apoio de\u00a0muita gente que confiou em mim e estou muito feliz com o t\u00edtulo.\u201d<\/p>\n<p>Participaram do concurso 16 candidatos, avaliados por nove jurados nos quesitos\u00a0comunica\u00e7\u00e3o, simpatia, beleza, anima\u00e7\u00e3o, eleg\u00e2ncia, desenvoltura, conjunto e samba no\u00a0p\u00e9. Os vencedores receberam pr\u00eamio em dinheiro. Rainha, Rei Momo e Passista de Ouro\u00a0receberam R$ 6 mil e cada princesa R$ 5 mil cada uma. Durante o reinado, a nova Corte do\u00a0Carnaval representar\u00e1 a cidade em eventos realizados em clubes, associa\u00e7\u00f5es, entidades,\u00a0bailes, quadras das agremia\u00e7\u00f5es, al\u00e9m da participa\u00e7\u00e3o nos desfiles das escolas de samba e\u00a0blocos de rua.<\/p>\n<p><strong>O secret\u00e1rio de Cultura, T\u00e9rcio Marinho, destacou a import\u00e2ncia da elei\u00e7\u00e3o da Corte da\u00a0Alegria, que marca o in\u00edcio do Carnaval na cidade. Para este ano, o secret\u00e1rio adiantou\u00a0algumas novidades para o desfile, que acontecer\u00e1 nos dias 1\u00ba, 3 e 4 de mar\u00e7o. \u201cO desfile ser\u00e1\u00a0realizado em um novo local na avenida Luiz Latorre, com uma estrutura mais adequada para\u00a0oferecer mais conforto ao p\u00fablico e \u00e0s pessoas que v\u00e3o trabalhar. O sistema de transporte foi\u00a0pensado exclusivamente para atender o p\u00fablico do evento. Al\u00e9m disso, a parte t\u00e9cnica, como\u00a0som e ilumina\u00e7\u00e3o, tamb\u00e9m promete surpreender.\u201d<\/strong><\/p>\n<p>Durante o concurso as oito agremia\u00e7\u00f5es da cidade apresentaram os sambas-enredos que ir\u00e3o\u00a0animar a avenida neste ano. Os carnavalescos tamb\u00e9m cantaram o samba da Escola de Samba\u00a0Acad\u00eamicos de Santa Cruz, do Rio de Janeiro, que far\u00e1 \u00e0 Jundia\u00ed na Marqu\u00eas de Sapuca\u00ed, este\u00a0ano, com o enredo \u2018Do toque do criador \u00e0 cidade saud\u00e1vel do Brasil \u2013 Jundia\u00ed, uma refer\u00eancia\u00a0nacional\u2019.<\/p>\n<p><em><strong>Viviane Rodrigues<br \/>\nFoto: Paulo Gr\u00e9gio <\/strong><\/em><\/p>\n","protected":false},"excerpt":{"rendered":"<p>Em festa de gala ocorrida no Clube Nacional, nova realeza \u00e9 coroada; confira os vencedores    <\/p>\n","protected":false},"author":10,"featured_media":80330,"comment_status":"closed","ping_status":"closed","sticky":false,"template":"","format":"standard","meta":{"footnotes":""},"categories":[2],"tags":[229,29],"ods":[],"class_list":["post-80329","post","type-post","status-publish","format-standard","has-post-thumbnail","hentry","category-noticias","tag-carnaval-2014","tag-cultura"],"_links":{"self":[{"href":"https:\/\/jundiai.sp.gov.br\/noticias\/wp-json\/wp\/v2\/posts\/80329","targetHints":{"allow":["GET"]}}],"collection":[{"href":"https:\/\/jundiai.sp.gov.br\/noticias\/wp-json\/wp\/v2\/posts"}],"about":[{"href":"https:\/\/jundiai.sp.gov.br\/noticias\/wp-json\/wp\/v2\/types\/post"}],"author":[{"embeddable":true,"href":"https:\/\/jundiai.sp.gov.br\/noticias\/wp-json\/wp\/v2\/users\/10"}],"replies":[{"embeddable":true,"href":"https:\/\/jundiai.sp.gov.br\/noticias\/wp-json\/wp\/v2\/comments?post=80329"}],"version-history":[{"count":1,"href":"https:\/\/jundiai.sp.gov.br\/noticias\/wp-json\/wp\/v2\/posts\/80329\/revisions"}],"predecessor-version":[{"id":158024,"href":"https:\/\/jundiai.sp.gov.br\/noticias\/wp-json\/wp\/v2\/posts\/80329\/revisions\/158024"}],"wp:featuredmedia":[{"embeddable":true,"href":"https:\/\/jundiai.sp.gov.br\/noticias\/wp-json\/"}],"wp:attachment":[{"href":"https:\/\/jundiai.sp.gov.br\/noticias\/wp-json\/wp\/v2\/media?parent=80329"}],"wp:term":[{"taxonomy":"category","embeddable":true,"href":"https:\/\/jundiai.sp.gov.br\/noticias\/wp-json\/wp\/v2\/categories?post=80329"},{"taxonomy":"post_tag","embeddable":true,"href":"https:\/\/jundiai.sp.gov.br\/noticias\/wp-json\/wp\/v2\/tags?post=80329"},{"taxonomy":"ods","embeddable":true,"href":"https:\/\/jundiai.sp.gov.br\/noticias\/wp-json\/wp\/v2\/ods?post=80329"}],"curies":[{"name":"wp","href":"https:\/\/api.w.org\/{rel}","templated":true}]}}