{"id":80845,"date":"2014-02-14T22:23:18","date_gmt":"2014-02-15T00:23:18","guid":{"rendered":"https:\/\/jundiai.sp.gov.br\/noticias\/?p=80845"},"modified":"2016-11-04T11:15:34","modified_gmt":"2016-11-04T13:15:34","slug":"festa-da-uva-80-anos-publico-aproveita-ultimo-fim-de-semana","status":"publish","type":"post","link":"https:\/\/jundiai.sp.gov.br\/noticias\/2014\/02\/14\/festa-da-uva-80-anos-publico-aproveita-ultimo-fim-de-semana\/","title":{"rendered":"P\u00fablico aproveita \u00faltimo fim de semana"},"content":{"rendered":"<div id=\"attachment_130685\" style=\"width: 610px\" class=\"wp-caption aligncenter\"><a href=\"https:\/\/jundiai.sp.gov.br\/noticias\/wp-content\/uploads\/sites\/32\/2014\/02\/P\u00fablico-aproveita-\u00faltimo-fim-de-semana-1.jpg\"><img loading=\"lazy\" decoding=\"async\" aria-describedby=\"caption-attachment-130685\" src=\"https:\/\/jundiai.sp.gov.br\/noticias\/wp-content\/uploads\/sites\/32\/2014\/02\/P\u00fablico-aproveita-\u00faltimo-fim-de-semana-1-720x480.jpg\" alt=\"P\u00fablico lotou o pavilh\u00e3o para ver a apresenta\u00e7\u00e3o do grupo de capoeira\" width=\"600\" height=\"450\" class=\"size-large wp-image-130685\" \/><\/a><p id=\"caption-attachment-130685\" class=\"wp-caption-text\">P\u00fablico lotou o pavilh\u00e3o para ver a apresenta\u00e7\u00e3o do grupo de capoeira<\/p><\/div>\n<p>A <a href=\"http:\/\/festadauva.jundiai.sp.gov.br\/\" target=\"_blank\"><strong>31\u00aa Festa da Uva e 2\u00aa Expo Vinhos<\/strong><\/a> chegam ao seu \u00faltimo fim de semana e apesar de a chuva chegar com tudo na noite desta sexta-feira (14) o p\u00fablico n\u00e3o desanimou. <\/p>\n<p>Que dir\u00e1 as crian\u00e7as atendidas pela Casa de Nazar\u00e9, que aguardavam, animadas, os comes e bebes no Espa\u00e7o Deguste. Frango frito, polenta, macarr\u00e3o e nhoque eram alguns dos pratos saborosos que elas se deliciavam. \u201cEu at\u00e9 pensei em adiar, por conta da chuva, mas quem convence essa crian\u00e7ada, para elas \u00e9 pura divers\u00e3o\u201d, conta Maria Aparecida da Silva, respons\u00e1vel pela entidade. A Casa de Nazar\u00e9 \u00e9 uma das entidades que se beneficiam com a festa ao comercializar produtos no evento.<\/p>\n<p>A Associa\u00e7\u00e3o Cultural e Beneficente Nipo Brasileira de Jundia\u00ed tamb\u00e9m comemora o movimento que j\u00e1 atingiu mais de 90 mil pessoas em dois fins de semana. \u201cOs dois \u00faltimos fins de semana foram muito bons, soubemos de visitantes que vieram de excurs\u00e3o e depois voltaram sozinhos, porque gostaram muito da festa\u201d, conta Olga Kobori, secret\u00e1ria da Nipo.<\/p>\n<p><div id=\"attachment_130688\" style=\"width: 410px\" class=\"wp-caption alignleft\"><a href=\"https:\/\/jundiai.sp.gov.br\/noticias\/wp-content\/uploads\/sites\/32\/2014\/02\/P\u00fablico-aproveita-\u00faltimo-fim-de-semana-2.jpg\"><img loading=\"lazy\" decoding=\"async\" aria-describedby=\"caption-attachment-130688\" src=\"https:\/\/jundiai.sp.gov.br\/noticias\/wp-content\/uploads\/sites\/32\/2014\/02\/P\u00fablico-aproveita-\u00faltimo-fim-de-semana-2-720x426.jpg\" alt=\"Equipe da Nipo est\u00e1 animada com os resultados da festa: boas expectativas\" width=\"400\" height=\"400\" class=\"size-large wp-image-130688\" \/><\/a><p id=\"caption-attachment-130688\" class=\"wp-caption-text\">Equipe da Nipo est\u00e1 animada com os resultados da festa: boas expectativas<\/p><\/div>Segundo ela, a entidade j\u00e1 conseguiu atingir a meta de recursos angariados com a festa. Eles ser\u00e3o investidos na manuten\u00e7\u00e3o do clube. \u201cEsperamos um movimento ainda maior neste \u00faltimo fim de semana, mas estamos muito satisfeitos\u201d.<\/p>\n<p>Para Marcela Moro, diretora de Turismo da Secretaria de Agricultura e Abastecimento, a expectativa \u00e9 ultrapassar as vendas e n\u00famero de p\u00fablico nesse \u00faltimo fim de semana. \u201cEstamos em uma crescente, vamos torcer para que o sucesso da festa continue.\u201d<\/p>\n<p><strong>Ainda da tempo <\/strong><br \/>\nSe voc\u00ea ainda n\u00e3o conferiu esta edi\u00e7\u00e3o, ainda d\u00e1 tempo de comparecer <a href=\"https:\/\/jundiai.sp.gov.br\/noticias\/2014\/01\/festa-da-uva-confira-a-programacao\/\" target=\"_blank\"><strong>neste fim de semana que est\u00e1 cheio de atra\u00e7\u00f5es<\/strong><\/a>.<\/p>\n<p>No s\u00e1bado a festa fica por conta do segundo Dia do Rock Na Festa da Uva com a apresenta\u00e7\u00e3o das bandas Alana, Just, Guilhotina, Godzorder e Users On The Box, a partir das 18h, no palco externo.<\/p>\n<p>No domingo, \u00faltimo dia de festa, \u00e9 a vez da <a href=\"https:\/\/jundiai.sp.gov.br\/noticias\/2014\/02\/festa-da-uva-80-anos-motoclubes-se-reunem-neste-domingo-16\/\" target=\"_blank\"><strong>Parada dos Motociclistas<\/strong><\/a>, comandada pelo motoclube Caveiras do Japi MC.<\/p>\n<p>A concentra\u00e7\u00e3o ser\u00e1 a partir das 11h, em frente \u00e0 Banca da Nove, na avenida Nove de Julho. De l\u00e1, os motociclistas seguem para o Parque da Uva. As motos ficar\u00e3o em exposi\u00e7\u00e3o para o p\u00fablico durante a festa.<\/p>\n<p><em><strong>Kadija Rodrigues<br \/>\nFotos: Alessandro Rosman <\/strong><\/em><\/p>\n","protected":false},"excerpt":{"rendered":"<p>Entidades participantes da Festa da Uva comemoram movimento intenso; confira atra\u00e7\u00f5es do fim de semana <\/p>\n","protected":false},"author":10,"featured_media":80848,"comment_status":"closed","ping_status":"closed","sticky":false,"template":"","format":"standard","meta":{"footnotes":""},"categories":[2],"tags":[41,29,199],"ods":[],"class_list":["post-80845","post","type-post","status-publish","format-standard","has-post-thumbnail","hentry","category-noticias","tag-agricultura-abastecimento-e-turismo","tag-cultura","tag-festa-da-uva-2014"],"_links":{"self":[{"href":"https:\/\/jundiai.sp.gov.br\/noticias\/wp-json\/wp\/v2\/posts\/80845","targetHints":{"allow":["GET"]}}],"collection":[{"href":"https:\/\/jundiai.sp.gov.br\/noticias\/wp-json\/wp\/v2\/posts"}],"about":[{"href":"https:\/\/jundiai.sp.gov.br\/noticias\/wp-json\/wp\/v2\/types\/post"}],"author":[{"embeddable":true,"href":"https:\/\/jundiai.sp.gov.br\/noticias\/wp-json\/wp\/v2\/users\/10"}],"replies":[{"embeddable":true,"href":"https:\/\/jundiai.sp.gov.br\/noticias\/wp-json\/wp\/v2\/comments?post=80845"}],"version-history":[{"count":2,"href":"https:\/\/jundiai.sp.gov.br\/noticias\/wp-json\/wp\/v2\/posts\/80845\/revisions"}],"predecessor-version":[{"id":130689,"href":"https:\/\/jundiai.sp.gov.br\/noticias\/wp-json\/wp\/v2\/posts\/80845\/revisions\/130689"}],"wp:featuredmedia":[{"embeddable":true,"href":"https:\/\/jundiai.sp.gov.br\/noticias\/wp-json\/"}],"wp:attachment":[{"href":"https:\/\/jundiai.sp.gov.br\/noticias\/wp-json\/wp\/v2\/media?parent=80845"}],"wp:term":[{"taxonomy":"category","embeddable":true,"href":"https:\/\/jundiai.sp.gov.br\/noticias\/wp-json\/wp\/v2\/categories?post=80845"},{"taxonomy":"post_tag","embeddable":true,"href":"https:\/\/jundiai.sp.gov.br\/noticias\/wp-json\/wp\/v2\/tags?post=80845"},{"taxonomy":"ods","embeddable":true,"href":"https:\/\/jundiai.sp.gov.br\/noticias\/wp-json\/wp\/v2\/ods?post=80845"}],"curies":[{"name":"wp","href":"https:\/\/api.w.org\/{rel}","templated":true}]}}