{"id":80858,"date":"2014-02-15T22:30:12","date_gmt":"2014-02-16T00:30:12","guid":{"rendered":"https:\/\/jundiai.sp.gov.br\/noticias\/?p=80858"},"modified":"2016-11-04T11:15:34","modified_gmt":"2016-11-04T13:15:34","slug":"fumas-moradores-se-emocionam-ao-receber-escrituras","status":"publish","type":"post","link":"https:\/\/jundiai.sp.gov.br\/noticias\/2014\/02\/15\/fumas-moradores-se-emocionam-ao-receber-escrituras\/","title":{"rendered":"Fumas: Moradores se emocionam ao receber escrituras"},"content":{"rendered":"<p><strong>A dona de casa Regina Gomes da Silva, 39 anos, n\u00e3o conseguia conter as l\u00e1grimas ao pegar a escritura do seu im\u00f3vel localizado no Parque Residencial das Flores, na Vila Comercial. Ela e outros 53 donos de im\u00f3veis receberam o documento na manh\u00e3 deste s\u00e1bado (15) em a\u00e7\u00e3o promovida pela Fumas (Funda\u00e7\u00e3o Municipal de A\u00e7\u00e3o Social) com a presen\u00e7a do prefeito Pedro Bigardi. <\/strong><\/p>\n<p><strong>MAIS<br \/>\n<a href=\"https:\/\/jundiai.sp.gov.br\/noticias\/2014\/02\/emprego-confira-as-vagas-do-pat-5\/\" target=\"_blank\">Emprego: Confira as vagas do PAT<\/strong><\/a><br \/>\n<a href=\"https:\/\/jundiai.sp.gov.br\/noticias\/2014\/02\/revitalizacao-do-centro-comeca-com-tres-pracas\/\" target=\"_blank\"><strong>Revitaliza\u00e7\u00e3o do Centro come\u00e7a com tr\u00eas pra\u00e7as<\/strong><\/a><\/p>\n<p><div id=\"attachment_130669\" style=\"width: 390px\" class=\"wp-caption alignleft\"><a href=\"https:\/\/jundiai.sp.gov.br\/noticias\/wp-content\/uploads\/sites\/32\/2014\/02\/Fumas-Moradores-se-emocionam-ao-receber-escrituras-1.jpg\"><img loading=\"lazy\" decoding=\"async\" aria-describedby=\"caption-attachment-130669\" src=\"https:\/\/jundiai.sp.gov.br\/noticias\/wp-content\/uploads\/sites\/32\/2014\/02\/Fumas-Moradores-se-emocionam-ao-receber-escrituras-1-624x960.jpg\" alt=\"Pedro Bigardi: &quot;documento representa a grande vit\u00f3ria de cada morador&quot;\" width=\"380\" height=\"420\" class=\"size-large wp-image-130669\" \/><\/a><p id=\"caption-attachment-130669\" class=\"wp-caption-text\">Pedro Bigardi: &#8220;documento representa a grande vit\u00f3ria de cada morador&#8221;<\/p><\/div>Os im\u00f3veis est\u00e3o localizados no Parque Residencial das Flores, na Vila Comercial e no Vila da Pedra Bela, na Vila Jundiain\u00f3polis. <\/p>\n<p>\u201cS\u00e3o anos de luta e esse documento representa uma vit\u00f3ria, uma conquista, por isso que me emociono\u201d, conta Regina, ao dizer que agora poder\u00e1, finalmente, pintar a sua casa. \u201cAntes a gente tinha medo de perder, mas agora posso dizer que \u00e9 minha.\u201d<\/p>\n<p><strong>No fim de 2013, o prefeito Pedro Bigardi anunciou a conclus\u00e3o da regulariza\u00e7\u00e3o fundi\u00e1ria de 53 im\u00f3veis em dois empreendimentos sociais: 35 lotes na Vila Comercial e 18 casas na Vila Jundiain\u00f3polis. A a\u00e7\u00e3o beneficiou mais de 200 pessoas.<\/strong><\/p>\n<p><strong>O processo do Parque Residencial das Flores est\u00e1 em andamento desde 1996, e o da Vila da Pedra Bela desde 2003. Mas em 2013, gra\u00e7as a uma a\u00e7\u00e3o conjunta entre a Fumas, a Secretaria de Obras e a Secretaria de Neg\u00f3cios Jur\u00eddicos foi poss\u00edvel concluir a regulariza\u00e7\u00e3o. Este processo permitiu a entrega das escrituras aos moradores.<\/strong><\/p>\n<p>\u201cA gente fica muito feliz, pois sabemos que essas escrituras s\u00e3o a conquista dos moradores e eu conhe\u00e7o a luta de perto de cada um\u201d, afirma o prefeito ao dizer que a regulariza\u00e7\u00e3o fundi\u00e1ria \u00e9 uma das a\u00e7\u00f5es priorit\u00e1rias do governo e est\u00e1 prevista no Programa de Metas 2013-2016, dentro do projeto de Reforma Urbana e Habita\u00e7\u00e3o.<\/p>\n<p>O chefe do Executivo tamb\u00e9m divulgou alguns n\u00fameros de projetos habitacionais que beneficiar\u00e3o v\u00e1rias regi\u00f5es da cidade e citou exemplos como a reurbaniza\u00e7\u00e3o do Jardim S\u00e3o Camilo com a constru\u00e7\u00e3o de 400 unidades habitacionais, a \u00faltima etapa da mesma a\u00e7\u00e3o na Vila Ana e comunicou das mais de 1 mil casas previstas para o Jardim Novo Horizonte e outras 1 mil para a regi\u00e3o do Engordadouro.<\/p>\n<p><div id=\"attachment_130671\" style=\"width: 290px\" class=\"wp-caption alignright\"><a href=\"https:\/\/jundiai.sp.gov.br\/noticias\/wp-content\/uploads\/sites\/32\/2014\/02\/Fumas-Moradores-se-emocionam-ao-receber-escrituras-2.jpg\"><img loading=\"lazy\" decoding=\"async\" aria-describedby=\"caption-attachment-130671\" src=\"https:\/\/jundiai.sp.gov.br\/noticias\/wp-content\/uploads\/sites\/32\/2014\/02\/Fumas-Moradores-se-emocionam-ao-receber-escrituras-2-655x960.jpg\" alt=\"Regina recebe das m\u00e3os do vereador Jos\u00e9 Dias a escritura da sua casa\" width=\"280\" height=\"320\" class=\"size-large wp-image-130671\" \/><\/a><p id=\"caption-attachment-130671\" class=\"wp-caption-text\">Regina recebe das m\u00e3os do vereador Jos\u00e9 Dias a escritura da sua casa<\/p><\/div>Para o superintendente da Fumas, Rodrigo Mendes Pereira, este s\u00e1bado foi um momento hist\u00f3rico para os moradores das vilas Comercial e Jundiain\u00f3polis.<\/p>\n<p>\u201c\u00c9 claro que a participa\u00e7\u00e3o do governo \u00e9 fundamental para esse desfecho, mas os moradores s\u00e3o os principais atores dessa luta que est\u00e1 chegando ao fim e com a vit\u00f3ria\u201d, diz.<\/p>\n<p>Rodrigo diz que o governo consegue configurar uma pol\u00edtica habitacional em Jundia\u00ed firmada no trip\u00e9: produ\u00e7\u00e3o habitacional de baixa renda, urbaniza\u00e7\u00e3o e regulariza\u00e7\u00e3o fundi\u00e1ria.<\/p>\n<p><strong>Servi\u00e7o <\/strong><br \/>\n<strong>Os moradores que n\u00e3o puderam comparecer na entrega das escrituras devem procurar a Fumas localizada na avenida Uni\u00e3o dos Ferrovi\u00e1rios, 2222, Centro. Os telefones de contato s\u00e3o (11) 4583-1722 ou (11) 4583-1718.<\/strong><\/p>\n<p><em><strong>Kadija Rodrigues<br \/>\nFoto: Alessandro Rosman <\/strong><\/em><\/p>\n","protected":false},"excerpt":{"rendered":"<p>No fim de 2013 foi anunciado a conclus\u00e3o da regulariza\u00e7\u00e3o fundi\u00e1ria de 53 im\u00f3veis; mais de 200 beneficiados <\/p>\n","protected":false},"author":10,"featured_media":78140,"comment_status":"closed","ping_status":"closed","sticky":false,"template":"","format":"standard","meta":{"footnotes":""},"categories":[2],"tags":[49],"ods":[],"class_list":["post-80858","post","type-post","status-publish","format-standard","has-post-thumbnail","hentry","category-noticias","tag-fundacao-municipal-de-acao-social-fumas"],"_links":{"self":[{"href":"https:\/\/jundiai.sp.gov.br\/noticias\/wp-json\/wp\/v2\/posts\/80858","targetHints":{"allow":["GET"]}}],"collection":[{"href":"https:\/\/jundiai.sp.gov.br\/noticias\/wp-json\/wp\/v2\/posts"}],"about":[{"href":"https:\/\/jundiai.sp.gov.br\/noticias\/wp-json\/wp\/v2\/types\/post"}],"author":[{"embeddable":true,"href":"https:\/\/jundiai.sp.gov.br\/noticias\/wp-json\/wp\/v2\/users\/10"}],"replies":[{"embeddable":true,"href":"https:\/\/jundiai.sp.gov.br\/noticias\/wp-json\/wp\/v2\/comments?post=80858"}],"version-history":[{"count":2,"href":"https:\/\/jundiai.sp.gov.br\/noticias\/wp-json\/wp\/v2\/posts\/80858\/revisions"}],"predecessor-version":[{"id":130672,"href":"https:\/\/jundiai.sp.gov.br\/noticias\/wp-json\/wp\/v2\/posts\/80858\/revisions\/130672"}],"wp:featuredmedia":[{"embeddable":true,"href":"https:\/\/jundiai.sp.gov.br\/noticias\/wp-json\/"}],"wp:attachment":[{"href":"https:\/\/jundiai.sp.gov.br\/noticias\/wp-json\/wp\/v2\/media?parent=80858"}],"wp:term":[{"taxonomy":"category","embeddable":true,"href":"https:\/\/jundiai.sp.gov.br\/noticias\/wp-json\/wp\/v2\/categories?post=80858"},{"taxonomy":"post_tag","embeddable":true,"href":"https:\/\/jundiai.sp.gov.br\/noticias\/wp-json\/wp\/v2\/tags?post=80858"},{"taxonomy":"ods","embeddable":true,"href":"https:\/\/jundiai.sp.gov.br\/noticias\/wp-json\/wp\/v2\/ods?post=80858"}],"curies":[{"name":"wp","href":"https:\/\/api.w.org\/{rel}","templated":true}]}}