{"id":80912,"date":"2014-02-17T15:29:51","date_gmt":"2014-02-17T18:29:51","guid":{"rendered":"https:\/\/jundiai.sp.gov.br\/noticias\/?p=80912"},"modified":"2016-11-04T11:15:34","modified_gmt":"2016-11-04T13:15:34","slug":"prefeito-conhece-teatro-de-graca-na-praca","status":"publish","type":"post","link":"https:\/\/jundiai.sp.gov.br\/noticias\/2014\/02\/17\/prefeito-conhece-teatro-de-graca-na-praca\/","title":{"rendered":"Prefeito conhece &#8220;Teatro de Gra\u00e7a na Pra\u00e7a&#8221;"},"content":{"rendered":"<div id=\"attachment_130565\" style=\"width: 610px\" class=\"wp-caption aligncenter\"><a href=\"https:\/\/jundiai.sp.gov.br\/noticias\/wp-content\/uploads\/sites\/32\/2014\/02\/Prefeito-conhece-Teatro-de-Gra\u00e7a-na-Pra\u00e7a-1.jpg\"><img loading=\"lazy\" decoding=\"async\" aria-describedby=\"caption-attachment-130565\" src=\"https:\/\/jundiai.sp.gov.br\/noticias\/wp-content\/uploads\/sites\/32\/2014\/02\/Prefeito-conhece-Teatro-de-Gra\u00e7a-na-Pra\u00e7a-1-720x524.jpg\" alt=\"Elizabeth Savalla apresenta projeto ao prefeito\" width=\"600\" height=\"450\" class=\"size-large wp-image-130565\" \/><\/a><p id=\"caption-attachment-130565\" class=\"wp-caption-text\">Elizabeth Savalla apresenta projeto ao prefeito<\/p><\/div>\n<p><strong>Na manh\u00e3 desta segunda-feira (17), o prefeito Pedro Bigardi recebeu a visita da atriz Elizabeth Savalla. No encontro, a atriz &#8211; que fez sucesso na recente novela &#8216;Amor \u00e0 vida&#8217; &#8211; apresentou ao prefeito o projeto \u201cTeatro de Gra\u00e7a na Pra\u00e7a\u201d.<\/p>\n<p><strong>MAIS<br \/>\n<a href=\"https:\/\/jundiai.sp.gov.br\/noticias\/2014\/02\/cenografa-brilha-na-capital-e-faz-oficina-gratuita-em-jundiai\/\" target=\"_blank\">Cen\u00f3grafa brilha na capital e faz oficina gratuita em Jundia\u00ed<\/strong><\/a><\/p>\n<p>J\u00e1 na terceira edi\u00e7\u00e3o, a iniciativa foi idealizada por Elizabeth Savalla e patrocinada pelas prefeituras por onde passa. \u201cO objetivo \u00e9 popularizar o teatro e dar oportunidade para que as fam\u00edlias tenham acesso a espet\u00e1culos de qualidade\u201d, explica a atriz.<\/strong><\/p>\n<p><div id=\"attachment_130567\" style=\"width: 410px\" class=\"wp-caption alignleft\"><a href=\"https:\/\/jundiai.sp.gov.br\/noticias\/wp-content\/uploads\/sites\/32\/2014\/02\/Prefeito-conhece-Teatro-de-Gra\u00e7a-na-Pra\u00e7a-2.jpg\"><img loading=\"lazy\" decoding=\"async\" aria-describedby=\"caption-attachment-130567\" src=\"https:\/\/jundiai.sp.gov.br\/noticias\/wp-content\/uploads\/sites\/32\/2014\/02\/Prefeito-conhece-Teatro-de-Gra\u00e7a-na-Pra\u00e7a-2.jpg\" alt=\"A atriz no espet\u00e1culo &quot;A.M.A.D.A.S&quot;\" width=\"400\" height=\"400\" class=\"size-full wp-image-130567\" \/><\/a><p id=\"caption-attachment-130567\" class=\"wp-caption-text\">A atriz no espet\u00e1culo &#8220;A.M.A.D.A.S&#8221;<\/p><\/div>Segundo ela, o poder p\u00fablico contribui apenas com a divulga\u00e7\u00e3o do espet\u00e1culo e a ilumina\u00e7\u00e3o. Toda a estrutura do espet\u00e1culo \u00e9 trazida pelo projeto. <\/p>\n<p>De acordo com o prefeito Pedro Bigardi, ser\u00e1 estudada a possibilidade de trazer o \u201cTeatro de Gra\u00e7a na Pra\u00e7a\u201d para Jundia\u00ed. \u201cFiquei muito entusiasmado com a visita da Elizabeth e com o convite. \u00c9 uma grande oportunidade de trazer o teatro gratuitamente \u00e0 popula\u00e7\u00e3o\u201d, destacou.<\/p>\n<p>A turn\u00ea de &#8220;Teatro de Gra\u00e7a na Pra\u00e7a&#8221; vai rodar pelo interior de S\u00e3o Paulo nos meses de abril e maio. O espet\u00e1culo interpretado pela atriz no projeto \u00e9 o \u201cA.M.A.D.A.S &#8211; Associa\u00e7\u00e3o das Mulheres que Acordam Despencadas\u201d.<\/p>\n<p><em><strong>Luiza Oliveira<br \/>\nFoto: Paulo Gr\u00e9gio <\/strong><\/em><\/p>\n","protected":false},"excerpt":{"rendered":"<p>Projeto \u00e9 encabe\u00e7ado pela atriz Elizabeth Savalla e excursiona por v\u00e1rias cidades do interior por meio de parceria    <\/p>\n","protected":false},"author":10,"featured_media":80915,"comment_status":"closed","ping_status":"closed","sticky":false,"template":"","format":"standard","meta":{"footnotes":""},"categories":[2],"tags":[58],"ods":[],"class_list":["post-80912","post","type-post","status-publish","format-standard","has-post-thumbnail","hentry","category-noticias","tag-prefeito"],"_links":{"self":[{"href":"https:\/\/jundiai.sp.gov.br\/noticias\/wp-json\/wp\/v2\/posts\/80912","targetHints":{"allow":["GET"]}}],"collection":[{"href":"https:\/\/jundiai.sp.gov.br\/noticias\/wp-json\/wp\/v2\/posts"}],"about":[{"href":"https:\/\/jundiai.sp.gov.br\/noticias\/wp-json\/wp\/v2\/types\/post"}],"author":[{"embeddable":true,"href":"https:\/\/jundiai.sp.gov.br\/noticias\/wp-json\/wp\/v2\/users\/10"}],"replies":[{"embeddable":true,"href":"https:\/\/jundiai.sp.gov.br\/noticias\/wp-json\/wp\/v2\/comments?post=80912"}],"version-history":[{"count":2,"href":"https:\/\/jundiai.sp.gov.br\/noticias\/wp-json\/wp\/v2\/posts\/80912\/revisions"}],"predecessor-version":[{"id":130569,"href":"https:\/\/jundiai.sp.gov.br\/noticias\/wp-json\/wp\/v2\/posts\/80912\/revisions\/130569"}],"wp:featuredmedia":[{"embeddable":true,"href":"https:\/\/jundiai.sp.gov.br\/noticias\/wp-json\/"}],"wp:attachment":[{"href":"https:\/\/jundiai.sp.gov.br\/noticias\/wp-json\/wp\/v2\/media?parent=80912"}],"wp:term":[{"taxonomy":"category","embeddable":true,"href":"https:\/\/jundiai.sp.gov.br\/noticias\/wp-json\/wp\/v2\/categories?post=80912"},{"taxonomy":"post_tag","embeddable":true,"href":"https:\/\/jundiai.sp.gov.br\/noticias\/wp-json\/wp\/v2\/tags?post=80912"},{"taxonomy":"ods","embeddable":true,"href":"https:\/\/jundiai.sp.gov.br\/noticias\/wp-json\/wp\/v2\/ods?post=80912"}],"curies":[{"name":"wp","href":"https:\/\/api.w.org\/{rel}","templated":true}]}}