{"id":80924,"date":"2014-02-17T16:53:45","date_gmt":"2014-02-17T19:53:45","guid":{"rendered":"https:\/\/jundiai.sp.gov.br\/noticias\/?p=80924"},"modified":"2016-11-04T11:15:34","modified_gmt":"2016-11-04T13:15:34","slug":"transito-secretaria-informa-interdicao-no-jardim-samambaia","status":"publish","type":"post","link":"https:\/\/jundiai.sp.gov.br\/noticias\/2014\/02\/17\/transito-secretaria-informa-interdicao-no-jardim-samambaia\/","title":{"rendered":"Tr\u00e2nsito: Secretaria informa interdi\u00e7\u00e3o no Jardim Samambaia"},"content":{"rendered":"<p>A Divis\u00e3o de Fiscaliza\u00e7\u00e3o de Tr\u00e2nsito, da Secretaria de Transportes, informa que at\u00e9 a pr\u00f3xima quarta-feira (19) a avenida Comendador Gumercindo Barranqueiros, no Jardim Samambaia, estar\u00e1 com m\u00e3o \u00fanica de dire\u00e7\u00e3o no trecho entre o trevo da Via Anhanguera e a rua Giuseppe Franco, no sentido bairro. A interdi\u00e7\u00e3o ser\u00e1 feita devido a realiza\u00e7\u00e3o de obras na via.<\/p>\n<p>Para quem trafega sentido bairro-Centro, o desvio alternativo pode ser feito pela avenida Adilson Rodrigues, conforme sinaliza\u00e7\u00e3o no local. Mais informa\u00e7\u00f5es podem ser obtidas pelo telefone 4583-3370.<\/p>\n<p><em><strong>Assessoria de Imprensa<\/strong><\/em><\/p>\n","protected":false},"excerpt":{"rendered":"<p>A Divis\u00e3o de Fiscaliza\u00e7\u00e3o de Tr\u00e2nsito, da Secretaria de Transportes, informa que at\u00e9 a pr\u00f3xima quarta-feira (19) a avenida Comendador Gumercindo Barranqueiros, no Jardim Samambaia, estar\u00e1 com m\u00e3o \u00fanica de dire\u00e7\u00e3o no trecho entre o trevo da Via Anhanguera e a rua Giuseppe Franco, no sentido bairro. A interdi\u00e7\u00e3o ser\u00e1 feita devido a realiza\u00e7\u00e3o de [&hellip;]<\/p>\n","protected":false},"author":10,"featured_media":0,"comment_status":"closed","ping_status":"closed","sticky":false,"template":"","format":"standard","meta":{"footnotes":""},"categories":[2],"tags":[338],"ods":[],"class_list":["post-80924","post","type-post","status-publish","format-standard","hentry","category-noticias","tag-transportes"],"_links":{"self":[{"href":"https:\/\/jundiai.sp.gov.br\/noticias\/wp-json\/wp\/v2\/posts\/80924","targetHints":{"allow":["GET"]}}],"collection":[{"href":"https:\/\/jundiai.sp.gov.br\/noticias\/wp-json\/wp\/v2\/posts"}],"about":[{"href":"https:\/\/jundiai.sp.gov.br\/noticias\/wp-json\/wp\/v2\/types\/post"}],"author":[{"embeddable":true,"href":"https:\/\/jundiai.sp.gov.br\/noticias\/wp-json\/wp\/v2\/users\/10"}],"replies":[{"embeddable":true,"href":"https:\/\/jundiai.sp.gov.br\/noticias\/wp-json\/wp\/v2\/comments?post=80924"}],"version-history":[{"count":1,"href":"https:\/\/jundiai.sp.gov.br\/noticias\/wp-json\/wp\/v2\/posts\/80924\/revisions"}],"predecessor-version":[{"id":128857,"href":"https:\/\/jundiai.sp.gov.br\/noticias\/wp-json\/wp\/v2\/posts\/80924\/revisions\/128857"}],"wp:attachment":[{"href":"https:\/\/jundiai.sp.gov.br\/noticias\/wp-json\/wp\/v2\/media?parent=80924"}],"wp:term":[{"taxonomy":"category","embeddable":true,"href":"https:\/\/jundiai.sp.gov.br\/noticias\/wp-json\/wp\/v2\/categories?post=80924"},{"taxonomy":"post_tag","embeddable":true,"href":"https:\/\/jundiai.sp.gov.br\/noticias\/wp-json\/wp\/v2\/tags?post=80924"},{"taxonomy":"ods","embeddable":true,"href":"https:\/\/jundiai.sp.gov.br\/noticias\/wp-json\/wp\/v2\/ods?post=80924"}],"curies":[{"name":"wp","href":"https:\/\/api.w.org\/{rel}","templated":true}]}}