{"id":80956,"date":"2014-02-18T11:59:02","date_gmt":"2014-02-18T14:59:02","guid":{"rendered":"https:\/\/jundiai.sp.gov.br\/noticias\/?p=80956"},"modified":"2016-11-04T11:15:35","modified_gmt":"2016-11-04T13:15:35","slug":"plano-diretor-entrega-formularios-a-sociedade-civil","status":"publish","type":"post","link":"https:\/\/jundiai.sp.gov.br\/noticias\/2014\/02\/18\/plano-diretor-entrega-formularios-a-sociedade-civil\/","title":{"rendered":"Plano Diretor entrega formul\u00e1rios \u00e0 sociedade civil"},"content":{"rendered":"<p>Dando continuidade ao processo de envolvimento e participa\u00e7\u00e3o dos setores sociais na discuss\u00e3o do Plano Diretor, <strong>a Secretaria de Planejamento e Meio Ambiente entregou, na noite de segunda-feira (17), formul\u00e1rios confeccionados especificamente \u00e0 sociedade civil organizada (ONGs, associa\u00e7\u00e3o de moradores, entidades profissionais entre outros).<\/strong> O encontro com o segmento ocorreu no audit\u00f3rio da Biblioteca P\u00fablica Municipal Professor Nelson Foot.<\/p>\n<p><a href=\"https:\/\/jundiai.sp.gov.br\/noticias\/planejamento-e-meio-ambiente\/plano-diretor-participativo\/o-que-e\/\" target=\"_blank\"><strong>FIQUE POR DENTRO DO PLANO DIRETOR <\/strong><\/a><\/p>\n<p><strong>Ap\u00f3s a entrega do documento \u2013 composto por nove quest\u00f5es e com data de entrega para 6 de mar\u00e7o \u2013 teve in\u00edcio o quarto dia de capacita\u00e7\u00e3o para esse grupo. Na oportunidade, o arquiteto e urbanista Sidnei Piochi abordou a import\u00e2ncia da lei federal conhecida como Estatuto da Cidade em reger os desdobramentos do Plano Diretor.<\/strong><\/p>\n<div id=\"attachment_130486\" style=\"width: 410px\" class=\"wp-caption alignleft\"><a href=\"https:\/\/jundiai.sp.gov.br\/noticias\/wp-content\/uploads\/sites\/32\/2014\/02\/Plano-Diretor-entrega-formul\u00e1rios-\u00e0-sociedade-civil-1.jpg\"><img loading=\"lazy\" decoding=\"async\" aria-describedby=\"caption-attachment-130486\" src=\"https:\/\/jundiai.sp.gov.br\/noticias\/wp-content\/uploads\/sites\/32\/2014\/02\/Plano-Diretor-entrega-formul\u00e1rios-\u00e0-sociedade-civil-1-720x483.jpg\" alt=\"Daniela, secret\u00e1ria: &quot;Construindo o futuro da cidade&quot;\" width=\"400\" height=\"400\" class=\"size-large wp-image-130486\" \/><\/a><p id=\"caption-attachment-130486\" class=\"wp-caption-text\">Daniela, secret\u00e1ria: &#8220;Construindo o futuro da cidade&#8221;<\/p><\/div>\n<p>Para a secret\u00e1ria da pasta, Daniela da Camara Sutti, <strong>a ideia \u00e9 que, at\u00e9 o fim do ano, uma pe\u00e7a final (minuta), resultado de todas as etapas de discuss\u00e3o popular, seja encaminhada para avalia\u00e7\u00e3o na C\u00e2mara Municipal<\/strong>.<\/p>\n<p>\u201cMas o prazo n\u00e3o pode e n\u00e3o deve limitar a qualidade do processo. N\u00f3s estamos construindo uma cultura na cidade de participa\u00e7\u00e3o popular em todos os est\u00e1gios do debate\u201d, observa. Ainda para a secret\u00e1ria, a cada reuni\u00e3o, o envolvimento aumenta. \u201cQueremos uma discuss\u00e3o de alto n\u00edvel, entender a cidade que temos e a cidade que queremos ter\u201d, explica, ao apontar o ineditismo no processo de capacita\u00e7\u00e3o dos envolvidos.<\/p>\n<p>O diretor de Planejamento, D\u00e9cio Pinheiro Pradella, esclarece que <strong>foram feitos tr\u00eas tipos de formul\u00e1rio: um voltado para o cidad\u00e3o comum, que vai receb\u00ea-lo junto com a conta da \u00e1gua; outro voltado para alunos da rede municipal e estadual de ensino e, por fim, um terceiro que atende a sociedade civil organizada. <\/strong>\u201cVamos cruzar essas informa\u00e7\u00f5es, entendendo o olhar de cada segmento.\u201d<\/p>\n<p>Pradella tamb\u00e9m salienta que os moradores da zona rural que n\u00e3o recebem a conta da \u00e1gua em casa ir\u00e3o participar. \u201cNem que tenhamos de fazer uma for\u00e7a-tarefa e levar esses question\u00e1rios de porta em porta. <strong>Nosso esfor\u00e7o \u00e9 fazer com que a ferramenta seja a mais participativa e abrangente poss\u00edvel, como nunca aconteceu antes<\/strong>.\u201d Somando todos os tipos de formul\u00e1rio, aproximadamente 150 mil ser\u00e3o distribu\u00eddos em toda a cidade.<\/p>\n<div id=\"attachment_130488\" style=\"width: 410px\" class=\"wp-caption alignright\"><a href=\"https:\/\/jundiai.sp.gov.br\/noticias\/wp-content\/uploads\/sites\/32\/2014\/02\/Plano-Diretor-entrega-formul\u00e1rios-\u00e0-sociedade-civil-2.jpg\"><img loading=\"lazy\" decoding=\"async\" aria-describedby=\"caption-attachment-130488\" src=\"https:\/\/jundiai.sp.gov.br\/noticias\/wp-content\/uploads\/sites\/32\/2014\/02\/Plano-Diretor-entrega-formul\u00e1rios-\u00e0-sociedade-civil-2-720x588.jpg\" alt=\"Formul\u00e1rios entregues \u00e0 sociedade civil\" width=\"400\" height=\"400\" class=\"size-large wp-image-130488\" \/><\/a><p id=\"caption-attachment-130488\" class=\"wp-caption-text\">Formul\u00e1rios entregues \u00e0 sociedade civil<\/p><\/div>\n<p><strong>Cidade Democr\u00e1tica<\/strong><br \/>\nAos 24 anos e \u00e0 frente do site <a href=\"http:\/\/www.cidadedemocratica.org.br\/\" target=\"_blank\"><strong>Cidade Democr\u00e1tica<\/strong><\/a>, Henrique Parra Parra Filho diz que foi convidado pela pasta para participar das discuss\u00f5es do Plano Diretor. \u201cVamos acompanhar o passo a passo para avaliarmos qu\u00e3o aberto est\u00e1 esse canal. Por meio de um rod\u00edzio de volunt\u00e1rios, temos acompanhado tudo o que vem sendo discutido e, depois, a ideia \u00e9 levar essas informa\u00e7\u00f5es para o site\u201d, argumenta.<\/p>\n<p>Representando a <a href=\"http:\/\/www.proempi.org.br\/site\/\" target=\"_blank\"><strong>Proempi<\/strong> <\/a>(Associa\u00e7\u00e3o das Empresas e Profissionais do Setor Imobili\u00e1rio), Ricardo Benassi mostrou-se otimista sobre a participa\u00e7\u00e3o social em todas as fases da discuss\u00e3o. \u201cAchei \u00f3timo. Est\u00e1 mais organizado e, com isso, a aproxima\u00e7\u00e3o popular deve aumentar. A preocupa\u00e7\u00e3o com a capacita\u00e7\u00e3o tamb\u00e9m \u00e9 outro ponto de destaque. Tenho v\u00e1rios profissionais na Associa\u00e7\u00e3o que est\u00e3o envolvidos em contribuir com essas discuss\u00f5es\u201d, revela.<\/p>\n<p><strong>Participa\u00e7\u00e3o popular<\/strong><br \/>\nNos dias 5 e 6 de janeiro de 2011, o eletricista Jo\u00e3o Osny Cunha, 57 anos, padeceu com a perda de quatro amigos, todos da mesma fam\u00edlia, soterrados em um deslizamento de terra no Jardim S\u00e3o Camilo. J\u00e1 atuante em frentes sociais, ele transformou a trag\u00e9dia em incentivo para arrega\u00e7ar as mangas e participar das discuss\u00f5es que envolvem o futuro da cidade.<\/p>\n<p>Diretor da Associa\u00e7\u00e3o de Moradores do Jardim Tarum\u00e3 e integrante de uma ADL (Agentes de Desenvolvimento Local) do bairro S\u00e3o Camilo, seu Jo\u00e3o se emociona ao contar as hist\u00f3rias de vida e v\u00ea a parceria entre poder p\u00fablico e sociedade como certeira. De cara, garante que pretende participar dos cursos de capacita\u00e7\u00e3o. \u201cTemos a possibilidade de expor a vis\u00e3o do cidad\u00e3o comum, que \u00e9 aquele que mais entende do lugar em que mora e dos problemas que enfrenta\u201d, diz, afirmando que \u2013 como um bom agente multiplicador \u2013 se encarrega de levar as not\u00edcias das reuni\u00f5es aos moradores dos dois bairros.<\/p>\n<p><strong>Participe<\/strong><br \/>\nN\u00e3o deixe de responder o question\u00e1rio da Secretaria de Planejamento e Meio Ambiente quando ele chegar at\u00e9 voc\u00ea. Participe e contribua para uma cidade cada vez melhor. A devolu\u00e7\u00e3o do documento preenchido poder\u00e1 ser feita em urnas colocadas em mercados, casas lot\u00e9ricas e at\u00e9 ag\u00eancias banc\u00e1rias.<\/p>\n<p><em><strong>Thiago Secco<br \/>\nFotos: Alessandro Rosman <\/strong><\/em><\/p>\n","protected":false},"excerpt":{"rendered":"<p>Ap\u00f3s a entrega do documento, ocorreu o quarto dia de capacita\u00e7\u00e3o para o Plano Diretor; entenda mais  <\/p>\n","protected":false},"author":10,"featured_media":80959,"comment_status":"closed","ping_status":"closed","sticky":false,"template":"","format":"standard","meta":{"footnotes":""},"categories":[2],"tags":[32],"ods":[],"class_list":["post-80956","post","type-post","status-publish","format-standard","has-post-thumbnail","hentry","category-noticias","tag-planejamento-e-meio-ambiente"],"_links":{"self":[{"href":"https:\/\/jundiai.sp.gov.br\/noticias\/wp-json\/wp\/v2\/posts\/80956","targetHints":{"allow":["GET"]}}],"collection":[{"href":"https:\/\/jundiai.sp.gov.br\/noticias\/wp-json\/wp\/v2\/posts"}],"about":[{"href":"https:\/\/jundiai.sp.gov.br\/noticias\/wp-json\/wp\/v2\/types\/post"}],"author":[{"embeddable":true,"href":"https:\/\/jundiai.sp.gov.br\/noticias\/wp-json\/wp\/v2\/users\/10"}],"replies":[{"embeddable":true,"href":"https:\/\/jundiai.sp.gov.br\/noticias\/wp-json\/wp\/v2\/comments?post=80956"}],"version-history":[{"count":2,"href":"https:\/\/jundiai.sp.gov.br\/noticias\/wp-json\/wp\/v2\/posts\/80956\/revisions"}],"predecessor-version":[{"id":130547,"href":"https:\/\/jundiai.sp.gov.br\/noticias\/wp-json\/wp\/v2\/posts\/80956\/revisions\/130547"}],"wp:featuredmedia":[{"embeddable":true,"href":"https:\/\/jundiai.sp.gov.br\/noticias\/wp-json\/"}],"wp:attachment":[{"href":"https:\/\/jundiai.sp.gov.br\/noticias\/wp-json\/wp\/v2\/media?parent=80956"}],"wp:term":[{"taxonomy":"category","embeddable":true,"href":"https:\/\/jundiai.sp.gov.br\/noticias\/wp-json\/wp\/v2\/categories?post=80956"},{"taxonomy":"post_tag","embeddable":true,"href":"https:\/\/jundiai.sp.gov.br\/noticias\/wp-json\/wp\/v2\/tags?post=80956"},{"taxonomy":"ods","embeddable":true,"href":"https:\/\/jundiai.sp.gov.br\/noticias\/wp-json\/wp\/v2\/ods?post=80956"}],"curies":[{"name":"wp","href":"https:\/\/api.w.org\/{rel}","templated":true}]}}