{"id":81451,"date":"2014-02-25T11:45:06","date_gmt":"2014-02-25T14:45:06","guid":{"rendered":"https:\/\/jundiai.sp.gov.br\/noticias\/?p=81451"},"modified":"2016-11-04T11:14:47","modified_gmt":"2016-11-04T13:14:47","slug":"transportes-informa-interdicao-na-avenida-nacoes-unidas","status":"publish","type":"post","link":"https:\/\/jundiai.sp.gov.br\/noticias\/2014\/02\/25\/transportes-informa-interdicao-na-avenida-nacoes-unidas\/","title":{"rendered":"Transportes informa interdi\u00e7\u00e3o na avenida Na\u00e7\u00f5es Unidas"},"content":{"rendered":"<p>A Divis\u00e3o de Tr\u00e2nsito, da Secretaria de Transportes, informa que nos pr\u00f3ximos dias 27 (quinta) e 28 (sexta), a avenida Na\u00e7\u00f5es Unidas, na Vila S\u00e3o Paulo, ser\u00e1 interditada das 8h \u00e0s 16h, no trecho entre as ruas da V\u00e1rzea e Itanha\u00e9m. No local, a DAE vai realizar obras na rede de esgoto.<\/p>\n<p>O desvio alternativo poder\u00e1 ser feito pelas ruas Benedito L\u00e1zaro Rodrigues e Iracy Ferreira Bueno, conforme sinaliza\u00e7\u00e3o no local.<\/p>\n<p><em><strong>Assessoria de Imprensa<\/strong><\/em><\/p>\n","protected":false},"excerpt":{"rendered":"<p>A Divis\u00e3o de Tr\u00e2nsito, da Secretaria de Transportes, informa que nos pr\u00f3ximos dias 27 (quinta) e 28 (sexta), a avenida Na\u00e7\u00f5es Unidas, na Vila S\u00e3o Paulo, ser\u00e1 interditada das 8h \u00e0s 16h, no trecho entre as ruas da V\u00e1rzea e Itanha\u00e9m. No local, a DAE vai realizar obras na rede de esgoto. O desvio alternativo [&hellip;]<\/p>\n","protected":false},"author":10,"featured_media":0,"comment_status":"closed","ping_status":"closed","sticky":false,"template":"","format":"standard","meta":{"footnotes":""},"categories":[2],"tags":[338],"ods":[],"class_list":["post-81451","post","type-post","status-publish","format-standard","hentry","category-noticias","tag-transportes"],"_links":{"self":[{"href":"https:\/\/jundiai.sp.gov.br\/noticias\/wp-json\/wp\/v2\/posts\/81451","targetHints":{"allow":["GET"]}}],"collection":[{"href":"https:\/\/jundiai.sp.gov.br\/noticias\/wp-json\/wp\/v2\/posts"}],"about":[{"href":"https:\/\/jundiai.sp.gov.br\/noticias\/wp-json\/wp\/v2\/types\/post"}],"author":[{"embeddable":true,"href":"https:\/\/jundiai.sp.gov.br\/noticias\/wp-json\/wp\/v2\/users\/10"}],"replies":[{"embeddable":true,"href":"https:\/\/jundiai.sp.gov.br\/noticias\/wp-json\/wp\/v2\/comments?post=81451"}],"version-history":[{"count":1,"href":"https:\/\/jundiai.sp.gov.br\/noticias\/wp-json\/wp\/v2\/posts\/81451\/revisions"}],"predecessor-version":[{"id":128854,"href":"https:\/\/jundiai.sp.gov.br\/noticias\/wp-json\/wp\/v2\/posts\/81451\/revisions\/128854"}],"wp:attachment":[{"href":"https:\/\/jundiai.sp.gov.br\/noticias\/wp-json\/wp\/v2\/media?parent=81451"}],"wp:term":[{"taxonomy":"category","embeddable":true,"href":"https:\/\/jundiai.sp.gov.br\/noticias\/wp-json\/wp\/v2\/categories?post=81451"},{"taxonomy":"post_tag","embeddable":true,"href":"https:\/\/jundiai.sp.gov.br\/noticias\/wp-json\/wp\/v2\/tags?post=81451"},{"taxonomy":"ods","embeddable":true,"href":"https:\/\/jundiai.sp.gov.br\/noticias\/wp-json\/wp\/v2\/ods?post=81451"}],"curies":[{"name":"wp","href":"https:\/\/api.w.org\/{rel}","templated":true}]}}