{"id":82648,"date":"2014-03-13T17:55:17","date_gmt":"2014-03-13T20:55:17","guid":{"rendered":"https:\/\/jundiai.sp.gov.br\/noticias\/?p=82648"},"modified":"2016-11-04T10:56:08","modified_gmt":"2016-11-04T12:56:08","slug":"semana-do-consumidor-continua-com-eventos-ate-sexta-14","status":"publish","type":"post","link":"https:\/\/jundiai.sp.gov.br\/noticias\/2014\/03\/13\/semana-do-consumidor-continua-com-eventos-ate-sexta-14\/","title":{"rendered":"Semana do Consumidor continua com eventos at\u00e9 sexta (14)"},"content":{"rendered":"<p><strong>A Semana do Consumidor, promovida pelo Procon de 10 a 15 de mar\u00e7o, conta com programa\u00e7\u00e3o especial em Jundia\u00ed. Com a palestra \u201cO fen\u00f4meno do superendividamento na sociedade atual de consumo\u201d, no anfiteatro da Unip, na quarta-feira (12), mais de 400 pessoas puderam se informar sobre os motivos que levam as pessoas se endividarem e dicas de como se livrarem de tantas contas.<\/strong><\/p>\n<p>Os participantes receberam ainda a Cartilha do Consumidor com conte\u00fado de f\u00e1cil compreens\u00e3o. \u201cEsse material contribui para que o consumidor possa interpretar os seus direitos, como utilizar os servi\u00e7os do Procon, dicas para n\u00e3o comprar por impulso e por fim o C\u00f3digo de Defesa do Consumidor\u201d, afirma o diretor do Procon, Ad\u00edlton Garcia.<\/p>\n<div id=\"attachment_125470\" style=\"width: 610px\" class=\"wp-caption aligncenter\"><a href=\"https:\/\/jundiai.sp.gov.br\/noticias\/wp-content\/uploads\/sites\/32\/2014\/03\/Semana-do-Consumidor-continua-com-eventos-at\u00e9-sexta-14.jpg\"><img loading=\"lazy\" decoding=\"async\" aria-describedby=\"caption-attachment-125470\" src=\"https:\/\/jundiai.sp.gov.br\/noticias\/wp-content\/uploads\/sites\/32\/2014\/03\/Semana-do-Consumidor-continua-com-eventos-at\u00e9-sexta-14-720x405.jpg\" alt=\"Crian\u00e7as se informam por meio do teatro \u201cNossa \u00c1gua\u201d\" width=\"600\" height=\"450\" class=\"size-large wp-image-125470\" \/><\/a><p id=\"caption-attachment-125470\" class=\"wp-caption-text\">Crian\u00e7as se informam por meio do teatro \u201cNossa \u00c1gua\u201d<\/p><\/div>\n<p><strong>Segundo o palestrante da Funda\u00e7\u00e3o Procon, Di\u00f3genes Donizete da Silva, as pessoas est\u00e3o se endividando cada vez mais por quatro raz\u00f5es: oferta de cr\u00e9dito, desejo de consumir, taxas de juros altas e falta de informa\u00e7\u00e3o adequada.<\/strong><\/p>\n<p><strong>Para os pequenos<\/strong><br \/>\n<strong>Na manh\u00e3 desta quinta-feira (13) o Procon realizou a &#8220;Biblioteca Animada da Funda\u00e7\u00e3o Procon&#8221; na Emeb Iracy Ferreira Bueno, no bairro Agapeama. O teatro de fantoches apresentou a pe\u00e7a \u201cNossa \u00c1gua\u201d, para mostrar a import\u00e2ncia da \u00e1gua e sua preserva\u00e7\u00e3o.<\/strong><\/p>\n<p>\u201cO objetivo \u00e9 informar o consumo respons\u00e1vel da \u00e1gua para as crian\u00e7as e fazer com que eles sejam multiplicadores, levando informa\u00e7\u00e3o para casa. Entregamos tamb\u00e9m a cartilha para as crian\u00e7as levarem aos pais\u201d, explica Adilton Garcia.<\/p>\n<p><strong>Para encerrar a semana, nesta sexta (14) a equipe do Procon far\u00e1 um \u201ctira-d\u00favidas\u201d no Centro, das 9h \u00e0s 15h, em frente a Casa da Cultura. Na ocasi\u00e3o ser\u00e1 distribu\u00edda a Cartilha do Consumidor.<\/strong><\/p>\n<p><em><strong>Luiza Oliveira<br \/>\nFoto: Divulga\u00e7\u00e3o <\/strong><\/em><\/p>\n","protected":false},"excerpt":{"rendered":"<p>Nesta sexta (14) ter\u00e1 tira-d\u00favidas com os consumidores, no Centro, das 9h \u00e0s 15h, em frente \u00e0 Casa da Cultura <\/p>\n","protected":false},"author":10,"featured_media":51424,"comment_status":"closed","ping_status":"closed","sticky":false,"template":"","format":"standard","meta":{"footnotes":""},"categories":[2],"tags":[33],"ods":[],"class_list":["post-82648","post","type-post","status-publish","format-standard","has-post-thumbnail","hentry","category-noticias","tag-procon"],"_links":{"self":[{"href":"https:\/\/jundiai.sp.gov.br\/noticias\/wp-json\/wp\/v2\/posts\/82648","targetHints":{"allow":["GET"]}}],"collection":[{"href":"https:\/\/jundiai.sp.gov.br\/noticias\/wp-json\/wp\/v2\/posts"}],"about":[{"href":"https:\/\/jundiai.sp.gov.br\/noticias\/wp-json\/wp\/v2\/types\/post"}],"author":[{"embeddable":true,"href":"https:\/\/jundiai.sp.gov.br\/noticias\/wp-json\/wp\/v2\/users\/10"}],"replies":[{"embeddable":true,"href":"https:\/\/jundiai.sp.gov.br\/noticias\/wp-json\/wp\/v2\/comments?post=82648"}],"version-history":[{"count":2,"href":"https:\/\/jundiai.sp.gov.br\/noticias\/wp-json\/wp\/v2\/posts\/82648\/revisions"}],"predecessor-version":[{"id":125472,"href":"https:\/\/jundiai.sp.gov.br\/noticias\/wp-json\/wp\/v2\/posts\/82648\/revisions\/125472"}],"wp:featuredmedia":[{"embeddable":true,"href":"https:\/\/jundiai.sp.gov.br\/noticias\/wp-json\/"}],"wp:attachment":[{"href":"https:\/\/jundiai.sp.gov.br\/noticias\/wp-json\/wp\/v2\/media?parent=82648"}],"wp:term":[{"taxonomy":"category","embeddable":true,"href":"https:\/\/jundiai.sp.gov.br\/noticias\/wp-json\/wp\/v2\/categories?post=82648"},{"taxonomy":"post_tag","embeddable":true,"href":"https:\/\/jundiai.sp.gov.br\/noticias\/wp-json\/wp\/v2\/tags?post=82648"},{"taxonomy":"ods","embeddable":true,"href":"https:\/\/jundiai.sp.gov.br\/noticias\/wp-json\/wp\/v2\/ods?post=82648"}],"curies":[{"name":"wp","href":"https:\/\/api.w.org\/{rel}","templated":true}]}}