{"id":82724,"date":"2014-03-17T17:21:09","date_gmt":"2014-03-17T20:21:09","guid":{"rendered":"https:\/\/jundiai.sp.gov.br\/noticias\/?p=82724"},"modified":"2016-11-04T11:13:48","modified_gmt":"2016-11-04T13:13:48","slug":"virada-cultural-artistas-locais-podem-se-inscrever-ate-27-de-marco","status":"publish","type":"post","link":"https:\/\/jundiai.sp.gov.br\/noticias\/2014\/03\/17\/virada-cultural-artistas-locais-podem-se-inscrever-ate-27-de-marco\/","title":{"rendered":"Artistas locais podem se inscrever at\u00e9 27 de mar\u00e7o"},"content":{"rendered":"<p><strong>A Secretaria de Cultura convida os artistas da cidade a participarem da Virada Cultural Paulista, que ocorre este ano nos dias 24 e 25 de maio, com apresenta\u00e7\u00f5es no Parque da Uva e no Museu Hist\u00f3rico e Cultural \u2013 Solar do Bar\u00e3o. As inscri\u00e7\u00f5es podem ser feitas a partir da pr\u00f3xima segunda-feira (17) at\u00e9 o dia 27 (quinta-feira), na Casa da Cultura. Podem participar artistas dos mais variados segmentos, como m\u00fasica, dan\u00e7a, teatro e circo.<\/strong><\/p>\n<p><strong>MAIS<\/strong><br \/>\n<a href=\"https:\/\/jundiai.sp.gov.br\/noticias\/2014\/03\/santa-gertrudes-cultura-nos-bairros-apresenta-almir-sater\/\" target=\"_blank\"><strong> Santa Gertrudes: \u2018Cultura nos Bairros\u2019 apresenta Almir Sater<\/strong><\/a><\/p>\n<div id=\"attachment_125124\" style=\"width: 610px\" class=\"wp-caption aligncenter\"><a href=\"https:\/\/jundiai.sp.gov.br\/noticias\/wp-content\/uploads\/sites\/32\/2014\/03\/Artistas-locais-podem-se-inscrever-at\u00e9-27-de-mar\u00e7o.jpg\"><img loading=\"lazy\" decoding=\"async\" aria-describedby=\"caption-attachment-125124\" src=\"https:\/\/jundiai.sp.gov.br\/noticias\/wp-content\/uploads\/sites\/32\/2014\/03\/Artistas-locais-podem-se-inscrever-at\u00e9-27-de-mar\u00e7o-720x387.jpg\" alt=\"Emicida est\u00e1 entre as atra\u00e7\u00f5es j\u00e1 confirmadas para o evento\" width=\"600\" height=\"600\" class=\"size-large wp-image-125124\" \/><\/a><p id=\"caption-attachment-125124\" class=\"wp-caption-text\">Emicida est\u00e1 entre as atra\u00e7\u00f5es j\u00e1 confirmadas para o evento<\/p><\/div>\n<p>Entre as atra\u00e7\u00f5es deste ano, j\u00e1 divulgadas pela Secretaria de Cultura do Estado, est\u00e3o o rapper Emicida e a banda Ultraje a Rigor. Al\u00e9m da programa\u00e7\u00e3o estadual, o diretor de Cultura de Jundia\u00ed, Eufraud\u00edsio Modesto, informa que ser\u00e3o selecionados uma m\u00e9dia de 10 artistas locais, que ser\u00e3o conhecidos no dia 31 de mar\u00e7o. \u201cEstamos buscando apresenta\u00e7\u00f5es de conte\u00fado e queremos dar oportunidade para os artistas que apresentem um bom trabalho \u00e0 popula\u00e7\u00e3o\u201d, diz o diretor.<\/p>\n<p>Eufra destaca a import\u00e2ncia da participa\u00e7\u00e3o dos artistas da cidade num evento como a Virada Cultural. \u201cEste \u00e9 um evento muito esperado pela popula\u00e7\u00e3o, \u00e9 uma oportunidade de tocar no mesmo espa\u00e7o de grandes artistas, e ter um espa\u00e7o maior na m\u00eddia local, \u00e9 um momento muito importante na carreira\u201d, ressalta Eufra.<\/p>\n<p>A Casa da Cultura fica na rua Bar\u00e3o de Jundia\u00ed, 868, no Centro. Mais informa\u00e7\u00f5es pelo telefone (11) 4521-1430.<\/p>\n<p><b>Confira lista de documentos para inscri\u00e7\u00e3o:<\/b><\/p>\n<p>&#8211; Proposta em papel timbrado contendo: raz\u00e3o social, CNPJ, CNPD (Certid\u00e3o Negativa de D\u00e9bitos Previdenci\u00e1rios), CNDT (Certid\u00e3o Negativa de D\u00e9bitos Trabalhistas), c\u00f3pia da certid\u00e3o de regularidade de empregador FGTS-CRF, endere\u00e7o, telefone, CEP.<\/p>\n<p>&#8211; Nome do grupo, respons\u00e1vel pelo grupo com telefone de contato, segmento cultural, categoria, n\u00famero de componentes, dura\u00e7\u00e3o da apresenta\u00e7\u00e3o, repert\u00f3rio, release da apresenta\u00e7\u00e3o, curr\u00edculo dos integrantes, mapa de palco de som e ilumina\u00e7\u00e3o ou outras necessidades t\u00e9cnicas, pretens\u00e3o de data e hor\u00e1rio, or\u00e7amento, classifica\u00e7\u00e3o et\u00e1ria.<br \/>\n<strong><br \/>\nAssessoria de Imprensa<br \/>\nFotos: divulga\u00e7\u00e3o<\/strong><\/p>\n","protected":false},"excerpt":{"rendered":"<p>Podem participar artistas dos mais variados segmentos; confira lista de documentos para inscri\u00e7\u00e3o<\/p>\n","protected":false},"author":11,"featured_media":82881,"comment_status":"closed","ping_status":"closed","sticky":false,"template":"","format":"standard","meta":{"footnotes":""},"categories":[2],"tags":[29,261],"ods":[],"class_list":["post-82724","post","type-post","status-publish","format-standard","has-post-thumbnail","hentry","category-noticias","tag-cultura","tag-virada-cultural-2014"],"_links":{"self":[{"href":"https:\/\/jundiai.sp.gov.br\/noticias\/wp-json\/wp\/v2\/posts\/82724","targetHints":{"allow":["GET"]}}],"collection":[{"href":"https:\/\/jundiai.sp.gov.br\/noticias\/wp-json\/wp\/v2\/posts"}],"about":[{"href":"https:\/\/jundiai.sp.gov.br\/noticias\/wp-json\/wp\/v2\/types\/post"}],"author":[{"embeddable":true,"href":"https:\/\/jundiai.sp.gov.br\/noticias\/wp-json\/wp\/v2\/users\/11"}],"replies":[{"embeddable":true,"href":"https:\/\/jundiai.sp.gov.br\/noticias\/wp-json\/wp\/v2\/comments?post=82724"}],"version-history":[{"count":2,"href":"https:\/\/jundiai.sp.gov.br\/noticias\/wp-json\/wp\/v2\/posts\/82724\/revisions"}],"predecessor-version":[{"id":125126,"href":"https:\/\/jundiai.sp.gov.br\/noticias\/wp-json\/wp\/v2\/posts\/82724\/revisions\/125126"}],"wp:featuredmedia":[{"embeddable":true,"href":"https:\/\/jundiai.sp.gov.br\/noticias\/wp-json\/"}],"wp:attachment":[{"href":"https:\/\/jundiai.sp.gov.br\/noticias\/wp-json\/wp\/v2\/media?parent=82724"}],"wp:term":[{"taxonomy":"category","embeddable":true,"href":"https:\/\/jundiai.sp.gov.br\/noticias\/wp-json\/wp\/v2\/categories?post=82724"},{"taxonomy":"post_tag","embeddable":true,"href":"https:\/\/jundiai.sp.gov.br\/noticias\/wp-json\/wp\/v2\/tags?post=82724"},{"taxonomy":"ods","embeddable":true,"href":"https:\/\/jundiai.sp.gov.br\/noticias\/wp-json\/wp\/v2\/ods?post=82724"}],"curies":[{"name":"wp","href":"https:\/\/api.w.org\/{rel}","templated":true}]}}