{"id":83052,"date":"2014-03-20T12:11:05","date_gmt":"2014-03-20T15:11:05","guid":{"rendered":"https:\/\/jundiai.sp.gov.br\/noticias\/?p=83052"},"modified":"2016-11-04T11:14:02","modified_gmt":"2016-11-04T13:14:02","slug":"mostra-fotografismos-suspensos-comeca-no-sabado-22","status":"publish","type":"post","link":"https:\/\/jundiai.sp.gov.br\/noticias\/2014\/03\/20\/mostra-fotografismos-suspensos-comeca-no-sabado-22\/","title":{"rendered":"Mostra \u2018Fotografismos Suspensos\u2019 come\u00e7a s\u00e1bado (22)"},"content":{"rendered":"<p><strong>A fotografia \u00e9 o suporte da exposi\u00e7\u00e3o &#8220;Fotografismos Suspensos&#8221;, que chega \u00e0 Galeria Fernanda Perracini Milani &#8211; anexo ao Teatro Polytheama. A abertura ser\u00e1 neste s\u00e1bado (22), com a presen\u00e7a da artista visual Isabela Vida Moreno, que recebe os convidados a partir das 10h30.<\/strong><\/p>\n<p><strong>MAIS<br \/>\n<a href=\"Artistas locais podem se inscrever at\u00e9 27 de mar\u00e7o\" target=\"_blank\">Artistas locais podem se inscrever at\u00e9 27 de mar\u00e7o para Virada Cultural Paulista<\/strong><\/a><br \/>\n<a href=\"https:\/\/jundiai.sp.gov.br\/noticias\/2014\/03\/jazz-sinfonica-e-pau-brasil-abrem-concertos-astra-finamax\/\" target=\"_blank\"><strong>Jazz Sinf\u00f4nica e Pau Brasil abrem Concertos Astra-Finamax<\/strong><\/a><\/p>\n<p><strong>A mostra conta com seis s\u00e9ries fotogr\u00e1ficas e traz ao p\u00fablico um olhar po\u00e9tico em linhas model\u00e1veis de luz. Isabela faz uso da t\u00e9cnica &#8220;light painting&#8221; (ou pintura de luz), que permite a capta\u00e7\u00e3o de um rastro luminoso em um ambiente escuro movendo-se uma fonte de luz enquanto a c\u00e2mera fotogr\u00e1fica capta os movimentos.<\/strong> <\/p>\n<div id=\"attachment_124451\" style=\"width: 610px\" class=\"wp-caption aligncenter\"><a href=\"https:\/\/jundiai.sp.gov.br\/noticias\/wp-content\/uploads\/sites\/32\/2014\/03\/Mostra-Fotografismos-Suspensos-come\u00e7a-s\u00e1bado-22-1.jpg\"><img loading=\"lazy\" decoding=\"async\" aria-describedby=\"caption-attachment-124451\" src=\"https:\/\/jundiai.sp.gov.br\/noticias\/wp-content\/uploads\/sites\/32\/2014\/03\/Mostra-Fotografismos-Suspensos-come\u00e7a-s\u00e1bado-22-1-720x540.jpg\" alt=\"Artista faz uso da t\u00e9cnica \u2018light painting\u2019 ou pintura de luz\" width=\"600\" height=\"450\" class=\"size-large wp-image-124451\" srcset=\"https:\/\/jundiai.sp.gov.br\/noticias\/wp-content\/uploads\/sites\/32\/2014\/03\/Mostra-Fotografismos-Suspensos-come\u00e7a-s\u00e1bado-22-1-720x540.jpg 720w, https:\/\/jundiai.sp.gov.br\/noticias\/wp-content\/uploads\/sites\/32\/2014\/03\/Mostra-Fotografismos-Suspensos-come\u00e7a-s\u00e1bado-22-1-300x225.jpg 300w, https:\/\/jundiai.sp.gov.br\/noticias\/wp-content\/uploads\/sites\/32\/2014\/03\/Mostra-Fotografismos-Suspensos-come\u00e7a-s\u00e1bado-22-1.jpg 1240w\" sizes=\"auto, (max-width: 600px) 100vw, 600px\" \/><\/a><p id=\"caption-attachment-124451\" class=\"wp-caption-text\">Artista faz uso da t\u00e9cnica \u2018light painting\u2019 ou pintura de luz<\/p><\/div>\n<p>Na s\u00e9rie Topografias Ut\u00f3picas \u2013 Serra do Japi, a reserva natural protagoniza as cenas. Neste trabalho, a artista expressa sua vis\u00e3o conterr\u00e2nea, sens\u00edvel e afetuosa de sua cidade, seu ninho. \u201cJ\u00e1 dizia o compositor Marcelo Camelo, \u2018se faltar carinho, ninho\u2019 e \u00e9 por isso que volto, por ela, minha Serra, minha cidade, meu ninho, meu \u00e2mago e minha poesia que por ela e com ela me expresso neste trabalho atual e \u00edntimo\u201d, completa.<\/p>\n<p><div id=\"attachment_124453\" style=\"width: 380px\" class=\"wp-caption alignleft\"><a href=\"https:\/\/jundiai.sp.gov.br\/noticias\/wp-content\/uploads\/sites\/32\/2014\/03\/Mostra-Fotografismos-Suspensos-come\u00e7a-s\u00e1bado-22-2.jpg\"><img loading=\"lazy\" decoding=\"async\" aria-describedby=\"caption-attachment-124453\" src=\"https:\/\/jundiai.sp.gov.br\/noticias\/wp-content\/uploads\/sites\/32\/2014\/03\/Mostra-Fotografismos-Suspensos-come\u00e7a-s\u00e1bado-22-2-720x960.jpg\" alt=\"Exposi\u00e7\u00e3o fica em cartaz at\u00e9 o dia 10 de abril\" width=\"370\" height=\"400\" class=\"size-large wp-image-124453\" \/><\/a><p id=\"caption-attachment-124453\" class=\"wp-caption-text\">Exposi\u00e7\u00e3o fica em cartaz at\u00e9 o dia 10 de abril<\/p><\/div><strong>A exposi\u00e7\u00e3o pode ser conferida at\u00e9 o dia 10 de abril, na Galeria de Arte Fernanda Perracini Milani, que fica na Rua Bar\u00e3o de Jundia\u00ed, 176, Centro (anexa ao Teatro Polytheama). Mais informa\u00e7\u00f5es pelo telefone (11) 4586-2472.<\/strong><\/p>\n<p><strong>Oficina<\/strong><br \/>\nComo parte da programa\u00e7\u00e3o, <strong>a artista realiza no pr\u00f3ximo dia 29 (s\u00e1bado), \u00e0s 10h, na galeria, a oficina de Light Painting, que traz ao p\u00fablico a possibilidade de experimenta\u00e7\u00f5es l\u00fadicas no campo da fotografia digital enfatizando uma abordagem art\u00edstico-expressiva da light performance e da \u2018tipografia suspensa\u2019.<\/strong><\/p>\n<p>Os alunos ser\u00e3o estimulados a produzir fotografias com as pr\u00f3prias c\u00e2meras ou telefones celulares, explorando as novas possibilidades da imagem digital e os recursos dos equipamentos. Ser\u00e1 apresentado um breve hist\u00f3rico da fotografia e dos principais fot\u00f3grafos desde a inven\u00e7\u00e3o da fotografia at\u00e9 a contemporaneidade. Os participantes receber\u00e3o orienta\u00e7\u00e3o para suas produ\u00e7\u00f5es individuais e\/ou em grupo.<\/p>\n<p><em><strong>Assessoria de Imprensa<br \/>\nFoto: Divulga\u00e7\u00e3o <\/strong><\/em><\/p>\n","protected":false},"excerpt":{"rendered":"<p>Exposi\u00e7\u00e3o tem seis s\u00e9ries fotogr\u00e1ficas e traz ao p\u00fablico um olhar po\u00e9tico em linhas model\u00e1veis de luz<\/p>\n","protected":false},"author":10,"featured_media":83055,"comment_status":"closed","ping_status":"closed","sticky":false,"template":"","format":"standard","meta":{"footnotes":""},"categories":[2],"tags":[29],"ods":[],"class_list":["post-83052","post","type-post","status-publish","format-standard","has-post-thumbnail","hentry","category-noticias","tag-cultura"],"_links":{"self":[{"href":"https:\/\/jundiai.sp.gov.br\/noticias\/wp-json\/wp\/v2\/posts\/83052","targetHints":{"allow":["GET"]}}],"collection":[{"href":"https:\/\/jundiai.sp.gov.br\/noticias\/wp-json\/wp\/v2\/posts"}],"about":[{"href":"https:\/\/jundiai.sp.gov.br\/noticias\/wp-json\/wp\/v2\/types\/post"}],"author":[{"embeddable":true,"href":"https:\/\/jundiai.sp.gov.br\/noticias\/wp-json\/wp\/v2\/users\/10"}],"replies":[{"embeddable":true,"href":"https:\/\/jundiai.sp.gov.br\/noticias\/wp-json\/wp\/v2\/comments?post=83052"}],"version-history":[{"count":2,"href":"https:\/\/jundiai.sp.gov.br\/noticias\/wp-json\/wp\/v2\/posts\/83052\/revisions"}],"predecessor-version":[{"id":124454,"href":"https:\/\/jundiai.sp.gov.br\/noticias\/wp-json\/wp\/v2\/posts\/83052\/revisions\/124454"}],"wp:featuredmedia":[{"embeddable":true,"href":"https:\/\/jundiai.sp.gov.br\/noticias\/wp-json\/"}],"wp:attachment":[{"href":"https:\/\/jundiai.sp.gov.br\/noticias\/wp-json\/wp\/v2\/media?parent=83052"}],"wp:term":[{"taxonomy":"category","embeddable":true,"href":"https:\/\/jundiai.sp.gov.br\/noticias\/wp-json\/wp\/v2\/categories?post=83052"},{"taxonomy":"post_tag","embeddable":true,"href":"https:\/\/jundiai.sp.gov.br\/noticias\/wp-json\/wp\/v2\/tags?post=83052"},{"taxonomy":"ods","embeddable":true,"href":"https:\/\/jundiai.sp.gov.br\/noticias\/wp-json\/wp\/v2\/ods?post=83052"}],"curies":[{"name":"wp","href":"https:\/\/api.w.org\/{rel}","templated":true}]}}