{"id":83219,"date":"2014-03-21T17:31:23","date_gmt":"2014-03-21T20:31:23","guid":{"rendered":"https:\/\/jundiai.sp.gov.br\/noticias\/?p=83219"},"modified":"2016-11-04T10:56:09","modified_gmt":"2016-11-04T12:56:09","slug":"tercas-no-poly-estreia-na-proxima-semana","status":"publish","type":"post","link":"https:\/\/jundiai.sp.gov.br\/noticias\/2014\/03\/21\/tercas-no-poly-estreia-na-proxima-semana\/","title":{"rendered":"&#8216;Ter\u00e7as no Poly&#8217; estreia na pr\u00f3xima semana"},"content":{"rendered":"<p><strong>O programa Ter\u00e7as no Poly come\u00e7a sua temporada nesta ter\u00e7a-feira (25) com duas apresenta\u00e7\u00f5es: \u00e0s 19h e \u00e0s 20h30. A estreante do projeto \u00e9 a pe\u00e7a &#8220;Bronislaw Setembrochov em Conserto&#8221;, da jundiaiense Cia. T\u00e3o Distante. Os ingressos, a pre\u00e7os populares, custam R$ 10 (inteira) e R$ 5 (meia).<\/strong><\/p>\n<p><strong>MAIS<br \/>\n<a href=\"https:\/\/jundiai.sp.gov.br\/noticias\/2014\/03\/inscricoes-para-mostra-de-danca-vao-ate-6-de-abril\/\" target=\"_blank\">Inscri\u00e7\u00f5es para Mostra de Dan\u00e7a v\u00e3o at\u00e9 6 de abril<\/strong><\/a><br \/>\n<a href=\"https:\/\/jundiai.sp.gov.br\/noticias\/2014\/03\/centro-de-linguas-promove-2a-semana-italiana\/\" target=\"_blank\"><strong>Centro de L\u00ednguas promove 2\u00aa Semana Italiana<\/strong><\/a><br \/>\n<a href=\"https:\/\/jundiai.sp.gov.br\/noticias\/2014\/03\/domingo-e-dia-de-danca-no-polytheama\/\" target=\"_blank\"><strong>Domingo \u00e9 dia de dan\u00e7a no Polytheama<\/strong><\/a><\/p>\n<p><div id=\"attachment_124349\" style=\"width: 370px\" class=\"wp-caption alignleft\"><a href=\"https:\/\/jundiai.sp.gov.br\/noticias\/wp-content\/uploads\/sites\/32\/2014\/03\/Ter\u00e7as-no-Poly-estreia-na-pr\u00f3xima-semana.jpg\"><img loading=\"lazy\" decoding=\"async\" aria-describedby=\"caption-attachment-124349\" src=\"https:\/\/jundiai.sp.gov.br\/noticias\/wp-content\/uploads\/sites\/32\/2014\/03\/Ter\u00e7as-no-Poly-estreia-na-pr\u00f3xima-semana-720x879.jpg\" alt=\"Pe\u00e7a conta a hist\u00f3ria do maestro russo e seu assistente Vareta\" width=\"360\" height=\"400\" class=\"size-large wp-image-124349\" \/><\/a><p id=\"caption-attachment-124349\" class=\"wp-caption-text\">Pe\u00e7a conta a hist\u00f3ria do maestro russo e seu assistente Vareta<\/p><\/div>\u201cO projeto \u00e9 uma oportunidade para os artistas jundiaenses. Vamos apresentar pela primeira vez a pe\u00e7a no Teatro Polytheama. \u00c9 uma experi\u00eancia muito importante para n\u00f3s\u201d, explica o ator Daniel Zanna.<\/p>\n<p>A pe\u00e7a fala sobre o maestro russo Bronislaw Setembrochov e seu assistente Vareta, interpretados por dois palha\u00e7os. \u201cA pe\u00e7a surgiu de uma forma inusitada, numa conversa de amigos. Criamos todas as can\u00e7\u00f5es da hist\u00f3ria\u201d, conta Daniel. Os palha\u00e7os interagem todo o tempo com a plateia. \u201cSeguimos um roteiro, mas cada apresenta\u00e7\u00e3o \u00e9 \u00fanica, a plateia faz parte da hist\u00f3ria da pe\u00e7a.\u201d<\/p>\n<p>O teatro Polytheama fica na rua Bar\u00e3o de Jundia\u00ed, 176, no Centro. Mais informa\u00e7\u00f5es pelo telefone (11) 4586-2472.<\/p>\n<p><strong>Ter\u00e7as no Poly<\/strong><br \/>\nO projeto \u00e9 uma iniciativa da Diretoria de Teatro, da Secretaria de Cultura, que busca incentivar e valorizar os artistas e companhias de Jundia\u00ed. Para participar os interessados devem enviar a proposta da apresenta\u00e7\u00e3o, fotos e release para o e-mail: <strong>agendateatro@jundiai.sp.gov.br<\/strong>. Nesta solicita\u00e7\u00e3o, o grupo escolhe uma data entre as ter\u00e7as-feiras do primeiro semestre de 2014 para realizar a apresenta\u00e7\u00e3o. Os grupos escolhidos ter\u00e3o isen\u00e7\u00e3o da taxa de uso do teatro e, em contrapartida, os ingressos da apresenta\u00e7\u00e3o devem ser oferecidos a pre\u00e7os populares.<\/p>\n<p><em><strong>Assessoria de Imprensa<br \/>\nFoto: Divulga\u00e7\u00e3o <\/strong><\/em><\/p>\n","protected":false},"excerpt":{"rendered":"<p>Programa vai levar espet\u00e1culos de qualidade e com pre\u00e7os populares, \u00e0s ter\u00e7as-feiras   <\/p>\n","protected":false},"author":10,"featured_media":83221,"comment_status":"closed","ping_status":"closed","sticky":false,"template":"","format":"standard","meta":{"footnotes":""},"categories":[2],"tags":[],"ods":[],"class_list":["post-83219","post","type-post","status-publish","format-standard","has-post-thumbnail","hentry","category-noticias"],"_links":{"self":[{"href":"https:\/\/jundiai.sp.gov.br\/noticias\/wp-json\/wp\/v2\/posts\/83219","targetHints":{"allow":["GET"]}}],"collection":[{"href":"https:\/\/jundiai.sp.gov.br\/noticias\/wp-json\/wp\/v2\/posts"}],"about":[{"href":"https:\/\/jundiai.sp.gov.br\/noticias\/wp-json\/wp\/v2\/types\/post"}],"author":[{"embeddable":true,"href":"https:\/\/jundiai.sp.gov.br\/noticias\/wp-json\/wp\/v2\/users\/10"}],"replies":[{"embeddable":true,"href":"https:\/\/jundiai.sp.gov.br\/noticias\/wp-json\/wp\/v2\/comments?post=83219"}],"version-history":[{"count":2,"href":"https:\/\/jundiai.sp.gov.br\/noticias\/wp-json\/wp\/v2\/posts\/83219\/revisions"}],"predecessor-version":[{"id":124351,"href":"https:\/\/jundiai.sp.gov.br\/noticias\/wp-json\/wp\/v2\/posts\/83219\/revisions\/124351"}],"wp:featuredmedia":[{"embeddable":true,"href":"https:\/\/jundiai.sp.gov.br\/noticias\/wp-json\/"}],"wp:attachment":[{"href":"https:\/\/jundiai.sp.gov.br\/noticias\/wp-json\/wp\/v2\/media?parent=83219"}],"wp:term":[{"taxonomy":"category","embeddable":true,"href":"https:\/\/jundiai.sp.gov.br\/noticias\/wp-json\/wp\/v2\/categories?post=83219"},{"taxonomy":"post_tag","embeddable":true,"href":"https:\/\/jundiai.sp.gov.br\/noticias\/wp-json\/wp\/v2\/tags?post=83219"},{"taxonomy":"ods","embeddable":true,"href":"https:\/\/jundiai.sp.gov.br\/noticias\/wp-json\/wp\/v2\/ods?post=83219"}],"curies":[{"name":"wp","href":"https:\/\/api.w.org\/{rel}","templated":true}]}}