{"id":83484,"date":"2014-03-26T15:36:06","date_gmt":"2014-03-26T18:36:06","guid":{"rendered":"https:\/\/jundiai.sp.gov.br\/noticias\/?p=83484"},"modified":"2016-11-04T11:13:16","modified_gmt":"2016-11-04T13:13:16","slug":"divisao-de-transito-informa-interdicao-no-jardim-carpas","status":"publish","type":"post","link":"https:\/\/jundiai.sp.gov.br\/noticias\/2014\/03\/26\/divisao-de-transito-informa-interdicao-no-jardim-carpas\/","title":{"rendered":"Divis\u00e3o de Tr\u00e2nsito informa interdi\u00e7\u00e3o no Jardim Carpas"},"content":{"rendered":"<p>A Divis\u00e3o de Tr\u00e2nsito, da Secretaria de Transportes, informa que a rua Catulo da Paix\u00e3o Cearense, no Jardim Carpas, no trecho entre as ruas Jacinto Nalini e Nami Az\u00e9m, ficar\u00e1 interditada de 31 de mar\u00e7o a 11 de abril. No per\u00edodo, a DAE far\u00e1 obras para a implanta\u00e7\u00e3o de rede de esgoto. A interdi\u00e7\u00e3o ser\u00e1 no hor\u00e1rio das 8h \u00e0s 18h.<\/p>\n<p>O desvio alternativo poder\u00e1 ser feito pela rua S\u00e3o Carlos Borromeu. A Divis\u00e3o de Tr\u00e2nsito far\u00e1 a sinaliza\u00e7\u00e3o no local.<\/p>\n<p><strong>Assessoria de Imprensa<\/strong><\/p>\n","protected":false},"excerpt":{"rendered":"<p>A Divis\u00e3o de Tr\u00e2nsito, da Secretaria de Transportes, informa que a rua Catulo da Paix\u00e3o Cearense, no Jardim Carpas, no trecho entre as ruas Jacinto Nalini e Nami Az\u00e9m, ficar\u00e1 interditada de 31 de mar\u00e7o a 11 de abril. No per\u00edodo, a DAE far\u00e1 obras para a implanta\u00e7\u00e3o de rede de esgoto. A interdi\u00e7\u00e3o ser\u00e1 [&hellip;]<\/p>\n","protected":false},"author":11,"featured_media":0,"comment_status":"closed","ping_status":"closed","sticky":false,"template":"","format":"standard","meta":{"footnotes":""},"categories":[2],"tags":[66,338],"ods":[],"class_list":["post-83484","post","type-post","status-publish","format-standard","hentry","category-noticias","tag-dae","tag-transportes"],"_links":{"self":[{"href":"https:\/\/jundiai.sp.gov.br\/noticias\/wp-json\/wp\/v2\/posts\/83484","targetHints":{"allow":["GET"]}}],"collection":[{"href":"https:\/\/jundiai.sp.gov.br\/noticias\/wp-json\/wp\/v2\/posts"}],"about":[{"href":"https:\/\/jundiai.sp.gov.br\/noticias\/wp-json\/wp\/v2\/types\/post"}],"author":[{"embeddable":true,"href":"https:\/\/jundiai.sp.gov.br\/noticias\/wp-json\/wp\/v2\/users\/11"}],"replies":[{"embeddable":true,"href":"https:\/\/jundiai.sp.gov.br\/noticias\/wp-json\/wp\/v2\/comments?post=83484"}],"version-history":[{"count":1,"href":"https:\/\/jundiai.sp.gov.br\/noticias\/wp-json\/wp\/v2\/posts\/83484\/revisions"}],"predecessor-version":[{"id":128851,"href":"https:\/\/jundiai.sp.gov.br\/noticias\/wp-json\/wp\/v2\/posts\/83484\/revisions\/128851"}],"wp:attachment":[{"href":"https:\/\/jundiai.sp.gov.br\/noticias\/wp-json\/wp\/v2\/media?parent=83484"}],"wp:term":[{"taxonomy":"category","embeddable":true,"href":"https:\/\/jundiai.sp.gov.br\/noticias\/wp-json\/wp\/v2\/categories?post=83484"},{"taxonomy":"post_tag","embeddable":true,"href":"https:\/\/jundiai.sp.gov.br\/noticias\/wp-json\/wp\/v2\/tags?post=83484"},{"taxonomy":"ods","embeddable":true,"href":"https:\/\/jundiai.sp.gov.br\/noticias\/wp-json\/wp\/v2\/ods?post=83484"}],"curies":[{"name":"wp","href":"https:\/\/api.w.org\/{rel}","templated":true}]}}