{"id":83950,"date":"2014-04-01T17:27:04","date_gmt":"2014-04-01T20:27:04","guid":{"rendered":"https:\/\/jundiai.sp.gov.br\/noticias\/?p=83950"},"modified":"2016-11-04T11:12:44","modified_gmt":"2016-11-04T13:12:44","slug":"estacao-juventude-ja-e-uma-realidade-em-jundiai","status":"publish","type":"post","link":"https:\/\/jundiai.sp.gov.br\/noticias\/2014\/04\/01\/estacao-juventude-ja-e-uma-realidade-em-jundiai\/","title":{"rendered":"Esta\u00e7\u00e3o Juventude j\u00e1 \u00e9 uma realidade em Jundia\u00ed"},"content":{"rendered":"<p><strong>Nesta quarta e quinta-feira (2 e 3), a coordenadora da Juventude, Narrinam Camargo, participar\u00e1 da 1\u00aa Oficina de Capacita\u00e7\u00e3o dos Coordenadores sobre o Programa Esta\u00e7\u00e3o Juventude, em Bras\u00edlia.<\/strong><\/p>\n<p>O encontro tem objetivo de orientar e discutir estrat\u00e9gias e procedimentos t\u00e9cnicos, fundamentais para o processo de implanta\u00e7\u00e3o do programa no munic\u00edpio.<\/p>\n<p><div id=\"attachment_123467\" style=\"width: 410px\" class=\"wp-caption alignleft\"><a href=\"https:\/\/jundiai.sp.gov.br\/noticias\/wp-content\/uploads\/sites\/32\/2014\/04\/Esta\u00e7\u00e3o-Juventude-j\u00e1-\u00e9-uma-realidade-em-Jundia\u00ed.jpg\"><img loading=\"lazy\" decoding=\"async\" aria-describedby=\"caption-attachment-123467\" src=\"https:\/\/jundiai.sp.gov.br\/noticias\/wp-content\/uploads\/sites\/32\/2014\/04\/Esta\u00e7\u00e3o-Juventude-j\u00e1-\u00e9-uma-realidade-em-Jundia\u00ed-720x566.jpg\" alt=\"Narrinam: \u201cColocar o Esta\u00e7\u00e3o Juventude em pr\u00e1tica\u201d\" width=\"400\" height=\"400\" class=\"size-large wp-image-123467\" \/><\/a><p id=\"caption-attachment-123467\" class=\"wp-caption-text\">Narrinam: \u201cColocar o Esta\u00e7\u00e3o Juventude em pr\u00e1tica\u201d<\/p><\/div>\u201cCom a capacita\u00e7\u00e3o, poderemos entender como executar as primeiras tarefas, como o desenvolvimento do plano de trabalho, aquisi\u00e7\u00e3o de equipamentos e contrata\u00e7\u00e3o de equipes. Teremos uma orienta\u00e7\u00e3o pr\u00e1tica de como come\u00e7ar e ent\u00e3o vamos colocar a m\u00e3o na massa\u201d, explica Narrinam.<\/p>\n<p><strong>Esta\u00e7\u00e3o Juventude<\/strong><br \/>\n<strong>Promovido pela Secretaria Nacional de Juventude, o conv\u00eanio prev\u00ea um recurso de R$ 258 mil para a cria\u00e7\u00e3o de um espa\u00e7o destinado \u00e0 inclus\u00e3o e emancipa\u00e7\u00e3o dos jovens, com a amplia\u00e7\u00e3o do acesso \u00e0s pol\u00edticas p\u00fablicas.<\/strong><\/p>\n<p>O local escolhido para a realiza\u00e7\u00e3o do programa est\u00e1 em fase final de defini\u00e7\u00e3o. A inaugura\u00e7\u00e3o est\u00e1 prevista para julho deste ano.<\/p>\n<p>&#8220;N\u00f3s escolhemos iniciar o programa com oficinas de orienta\u00e7\u00e3o vocacional e de cultura. Al\u00e9m dos cursos, este ser\u00e1 um espa\u00e7o de refer\u00eancia para os jovens, para que l\u00e1 possam se informar.\u201d<\/p>\n<p>O Esta\u00e7\u00e3o Juventude oferecer\u00e1 informa\u00e7\u00e3o sobre a\u00e7\u00f5es para os jovens, al\u00e9m de orienta\u00e7\u00e3o, encaminhamento e apoio para que tenham condi\u00e7\u00e3o de construir trajet\u00f3rias e buscar a forma\u00e7\u00e3o. <strong>\u201cJundia\u00ed nunca teve um conv\u00eanio com o Governo Federal para esta \u00e1rea. Esta \u00e9 a semente para construirmos uma base de refer\u00eancia aos jovens da nossa cidade\u201d, completa Narrinam.<\/strong><\/p>\n<p><em><strong>Luiza Oliveira<br \/>\nFoto: Cleber de Almeida <\/strong><\/em><\/p>\n","protected":false},"excerpt":{"rendered":"<p>Coordenadora da Juventude, Narrinam Camarago, participa de capacita\u00e7\u00e3o em Bras\u00edlia para execu\u00e7\u00e3o do projeto  <\/p>\n","protected":false},"author":10,"featured_media":83952,"comment_status":"closed","ping_status":"closed","sticky":false,"template":"","format":"standard","meta":{"footnotes":""},"categories":[2],"tags":[174],"ods":[],"class_list":["post-83950","post","type-post","status-publish","format-standard","has-post-thumbnail","hentry","category-noticias","tag-coordenadoria-da-juventude"],"_links":{"self":[{"href":"https:\/\/jundiai.sp.gov.br\/noticias\/wp-json\/wp\/v2\/posts\/83950","targetHints":{"allow":["GET"]}}],"collection":[{"href":"https:\/\/jundiai.sp.gov.br\/noticias\/wp-json\/wp\/v2\/posts"}],"about":[{"href":"https:\/\/jundiai.sp.gov.br\/noticias\/wp-json\/wp\/v2\/types\/post"}],"author":[{"embeddable":true,"href":"https:\/\/jundiai.sp.gov.br\/noticias\/wp-json\/wp\/v2\/users\/10"}],"replies":[{"embeddable":true,"href":"https:\/\/jundiai.sp.gov.br\/noticias\/wp-json\/wp\/v2\/comments?post=83950"}],"version-history":[{"count":2,"href":"https:\/\/jundiai.sp.gov.br\/noticias\/wp-json\/wp\/v2\/posts\/83950\/revisions"}],"predecessor-version":[{"id":123469,"href":"https:\/\/jundiai.sp.gov.br\/noticias\/wp-json\/wp\/v2\/posts\/83950\/revisions\/123469"}],"wp:featuredmedia":[{"embeddable":true,"href":"https:\/\/jundiai.sp.gov.br\/noticias\/wp-json\/"}],"wp:attachment":[{"href":"https:\/\/jundiai.sp.gov.br\/noticias\/wp-json\/wp\/v2\/media?parent=83950"}],"wp:term":[{"taxonomy":"category","embeddable":true,"href":"https:\/\/jundiai.sp.gov.br\/noticias\/wp-json\/wp\/v2\/categories?post=83950"},{"taxonomy":"post_tag","embeddable":true,"href":"https:\/\/jundiai.sp.gov.br\/noticias\/wp-json\/wp\/v2\/tags?post=83950"},{"taxonomy":"ods","embeddable":true,"href":"https:\/\/jundiai.sp.gov.br\/noticias\/wp-json\/wp\/v2\/ods?post=83950"}],"curies":[{"name":"wp","href":"https:\/\/api.w.org\/{rel}","templated":true}]}}