{"id":85587,"date":"2014-04-26T20:25:13","date_gmt":"2014-04-26T23:25:13","guid":{"rendered":"https:\/\/jundiai.sp.gov.br\/noticias\/?p=85587"},"modified":"2016-11-04T11:11:00","modified_gmt":"2016-11-04T13:11:00","slug":"miss-sao-paulo-candidata-de-jundiai-tem-apoio-da-prefeitura","status":"publish","type":"post","link":"https:\/\/jundiai.sp.gov.br\/noticias\/2014\/04\/26\/miss-sao-paulo-candidata-de-jundiai-tem-apoio-da-prefeitura\/","title":{"rendered":"Miss S\u00e3o Paulo: Candidata de Jundia\u00ed tem apoio da Prefeitura"},"content":{"rendered":"<div id=\"attachment_121760\" style=\"width: 420px\" class=\"wp-caption alignleft\"><a href=\"https:\/\/jundiai.sp.gov.br\/noticias\/wp-content\/uploads\/sites\/32\/2014\/04\/Miss-S\u00e3o-Paulo-Candidata-de-Jundia\u00ed-tem-apoio-da-Prefeitura-1.jpg\"><img loading=\"lazy\" decoding=\"async\" aria-describedby=\"caption-attachment-121760\" class=\"wp-image-121760\" src=\"https:\/\/jundiai.sp.gov.br\/noticias\/wp-content\/uploads\/sites\/32\/2014\/04\/Miss-S\u00e3o-Paulo-Candidata-de-Jundia\u00ed-tem-apoio-da-Prefeitura-1-720x501.jpg\" alt=\"Primeira-dama prestigia produ\u00e7\u00e3o de Graziele\" width=\"410\" height=\"286\" srcset=\"https:\/\/jundiai.sp.gov.br\/noticias\/wp-content\/uploads\/sites\/32\/2014\/04\/Miss-S\u00e3o-Paulo-Candidata-de-Jundia\u00ed-tem-apoio-da-Prefeitura-1-720x501.jpg 720w, https:\/\/jundiai.sp.gov.br\/noticias\/wp-content\/uploads\/sites\/32\/2014\/04\/Miss-S\u00e3o-Paulo-Candidata-de-Jundia\u00ed-tem-apoio-da-Prefeitura-1-300x209.jpg 300w, https:\/\/jundiai.sp.gov.br\/noticias\/wp-content\/uploads\/sites\/32\/2014\/04\/Miss-S\u00e3o-Paulo-Candidata-de-Jundia\u00ed-tem-apoio-da-Prefeitura-1.jpg 1240w\" sizes=\"auto, (max-width: 410px) 100vw, 410px\" \/><\/a><p id=\"caption-attachment-121760\" class=\"wp-caption-text\">Primeira-dama prestigia produ\u00e7\u00e3o de Graziele<\/p><\/div>\n<p><strong>Candidata a Miss S\u00e3o Paulo, a jundiaiense Graziele Oliveira, de 19 anos, foi classificada para a segunda fase do evento, ocorrido na Capital no \u00faltimo s\u00e1bado (26), que definiu a primeira eliminat\u00f3ria do concurso. <\/strong><\/p>\n<p>Acompanhada da primeira-dama Margarete Geraldo Bigardi, presidente do Funss (Fundo Social de Solidariedade), Graziele esteve no Espa\u00e7o Dhan, na manh\u00e3 de s\u00e1bado, onde se preparou para o desafio. O concurso foi realizado na Capital, com cobertura da Rede Bandeirantes de Televis\u00e3o.<\/p>\n<p style=\"text-align: justify\">\n<p><strong><a href=\"https:\/\/jundiai.sp.gov.br\/noticias\/2014\/04\/carreira-de-graziele\/\" target=\"_blank\">Confira a carreira de Graziele Oliveira<\/a><\/strong><\/p>\n<p>O convite para representar Jundia\u00ed surgiu ap\u00f3s a jovem ser eleita a rainha da Festa da Uva deste ano. \u201cH\u00e1 muito tempo n\u00e3o temos mais o concurso Miss Jundia\u00ed, que elege as meninas para o Miss S\u00e3o Paulo. Como a Graziele j\u00e1 tinha sido eleita pelo p\u00fablico como rainha, demos todo o apoio para que ela pudesse representar nossa cidade\u201d, explica Margarete.<\/p>\n<div id=\"attachment_121762\" style=\"width: 420px\" class=\"wp-caption alignright\"><a href=\"https:\/\/jundiai.sp.gov.br\/noticias\/wp-content\/uploads\/sites\/32\/2014\/04\/Miss-S\u00e3o-Paulo-Candidata-de-Jundia\u00ed-tem-apoio-da-Prefeitura-2.jpg\"><img loading=\"lazy\" decoding=\"async\" aria-describedby=\"caption-attachment-121762\" class=\"wp-image-121762\" src=\"https:\/\/jundiai.sp.gov.br\/noticias\/wp-content\/uploads\/sites\/32\/2014\/04\/Miss-S\u00e3o-Paulo-Candidata-de-Jundia\u00ed-tem-apoio-da-Prefeitura-2-720x458.jpg\" alt=\"Margarete e equipe do Espa\u00e7o Dhan\" width=\"410\" height=\"261\" srcset=\"https:\/\/jundiai.sp.gov.br\/noticias\/wp-content\/uploads\/sites\/32\/2014\/04\/Miss-S\u00e3o-Paulo-Candidata-de-Jundia\u00ed-tem-apoio-da-Prefeitura-2-720x458.jpg 720w, https:\/\/jundiai.sp.gov.br\/noticias\/wp-content\/uploads\/sites\/32\/2014\/04\/Miss-S\u00e3o-Paulo-Candidata-de-Jundia\u00ed-tem-apoio-da-Prefeitura-2-300x190.jpg 300w, https:\/\/jundiai.sp.gov.br\/noticias\/wp-content\/uploads\/sites\/32\/2014\/04\/Miss-S\u00e3o-Paulo-Candidata-de-Jundia\u00ed-tem-apoio-da-Prefeitura-2.jpg 1240w\" sizes=\"auto, (max-width: 410px) 100vw, 410px\" \/><\/a><p id=\"caption-attachment-121762\" class=\"wp-caption-text\">Margarete e equipe do Espa\u00e7o Dhan<\/p><\/div>\n<p>Com o objetivo de continuar com o concurso na cidade, a primeira-dama estuda essa possibilidade para o pr\u00f3ximo ano. \u201cQueremos retomar o concurso em Jundia\u00ed, pois valoriza as nossas meninas e leva o nome da cidade para todo Pa\u00eds\u201d, completa. Al\u00e9m do Espa\u00e7o Dhan, Graziele conta com apoio da Academia WA.<br \/>\n<strong><br \/>\nLuiza Ronchi<br \/>\nFotos: Alessandro Rosman<\/strong><\/p>\n","protected":false},"excerpt":{"rendered":"<p>Graziele Oliveira foi rainha da Festa da Uva deste ano e segue para a 2\u00aa fase do Miss S\u00e3o Paulo<\/p>\n","protected":false},"author":11,"featured_media":85656,"comment_status":"closed","ping_status":"closed","sticky":false,"template":"","format":"standard","meta":{"footnotes":""},"categories":[2],"tags":[41],"ods":[],"class_list":["post-85587","post","type-post","status-publish","format-standard","has-post-thumbnail","hentry","category-noticias","tag-agricultura-abastecimento-e-turismo"],"_links":{"self":[{"href":"https:\/\/jundiai.sp.gov.br\/noticias\/wp-json\/wp\/v2\/posts\/85587","targetHints":{"allow":["GET"]}}],"collection":[{"href":"https:\/\/jundiai.sp.gov.br\/noticias\/wp-json\/wp\/v2\/posts"}],"about":[{"href":"https:\/\/jundiai.sp.gov.br\/noticias\/wp-json\/wp\/v2\/types\/post"}],"author":[{"embeddable":true,"href":"https:\/\/jundiai.sp.gov.br\/noticias\/wp-json\/wp\/v2\/users\/11"}],"replies":[{"embeddable":true,"href":"https:\/\/jundiai.sp.gov.br\/noticias\/wp-json\/wp\/v2\/comments?post=85587"}],"version-history":[{"count":2,"href":"https:\/\/jundiai.sp.gov.br\/noticias\/wp-json\/wp\/v2\/posts\/85587\/revisions"}],"predecessor-version":[{"id":121764,"href":"https:\/\/jundiai.sp.gov.br\/noticias\/wp-json\/wp\/v2\/posts\/85587\/revisions\/121764"}],"wp:featuredmedia":[{"embeddable":true,"href":"https:\/\/jundiai.sp.gov.br\/noticias\/wp-json\/"}],"wp:attachment":[{"href":"https:\/\/jundiai.sp.gov.br\/noticias\/wp-json\/wp\/v2\/media?parent=85587"}],"wp:term":[{"taxonomy":"category","embeddable":true,"href":"https:\/\/jundiai.sp.gov.br\/noticias\/wp-json\/wp\/v2\/categories?post=85587"},{"taxonomy":"post_tag","embeddable":true,"href":"https:\/\/jundiai.sp.gov.br\/noticias\/wp-json\/wp\/v2\/tags?post=85587"},{"taxonomy":"ods","embeddable":true,"href":"https:\/\/jundiai.sp.gov.br\/noticias\/wp-json\/wp\/v2\/ods?post=85587"}],"curies":[{"name":"wp","href":"https:\/\/api.w.org\/{rel}","templated":true}]}}