{"id":85785,"date":"2014-04-28T19:53:59","date_gmt":"2014-04-28T22:53:59","guid":{"rendered":"https:\/\/jundiai.sp.gov.br\/noticias\/?p=85785"},"modified":"2016-11-04T11:09:55","modified_gmt":"2016-11-04T13:09:55","slug":"prefeito-recebe-senador-da-italia","status":"publish","type":"post","link":"https:\/\/jundiai.sp.gov.br\/noticias\/2014\/04\/28\/prefeito-recebe-senador-da-italia\/","title":{"rendered":"Prefeito recebe senador da It\u00e1lia"},"content":{"rendered":"<p>O prefeito Pedro Bigardi recebeu, na tarde desta segunda-feira (28), o senador do Parlamento Italiano, Fausto Longo, acompanhado do vice-c\u00f4nsul da It\u00e1lia, Antonio Cordone.<\/p>\n<p>Longo contou sobre a trajet\u00f3ria na pol\u00edtica italiana e quais s\u00e3o as a\u00e7\u00f5es para ampliar os la\u00e7os entre o Brasil e a It\u00e1lia. \u201cSou respons\u00e1vel em dar respostas para as comunidades italianas que confiaram o voto em mim\u201d, afirma, ao dizer que foi eleito com 30 mil votos de cidad\u00e3os \u00edtalo-sul-americanos, residentes no Brasil, Chile, Paraguai, Bol\u00edvia, Col\u00f4mbia, Peru, Uruguai, Venezuela e Argentina.<\/p>\n<div id=\"attachment_121622\" style=\"width: 419px\" class=\"wp-caption alignleft\"><a href=\"https:\/\/jundiai.sp.gov.br\/noticias\/wp-content\/uploads\/sites\/32\/2014\/04\/Prefeito-recebe-senador-da-It\u00e1lia.jpg\"><img loading=\"lazy\" decoding=\"async\" aria-describedby=\"caption-attachment-121622\" class=\"wp-image-121622\" src=\"https:\/\/jundiai.sp.gov.br\/noticias\/wp-content\/uploads\/sites\/32\/2014\/04\/Prefeito-recebe-senador-da-It\u00e1lia-720x480.jpg\" alt=\"Longo conta ao prefeito trajet\u00f3ria para chegar ao Parlamento\" width=\"409\" height=\"273\" srcset=\"https:\/\/jundiai.sp.gov.br\/noticias\/wp-content\/uploads\/sites\/32\/2014\/04\/Prefeito-recebe-senador-da-It\u00e1lia-720x480.jpg 720w, https:\/\/jundiai.sp.gov.br\/noticias\/wp-content\/uploads\/sites\/32\/2014\/04\/Prefeito-recebe-senador-da-It\u00e1lia-300x200.jpg 300w, https:\/\/jundiai.sp.gov.br\/noticias\/wp-content\/uploads\/sites\/32\/2014\/04\/Prefeito-recebe-senador-da-It\u00e1lia.jpg 1240w\" sizes=\"auto, (max-width: 409px) 100vw, 409px\" \/><\/a><p id=\"caption-attachment-121622\" class=\"wp-caption-text\">Longo conta ao prefeito trajet\u00f3ria para chegar ao Parlamento<\/p><\/div>\n<p>O prefeito aproveitou a oportunidade para apresentar o projeto da constru\u00e7\u00e3o do Portal do Caxambu e o Centro da Imigra\u00e7\u00e3o Italiana. \u201cQueremos que todos conhe\u00e7am a hist\u00f3ria das comunidades italianas\u201d, destaca. Pedro Bigardi convidou o senador para participar da inaugura\u00e7\u00e3o, que dever\u00e1 acontecer no pr\u00f3ximo ano.<\/p>\n<p>O secret\u00e1rio de Agricultura, Abastecimento e Turismo, Marcos Brunholi, o presidente da C\u00e2mara dos Vereadores, Gerson Sartori, e o diretor-presidente da Escola de Governo, Marcelo L\u00f4 Monaco participaram do encontro.<\/p>\n<p><em><strong>Assessoria de Imprensa<br \/>\nFoto: Dorival Pinheiro Filho <\/strong><\/em><\/p>\n","protected":false},"excerpt":{"rendered":"<p>O prefeito Pedro Bigardi recebeu, na tarde desta segunda-feira (28), o senador do Parlamento Italiano, Fausto Longo, acompanhado do vice-c\u00f4nsul da It\u00e1lia, Antonio Cordone. Longo contou sobre a trajet\u00f3ria na pol\u00edtica italiana e quais s\u00e3o as a\u00e7\u00f5es para ampliar os la\u00e7os entre o Brasil e a It\u00e1lia. \u201cSou respons\u00e1vel em dar respostas para as comunidades [&hellip;]<\/p>\n","protected":false},"author":10,"featured_media":0,"comment_status":"closed","ping_status":"closed","sticky":false,"template":"","format":"standard","meta":{"footnotes":""},"categories":[2],"tags":[58],"ods":[],"class_list":["post-85785","post","type-post","status-publish","format-standard","hentry","category-noticias","tag-prefeito"],"_links":{"self":[{"href":"https:\/\/jundiai.sp.gov.br\/noticias\/wp-json\/wp\/v2\/posts\/85785","targetHints":{"allow":["GET"]}}],"collection":[{"href":"https:\/\/jundiai.sp.gov.br\/noticias\/wp-json\/wp\/v2\/posts"}],"about":[{"href":"https:\/\/jundiai.sp.gov.br\/noticias\/wp-json\/wp\/v2\/types\/post"}],"author":[{"embeddable":true,"href":"https:\/\/jundiai.sp.gov.br\/noticias\/wp-json\/wp\/v2\/users\/10"}],"replies":[{"embeddable":true,"href":"https:\/\/jundiai.sp.gov.br\/noticias\/wp-json\/wp\/v2\/comments?post=85785"}],"version-history":[{"count":1,"href":"https:\/\/jundiai.sp.gov.br\/noticias\/wp-json\/wp\/v2\/posts\/85785\/revisions"}],"predecessor-version":[{"id":121623,"href":"https:\/\/jundiai.sp.gov.br\/noticias\/wp-json\/wp\/v2\/posts\/85785\/revisions\/121623"}],"wp:attachment":[{"href":"https:\/\/jundiai.sp.gov.br\/noticias\/wp-json\/wp\/v2\/media?parent=85785"}],"wp:term":[{"taxonomy":"category","embeddable":true,"href":"https:\/\/jundiai.sp.gov.br\/noticias\/wp-json\/wp\/v2\/categories?post=85785"},{"taxonomy":"post_tag","embeddable":true,"href":"https:\/\/jundiai.sp.gov.br\/noticias\/wp-json\/wp\/v2\/tags?post=85785"},{"taxonomy":"ods","embeddable":true,"href":"https:\/\/jundiai.sp.gov.br\/noticias\/wp-json\/wp\/v2\/ods?post=85785"}],"curies":[{"name":"wp","href":"https:\/\/api.w.org\/{rel}","templated":true}]}}