{"id":85884,"date":"2014-04-30T17:12:32","date_gmt":"2014-04-30T20:12:32","guid":{"rendered":"https:\/\/jundiai.sp.gov.br\/noticias\/?p=85884"},"modified":"2016-11-04T11:09:54","modified_gmt":"2016-11-04T13:09:54","slug":"prefeito-participa-de-assinatura-de-convenio-do-pac-2","status":"publish","type":"post","link":"https:\/\/jundiai.sp.gov.br\/noticias\/2014\/04\/30\/prefeito-participa-de-assinatura-de-convenio-do-pac-2\/","title":{"rendered":"Prefeito participa de assinatura de conv\u00eanio do PAC 2"},"content":{"rendered":"<p><strong>O prefeito Pedro Bigardi participou da assinatura de conv\u00eanio do Programa de Acelera\u00e7\u00e3o do Crescimento (PAC 2) do Governo Federal com a Prefeitura de Itatiba, na tarde desta quarta-feira (30).<\/strong><\/p>\n<div id=\"attachment_121577\" style=\"width: 420px\" class=\"wp-caption alignleft\"><a href=\"https:\/\/jundiai.sp.gov.br\/noticias\/wp-content\/uploads\/sites\/32\/2014\/04\/Prefeito-participa-de-assinatura-de-conv\u00eanio-do-PAC-2.jpg\"><img loading=\"lazy\" decoding=\"async\" aria-describedby=\"caption-attachment-121577\" class=\"wp-image-121577\" src=\"https:\/\/jundiai.sp.gov.br\/noticias\/wp-content\/uploads\/sites\/32\/2014\/04\/Prefeito-participa-de-assinatura-de-conv\u00eanio-do-PAC-2-720x470.jpg\" alt=\"Prefeito acompanha assinatura de conv\u00eanio\" width=\"410\" height=\"268\" srcset=\"https:\/\/jundiai.sp.gov.br\/noticias\/wp-content\/uploads\/sites\/32\/2014\/04\/Prefeito-participa-de-assinatura-de-conv\u00eanio-do-PAC-2-720x470.jpg 720w, https:\/\/jundiai.sp.gov.br\/noticias\/wp-content\/uploads\/sites\/32\/2014\/04\/Prefeito-participa-de-assinatura-de-conv\u00eanio-do-PAC-2-300x195.jpg 300w, https:\/\/jundiai.sp.gov.br\/noticias\/wp-content\/uploads\/sites\/32\/2014\/04\/Prefeito-participa-de-assinatura-de-conv\u00eanio-do-PAC-2.jpg 1240w\" sizes=\"auto, (max-width: 410px) 100vw, 410px\" \/><\/a><p id=\"caption-attachment-121577\" class=\"wp-caption-text\">Prefeito acompanha assinatura de conv\u00eanio<\/p><\/div>\n<p>O convite foi feito pelo prefeito daquela cidade, Jo\u00e3o Gualberto Fattore.<\/p>\n<p>O conv\u00eanio prev\u00ea o investimento de R$ 35 milh\u00f5es em obras de drenagem, rede de \u00e1gua e esgoto e pavimenta\u00e7\u00e3o em aproximadamente 11 bairros daquele munic\u00edpio.<\/p>\n<p>O evento contou com a presen\u00e7a do superintendente da Caixa Econ\u00f4mica Federal, Henrique Parra Parra.<br \/>\n<strong><br \/>\nAssessoria de Imprensa<br \/>\nFotos: Dorival Pinheiro Filho<\/strong><\/p>\n","protected":false},"excerpt":{"rendered":"<p>O prefeito Pedro Bigardi participou da assinatura de conv\u00eanio do Programa de Acelera\u00e7\u00e3o do Crescimento (PAC 2) do Governo Federal com a Prefeitura de Itatiba, na tarde desta quarta-feira (30). O convite foi feito pelo prefeito daquela cidade, Jo\u00e3o Gualberto Fattore. O conv\u00eanio prev\u00ea o investimento de R$ 35 milh\u00f5es em obras de drenagem, rede [&hellip;]<\/p>\n","protected":false},"author":11,"featured_media":67809,"comment_status":"closed","ping_status":"closed","sticky":false,"template":"","format":"standard","meta":{"footnotes":""},"categories":[2],"tags":[58],"ods":[],"class_list":["post-85884","post","type-post","status-publish","format-standard","has-post-thumbnail","hentry","category-noticias","tag-prefeito"],"_links":{"self":[{"href":"https:\/\/jundiai.sp.gov.br\/noticias\/wp-json\/wp\/v2\/posts\/85884","targetHints":{"allow":["GET"]}}],"collection":[{"href":"https:\/\/jundiai.sp.gov.br\/noticias\/wp-json\/wp\/v2\/posts"}],"about":[{"href":"https:\/\/jundiai.sp.gov.br\/noticias\/wp-json\/wp\/v2\/types\/post"}],"author":[{"embeddable":true,"href":"https:\/\/jundiai.sp.gov.br\/noticias\/wp-json\/wp\/v2\/users\/11"}],"replies":[{"embeddable":true,"href":"https:\/\/jundiai.sp.gov.br\/noticias\/wp-json\/wp\/v2\/comments?post=85884"}],"version-history":[{"count":1,"href":"https:\/\/jundiai.sp.gov.br\/noticias\/wp-json\/wp\/v2\/posts\/85884\/revisions"}],"predecessor-version":[{"id":121578,"href":"https:\/\/jundiai.sp.gov.br\/noticias\/wp-json\/wp\/v2\/posts\/85884\/revisions\/121578"}],"wp:featuredmedia":[{"embeddable":true,"href":"https:\/\/jundiai.sp.gov.br\/noticias\/wp-json\/"}],"wp:attachment":[{"href":"https:\/\/jundiai.sp.gov.br\/noticias\/wp-json\/wp\/v2\/media?parent=85884"}],"wp:term":[{"taxonomy":"category","embeddable":true,"href":"https:\/\/jundiai.sp.gov.br\/noticias\/wp-json\/wp\/v2\/categories?post=85884"},{"taxonomy":"post_tag","embeddable":true,"href":"https:\/\/jundiai.sp.gov.br\/noticias\/wp-json\/wp\/v2\/tags?post=85884"},{"taxonomy":"ods","embeddable":true,"href":"https:\/\/jundiai.sp.gov.br\/noticias\/wp-json\/wp\/v2\/ods?post=85884"}],"curies":[{"name":"wp","href":"https:\/\/api.w.org\/{rel}","templated":true}]}}