{"id":85908,"date":"2014-04-30T18:05:30","date_gmt":"2014-04-30T21:05:30","guid":{"rendered":"https:\/\/jundiai.sp.gov.br\/noticias\/?p=85908"},"modified":"2016-11-04T11:10:19","modified_gmt":"2016-11-04T13:10:19","slug":"corte-da-festa-da-uva-de-louveira-visita-paco-municipal","status":"publish","type":"post","link":"https:\/\/jundiai.sp.gov.br\/noticias\/2014\/04\/30\/corte-da-festa-da-uva-de-louveira-visita-paco-municipal\/","title":{"rendered":"Corte da Festa da Uva de Louveira visita Pa\u00e7o Municipal"},"content":{"rendered":"<p>O prefeito Pedro Bigardi recebeu a Corte da 47\u00aa Festa da Uva e 4\u00aa Expo Caqui de Louveira, na tarde desta quarta-feira (30).<\/p>\n<div id=\"attachment_121568\" style=\"width: 420px\" class=\"wp-caption alignleft\"><a href=\"https:\/\/jundiai.sp.gov.br\/noticias\/wp-content\/uploads\/sites\/32\/2014\/04\/Corte-da-Festa-da-Uva-de-Louveira-visita-Pa\u00e7o-Municipal.jpg\"><img loading=\"lazy\" decoding=\"async\" aria-describedby=\"caption-attachment-121568\" class=\"wp-image-121568\" src=\"https:\/\/jundiai.sp.gov.br\/noticias\/wp-content\/uploads\/sites\/32\/2014\/04\/Corte-da-Festa-da-Uva-de-Louveira-visita-Pa\u00e7o-Municipal-720x552.jpg\" alt=\"Prefeito e o secret\u00e1rio Brunholi recebem a corte de Louveira\" width=\"410\" height=\"315\" srcset=\"https:\/\/jundiai.sp.gov.br\/noticias\/wp-content\/uploads\/sites\/32\/2014\/04\/Corte-da-Festa-da-Uva-de-Louveira-visita-Pa\u00e7o-Municipal-720x552.jpg 720w, https:\/\/jundiai.sp.gov.br\/noticias\/wp-content\/uploads\/sites\/32\/2014\/04\/Corte-da-Festa-da-Uva-de-Louveira-visita-Pa\u00e7o-Municipal-300x230.jpg 300w, https:\/\/jundiai.sp.gov.br\/noticias\/wp-content\/uploads\/sites\/32\/2014\/04\/Corte-da-Festa-da-Uva-de-Louveira-visita-Pa\u00e7o-Municipal.jpg 1240w\" sizes=\"auto, (max-width: 410px) 100vw, 410px\" \/><\/a><p id=\"caption-attachment-121568\" class=\"wp-caption-text\">Prefeito e o secret\u00e1rio Brunholi recebem a corte de Louveira<\/p><\/div>\n<p>Os eventos acontecem de 17 de maio a 1\u00ba de junho, das 10h \u00e0 meia-noite aos s\u00e1bados e domingos; e das 18h \u00e0 meia-noite \u00e0s sextas-feiras.<\/p>\n<p>O chefe do Executivo foi presenteado com uma cesta de frutas e diz que far\u00e1 quest\u00e3o de visitar a festa que acontece na \u00e1rea de Lazer do Trabalhador Vereador Jos\u00e9 Finamore, na rodovia Romildo Prado, km 1, em Louveira.<br \/>\n<strong><br \/>\nAssessoria de Imprensa<br \/>\nFotos: Dorival Pinheiro Filho<\/strong><\/p>\n","protected":false},"excerpt":{"rendered":"<p>O prefeito Pedro Bigardi recebeu a Corte da 47\u00aa Festa da Uva e 4\u00aa Expo Caqui de Louveira, na tarde desta quarta-feira (30). Os eventos acontecem de 17 de maio a 1\u00ba de junho, das 10h \u00e0 meia-noite aos s\u00e1bados e domingos; e das 18h \u00e0 meia-noite \u00e0s sextas-feiras. O chefe do Executivo foi presenteado [&hellip;]<\/p>\n","protected":false},"author":11,"featured_media":0,"comment_status":"closed","ping_status":"closed","sticky":false,"template":"","format":"standard","meta":{"footnotes":""},"categories":[2],"tags":[],"ods":[],"class_list":["post-85908","post","type-post","status-publish","format-standard","hentry","category-noticias"],"_links":{"self":[{"href":"https:\/\/jundiai.sp.gov.br\/noticias\/wp-json\/wp\/v2\/posts\/85908","targetHints":{"allow":["GET"]}}],"collection":[{"href":"https:\/\/jundiai.sp.gov.br\/noticias\/wp-json\/wp\/v2\/posts"}],"about":[{"href":"https:\/\/jundiai.sp.gov.br\/noticias\/wp-json\/wp\/v2\/types\/post"}],"author":[{"embeddable":true,"href":"https:\/\/jundiai.sp.gov.br\/noticias\/wp-json\/wp\/v2\/users\/11"}],"replies":[{"embeddable":true,"href":"https:\/\/jundiai.sp.gov.br\/noticias\/wp-json\/wp\/v2\/comments?post=85908"}],"version-history":[{"count":1,"href":"https:\/\/jundiai.sp.gov.br\/noticias\/wp-json\/wp\/v2\/posts\/85908\/revisions"}],"predecessor-version":[{"id":121569,"href":"https:\/\/jundiai.sp.gov.br\/noticias\/wp-json\/wp\/v2\/posts\/85908\/revisions\/121569"}],"wp:attachment":[{"href":"https:\/\/jundiai.sp.gov.br\/noticias\/wp-json\/wp\/v2\/media?parent=85908"}],"wp:term":[{"taxonomy":"category","embeddable":true,"href":"https:\/\/jundiai.sp.gov.br\/noticias\/wp-json\/wp\/v2\/categories?post=85908"},{"taxonomy":"post_tag","embeddable":true,"href":"https:\/\/jundiai.sp.gov.br\/noticias\/wp-json\/wp\/v2\/tags?post=85908"},{"taxonomy":"ods","embeddable":true,"href":"https:\/\/jundiai.sp.gov.br\/noticias\/wp-json\/wp\/v2\/ods?post=85908"}],"curies":[{"name":"wp","href":"https:\/\/api.w.org\/{rel}","templated":true}]}}