{"id":85913,"date":"2014-04-30T18:12:33","date_gmt":"2014-04-30T21:12:33","guid":{"rendered":"https:\/\/jundiai.sp.gov.br\/noticias\/?p=85913"},"modified":"2016-11-04T11:09:55","modified_gmt":"2016-11-04T13:09:55","slug":"prefeito-recebe-convite-para-2o-forum-de-desenvolvimento-economico","status":"publish","type":"post","link":"https:\/\/jundiai.sp.gov.br\/noticias\/2014\/04\/30\/prefeito-recebe-convite-para-2o-forum-de-desenvolvimento-economico\/","title":{"rendered":"Prefeito recebe convite para 2\u00ba F\u00f3rum de Desenvolvimento Econ\u00f4mico"},"content":{"rendered":"<p><strong>O prefeito Pedro Bigardi recebeu Maur\u00edcio Rappa Santos, do N\u00facleo dos Jovens Empreendedores (NJE) de Jundia\u00ed, na tarde desta quarta-feira (30). O encontro aconteceu no gabinete do prefeito.<br \/>\n<\/strong><\/p>\n<div id=\"attachment_121563\" style=\"width: 420px\" class=\"wp-caption alignleft\"><a href=\"https:\/\/jundiai.sp.gov.br\/noticias\/wp-content\/uploads\/sites\/32\/2014\/04\/Prefeito-recebe-convite-para-2\u00ba-F\u00f3rum-de-Desenvolvimento-Econ\u00f4mico.jpg\"><img loading=\"lazy\" decoding=\"async\" aria-describedby=\"caption-attachment-121563\" class=\"wp-image-121563\" src=\"https:\/\/jundiai.sp.gov.br\/noticias\/wp-content\/uploads\/sites\/32\/2014\/04\/Prefeito-recebe-convite-para-2\u00ba-F\u00f3rum-de-Desenvolvimento-Econ\u00f4mico-720x509.jpg\" alt=\"Maur\u00edcio Rappa Santos entrega convite para o prefeito\" width=\"410\" height=\"290\" srcset=\"https:\/\/jundiai.sp.gov.br\/noticias\/wp-content\/uploads\/sites\/32\/2014\/04\/Prefeito-recebe-convite-para-2\u00ba-F\u00f3rum-de-Desenvolvimento-Econ\u00f4mico-720x509.jpg 720w, https:\/\/jundiai.sp.gov.br\/noticias\/wp-content\/uploads\/sites\/32\/2014\/04\/Prefeito-recebe-convite-para-2\u00ba-F\u00f3rum-de-Desenvolvimento-Econ\u00f4mico-300x212.jpg 300w, https:\/\/jundiai.sp.gov.br\/noticias\/wp-content\/uploads\/sites\/32\/2014\/04\/Prefeito-recebe-convite-para-2\u00ba-F\u00f3rum-de-Desenvolvimento-Econ\u00f4mico.jpg 1240w\" sizes=\"auto, (max-width: 410px) 100vw, 410px\" \/><\/a><p id=\"caption-attachment-121563\" class=\"wp-caption-text\">Maur\u00edcio Rappa Santos entrega convite para o prefeito<\/p><\/div>\n<p>Maur\u00edcio entregou o convite para o 2\u00ba F\u00f3rum de Desenvolvimento Econ\u00f4mico de Jundia\u00ed e Regi\u00e3o, com foco na Aglomera\u00e7\u00e3o Urbana de Jundia\u00ed. O evento \u00e9 organizado pelas entidades que fazem parte do F\u00f3rum Regional da Ind\u00fastria, Com\u00e9rcio e Servi\u00e7os de Jundia\u00ed e Regi\u00e3o (Forcis).<\/p>\n<p>O f\u00f3rum acontece dia 16 de maio, a partir das 9h, na sede do Ciesp Jundia\u00ed.<\/p>\n<p><strong>Assessoria de Imprensa<br \/>\nFotos: Dorival Pinheiro Filho<\/strong><\/p>\n","protected":false},"excerpt":{"rendered":"<p>O prefeito Pedro Bigardi recebeu Maur\u00edcio Rappa Santos, do N\u00facleo dos Jovens Empreendedores (NJE) de Jundia\u00ed, na tarde desta quarta-feira (30). O encontro aconteceu no gabinete do prefeito. Maur\u00edcio entregou o convite para o 2\u00ba F\u00f3rum de Desenvolvimento Econ\u00f4mico de Jundia\u00ed e Regi\u00e3o, com foco na Aglomera\u00e7\u00e3o Urbana de Jundia\u00ed. O evento \u00e9 organizado pelas [&hellip;]<\/p>\n","protected":false},"author":11,"featured_media":0,"comment_status":"closed","ping_status":"closed","sticky":false,"template":"","format":"standard","meta":{"footnotes":""},"categories":[2],"tags":[58],"ods":[],"class_list":["post-85913","post","type-post","status-publish","format-standard","hentry","category-noticias","tag-prefeito"],"_links":{"self":[{"href":"https:\/\/jundiai.sp.gov.br\/noticias\/wp-json\/wp\/v2\/posts\/85913","targetHints":{"allow":["GET"]}}],"collection":[{"href":"https:\/\/jundiai.sp.gov.br\/noticias\/wp-json\/wp\/v2\/posts"}],"about":[{"href":"https:\/\/jundiai.sp.gov.br\/noticias\/wp-json\/wp\/v2\/types\/post"}],"author":[{"embeddable":true,"href":"https:\/\/jundiai.sp.gov.br\/noticias\/wp-json\/wp\/v2\/users\/11"}],"replies":[{"embeddable":true,"href":"https:\/\/jundiai.sp.gov.br\/noticias\/wp-json\/wp\/v2\/comments?post=85913"}],"version-history":[{"count":2,"href":"https:\/\/jundiai.sp.gov.br\/noticias\/wp-json\/wp\/v2\/posts\/85913\/revisions"}],"predecessor-version":[{"id":121565,"href":"https:\/\/jundiai.sp.gov.br\/noticias\/wp-json\/wp\/v2\/posts\/85913\/revisions\/121565"}],"wp:attachment":[{"href":"https:\/\/jundiai.sp.gov.br\/noticias\/wp-json\/wp\/v2\/media?parent=85913"}],"wp:term":[{"taxonomy":"category","embeddable":true,"href":"https:\/\/jundiai.sp.gov.br\/noticias\/wp-json\/wp\/v2\/categories?post=85913"},{"taxonomy":"post_tag","embeddable":true,"href":"https:\/\/jundiai.sp.gov.br\/noticias\/wp-json\/wp\/v2\/tags?post=85913"},{"taxonomy":"ods","embeddable":true,"href":"https:\/\/jundiai.sp.gov.br\/noticias\/wp-json\/wp\/v2\/ods?post=85913"}],"curies":[{"name":"wp","href":"https:\/\/api.w.org\/{rel}","templated":true}]}}