{"id":85944,"date":"2014-04-30T19:30:01","date_gmt":"2014-04-30T22:30:01","guid":{"rendered":"https:\/\/jundiai.sp.gov.br\/noticias\/?p=85944"},"modified":"2016-11-04T11:10:20","modified_gmt":"2016-11-04T13:10:20","slug":"prefeito-acompanha-a-liberacao-da-5a-faixa-da-bandeirantes","status":"publish","type":"post","link":"https:\/\/jundiai.sp.gov.br\/noticias\/2014\/04\/30\/prefeito-acompanha-a-liberacao-da-5a-faixa-da-bandeirantes\/","title":{"rendered":"Prefeito acompanha a libera\u00e7\u00e3o da 5\u00aa faixa da Bandeirantes"},"content":{"rendered":"<p><strong>O prefeito Pedro Bigardi esteve presente, na manh\u00e3 desta quarta-feira (30), na solenidade em que o governador Geraldo Alckmin liberou oficialmente para o tr\u00e1fego a quinta faixa da Rodovia dos Bandeirantes, nos dois sentidos entre Jundia\u00ed e S\u00e3o Paulo. Al\u00e9m do governador, estiveram presentes o secret\u00e1rio de Transportes do Estado, Saulo de Castro Abreu Filho, prefeitos e autoridades das cidades da regi\u00e3o. Acompanhando o prefeito Pedro Bigardi, o secret\u00e1rio Municipal de Obras, Allan P\u00edccolo.<\/strong><\/p>\n<div id=\"attachment_121533\" style=\"width: 419px\" class=\"wp-caption alignleft\"><a href=\"https:\/\/jundiai.sp.gov.br\/noticias\/wp-content\/uploads\/sites\/32\/2014\/04\/Prefeito-acompanha-a-libera\u00e7\u00e3o-da-5\u00aa-faixa-da-Bandeirantes-1.jpg\"><img loading=\"lazy\" decoding=\"async\" aria-describedby=\"caption-attachment-121533\" class=\"wp-image-121533\" src=\"https:\/\/jundiai.sp.gov.br\/noticias\/wp-content\/uploads\/sites\/32\/2014\/04\/Prefeito-acompanha-a-libera\u00e7\u00e3o-da-5\u00aa-faixa-da-Bandeirantes-1-720x436.jpg\" alt=\"Governador falou da import\u00e2ncia da amplia\u00e7\u00e3o\" width=\"409\" height=\"248\" srcset=\"https:\/\/jundiai.sp.gov.br\/noticias\/wp-content\/uploads\/sites\/32\/2014\/04\/Prefeito-acompanha-a-libera\u00e7\u00e3o-da-5\u00aa-faixa-da-Bandeirantes-1-720x436.jpg 720w, https:\/\/jundiai.sp.gov.br\/noticias\/wp-content\/uploads\/sites\/32\/2014\/04\/Prefeito-acompanha-a-libera\u00e7\u00e3o-da-5\u00aa-faixa-da-Bandeirantes-1-300x181.jpg 300w, https:\/\/jundiai.sp.gov.br\/noticias\/wp-content\/uploads\/sites\/32\/2014\/04\/Prefeito-acompanha-a-libera\u00e7\u00e3o-da-5\u00aa-faixa-da-Bandeirantes-1.jpg 1240w\" sizes=\"auto, (max-width: 409px) 100vw, 409px\" \/><\/a><p id=\"caption-attachment-121533\" class=\"wp-caption-text\">Governador falou da import\u00e2ncia da amplia\u00e7\u00e3o<\/p><\/div>\n<p>\u201cEstivemos no lan\u00e7amento da obra em Jundia\u00ed e agora estamos aqui para entreg\u00e1-la\u201d, disse o prefeito Pedro Bigardi. Segundo ele, mais uma faixa vai melhorar a mobilidade da macrometr\u00f3pole paulista e Jundia\u00ed tamb\u00e9m se beneficia dos resultados. \u201cOs impactos se d\u00e3o de diversas formas, seja para quem utiliza a rodovia a passeio, seja no transporte de cargas\u201d, comentou.<\/p>\n<p>A constru\u00e7\u00e3o dos 62 quil\u00f4metros de 5\u00aa faixa (31 km em cada sentido), entre os quil\u00f4metros 16 e 47, teve investimento de R$ 160 milh\u00f5es, verba proveniente da cobran\u00e7a de ped\u00e1gio, e fiscalizada pela Ag\u00eancia de Transporte do Estado de S\u00e3o Paulo (Artesp). Para a realiza\u00e7\u00e3o, foram necess\u00e1rias interven\u00e7\u00f5es em obras de artes especiais de engenharia, como o alargamento de cerca de 4 metros em viadutos e pontes instaladas no trecho.<\/p>\n<div id=\"attachment_121535\" style=\"width: 420px\" class=\"wp-caption alignright\"><a href=\"https:\/\/jundiai.sp.gov.br\/noticias\/wp-content\/uploads\/sites\/32\/2014\/04\/Prefeito-acompanha-a-libera\u00e7\u00e3o-da-5\u00aa-faixa-da-Bandeirantes-2.jpg\"><img loading=\"lazy\" decoding=\"async\" aria-describedby=\"caption-attachment-121535\" class=\"wp-image-121535\" src=\"https:\/\/jundiai.sp.gov.br\/noticias\/wp-content\/uploads\/sites\/32\/2014\/04\/Prefeito-acompanha-a-libera\u00e7\u00e3o-da-5\u00aa-faixa-da-Bandeirantes-2-720x444.jpg\" alt=\"Nova faixa foi liberada logo ap\u00f3s o ato\" width=\"410\" height=\"253\" srcset=\"https:\/\/jundiai.sp.gov.br\/noticias\/wp-content\/uploads\/sites\/32\/2014\/04\/Prefeito-acompanha-a-libera\u00e7\u00e3o-da-5\u00aa-faixa-da-Bandeirantes-2-720x444.jpg 720w, https:\/\/jundiai.sp.gov.br\/noticias\/wp-content\/uploads\/sites\/32\/2014\/04\/Prefeito-acompanha-a-libera\u00e7\u00e3o-da-5\u00aa-faixa-da-Bandeirantes-2-300x185.jpg 300w, https:\/\/jundiai.sp.gov.br\/noticias\/wp-content\/uploads\/sites\/32\/2014\/04\/Prefeito-acompanha-a-libera\u00e7\u00e3o-da-5\u00aa-faixa-da-Bandeirantes-2.jpg 1240w\" sizes=\"auto, (max-width: 410px) 100vw, 410px\" \/><\/a><p id=\"caption-attachment-121535\" class=\"wp-caption-text\">Nova faixa foi liberada logo ap\u00f3s o ato<\/p><\/div>\n<p>O governador Geraldo Alckmin, durante pronunciamento no estande montado no Km 28 da rodovia, lembrou da vis\u00e3o que teve o ex-governador Paulo Egydio Martins, quando fez o projeto da Bandeirantes.<\/p>\n<p>\u201cEle optou por um imenso canteiro central, deixando espa\u00e7o suficiente para as futuras amplia\u00e7\u00f5es, sem necessidade de desapropria\u00e7\u00e3o das marginais\u201d, comentou. Segundo o governador, isso significa economia de recursos p\u00fablicos.<\/p>\n<p><em><strong>Assessoria de Imprensa<br \/>\nFotos: Alessandro Rosman <\/strong><\/em><\/p>\n","protected":false},"excerpt":{"rendered":"<p>O prefeito Pedro Bigardi esteve presente, na manh\u00e3 desta quarta-feira (30), na solenidade em que o governador Geraldo Alckmin liberou oficialmente para o tr\u00e1fego a quinta faixa da Rodovia dos Bandeirantes, nos dois sentidos entre Jundia\u00ed e S\u00e3o Paulo. Al\u00e9m do governador, estiveram presentes o secret\u00e1rio de Transportes do Estado, Saulo de Castro Abreu Filho, [&hellip;]<\/p>\n","protected":false},"author":10,"featured_media":0,"comment_status":"closed","ping_status":"closed","sticky":false,"template":"","format":"standard","meta":{"footnotes":""},"categories":[2],"tags":[],"ods":[],"class_list":["post-85944","post","type-post","status-publish","format-standard","hentry","category-noticias"],"_links":{"self":[{"href":"https:\/\/jundiai.sp.gov.br\/noticias\/wp-json\/wp\/v2\/posts\/85944","targetHints":{"allow":["GET"]}}],"collection":[{"href":"https:\/\/jundiai.sp.gov.br\/noticias\/wp-json\/wp\/v2\/posts"}],"about":[{"href":"https:\/\/jundiai.sp.gov.br\/noticias\/wp-json\/wp\/v2\/types\/post"}],"author":[{"embeddable":true,"href":"https:\/\/jundiai.sp.gov.br\/noticias\/wp-json\/wp\/v2\/users\/10"}],"replies":[{"embeddable":true,"href":"https:\/\/jundiai.sp.gov.br\/noticias\/wp-json\/wp\/v2\/comments?post=85944"}],"version-history":[{"count":2,"href":"https:\/\/jundiai.sp.gov.br\/noticias\/wp-json\/wp\/v2\/posts\/85944\/revisions"}],"predecessor-version":[{"id":121536,"href":"https:\/\/jundiai.sp.gov.br\/noticias\/wp-json\/wp\/v2\/posts\/85944\/revisions\/121536"}],"wp:attachment":[{"href":"https:\/\/jundiai.sp.gov.br\/noticias\/wp-json\/wp\/v2\/media?parent=85944"}],"wp:term":[{"taxonomy":"category","embeddable":true,"href":"https:\/\/jundiai.sp.gov.br\/noticias\/wp-json\/wp\/v2\/categories?post=85944"},{"taxonomy":"post_tag","embeddable":true,"href":"https:\/\/jundiai.sp.gov.br\/noticias\/wp-json\/wp\/v2\/tags?post=85944"},{"taxonomy":"ods","embeddable":true,"href":"https:\/\/jundiai.sp.gov.br\/noticias\/wp-json\/wp\/v2\/ods?post=85944"}],"curies":[{"name":"wp","href":"https:\/\/api.w.org\/{rel}","templated":true}]}}