{"id":85950,"date":"2014-04-30T19:36:36","date_gmt":"2014-04-30T22:36:36","guid":{"rendered":"https:\/\/jundiai.sp.gov.br\/noticias\/?p=85950"},"modified":"2016-11-04T11:10:20","modified_gmt":"2016-11-04T13:10:20","slug":"com-alckmin-bigardi-fala-sobre-os-acessos-da-anhanguera","status":"publish","type":"post","link":"https:\/\/jundiai.sp.gov.br\/noticias\/2014\/04\/30\/com-alckmin-bigardi-fala-sobre-os-acessos-da-anhanguera\/","title":{"rendered":"Com Alckmin, Bigardi fala sobre os acessos da Anhanguera"},"content":{"rendered":"<p><strong>O prefeito Pedro Bigardi deve marcar, para os pr\u00f3ximos dias, uma reuni\u00e3o com o governador Geraldo Alckmin, para atualizar as informa\u00e7\u00f5es sobre os projetos de constru\u00e7\u00e3o de novos acessos \u00e0 cidade e transposi\u00e7\u00e3o da Via Anhanguera. O assunto foi tratado, na manh\u00e3 desta quarta-feira (30), durante a solenidade de libera\u00e7\u00e3o da quinta faixa da Rodovia dos Bandeirantes, entre Jundia\u00ed e S\u00e3o Paulo. <\/strong><\/p>\n<p><strong>LEIA TAMB\u00c9M<br \/>\n<a href=\"https:\/\/jundiai.sp.gov.br\/noticias\/2014\/04\/prefeito-acompanha-a-liberacao-da-5a-faixa-da-bandeirantes\/\" target=\"_blank\">Prefeito acompanha a libera\u00e7\u00e3o da 5\u00aa faixa da Bandeirantes<\/a><\/strong><\/p>\n<div id=\"attachment_121531\" style=\"width: 620px\" class=\"wp-caption aligncenter\"><a href=\"https:\/\/jundiai.sp.gov.br\/noticias\/wp-content\/uploads\/sites\/32\/2014\/04\/Com-Alckmin-Bigardi-fala-sobre-os-acessos-da-Anhanguera.jpg\"><img loading=\"lazy\" decoding=\"async\" aria-describedby=\"caption-attachment-121531\" class=\"wp-image-121531\" src=\"https:\/\/jundiai.sp.gov.br\/noticias\/wp-content\/uploads\/sites\/32\/2014\/04\/Com-Alckmin-Bigardi-fala-sobre-os-acessos-da-Anhanguera-720x438.jpg\" alt=\"Prefeito ter\u00e1 um novo encontro com o governador\" width=\"610\" height=\"372\" srcset=\"https:\/\/jundiai.sp.gov.br\/noticias\/wp-content\/uploads\/sites\/32\/2014\/04\/Com-Alckmin-Bigardi-fala-sobre-os-acessos-da-Anhanguera-720x438.jpg 720w, https:\/\/jundiai.sp.gov.br\/noticias\/wp-content\/uploads\/sites\/32\/2014\/04\/Com-Alckmin-Bigardi-fala-sobre-os-acessos-da-Anhanguera-300x182.jpg 300w, https:\/\/jundiai.sp.gov.br\/noticias\/wp-content\/uploads\/sites\/32\/2014\/04\/Com-Alckmin-Bigardi-fala-sobre-os-acessos-da-Anhanguera.jpg 1240w\" sizes=\"auto, (max-width: 610px) 100vw, 610px\" \/><\/a><p id=\"caption-attachment-121531\" class=\"wp-caption-text\">Prefeito ter\u00e1 um novo encontro com o governador<\/p><\/div>\n<p>De acordo com a conversa que o prefeito teve com o governador, est\u00e1 definido que a prioridade ser\u00e1 para as al\u00e7as da avenida 9 de Julho, inclusive para melhorar a log\u00edstica do terminal rodovi\u00e1rio. O pr\u00f3prio governador informou que esses acessos representam o in\u00edcio do conjunto de obras vi\u00e1rias que devem ser realizadas naquela regi\u00e3o da cidade. \u201c\u00c9 uma obra grande e que deve ser feita por etapas, de forma que a rodovia n\u00e3o precise deixar de operar\u201d, disse.<\/p>\n<p>Sobre a constru\u00e7\u00e3o do viaduto no final da avenida Jundia\u00ed, o prefeito Pedro Bigardi comentou que esse ser\u00e1 o principal assunto do encontro que ter\u00e1 com o governador. \u201cEle me adiantou que o projeto j\u00e1 est\u00e1 sendo acompanhado na Artesp (Ag\u00eancia de Transportes do Estado de S\u00e3o Paulo (Artesp) pelo secret\u00e1rio de Transportes do Estado, Saulo de Castro\u201d, contou.<\/p>\n<p>O prefeito disse tamb\u00e9m que saiu muito feliz do encontro, pois o governador utilizou por diversas vezes o termo \u201cbater o martelo\u201d. \u201cSignifica que estamos muito pr\u00f3ximos de ver sair do papel essa obra, que n\u00e3o ser\u00e1 a \u00fanica no conjunto, que engloba ainda as al\u00e7as da 9 de Julho e a transposi\u00e7\u00e3o da Anhanguera a partir da marginal do C\u00f3rrego da Walqu\u00edria\u201d, comentou o prefeito.<\/p>\n<p><em><strong>Assessoria de Imprensa<br \/>\nFoto: Alessandro Rosman <\/strong><\/em><\/p>\n","protected":false},"excerpt":{"rendered":"<p>Em reuni\u00e3o que deve ocorrer nos pr\u00f3ximos dias, pauta ser\u00e1 o avan\u00e7o das al\u00e7as da avenida 9 de Julho<\/p>\n","protected":false},"author":10,"featured_media":85952,"comment_status":"closed","ping_status":"closed","sticky":false,"template":"","format":"standard","meta":{"footnotes":""},"categories":[2],"tags":[876,27],"ods":[],"class_list":["post-85950","post","type-post","status-publish","format-standard","has-post-thumbnail","hentry","category-noticias","tag-complexo-jundiai","tag-transito"],"_links":{"self":[{"href":"https:\/\/jundiai.sp.gov.br\/noticias\/wp-json\/wp\/v2\/posts\/85950","targetHints":{"allow":["GET"]}}],"collection":[{"href":"https:\/\/jundiai.sp.gov.br\/noticias\/wp-json\/wp\/v2\/posts"}],"about":[{"href":"https:\/\/jundiai.sp.gov.br\/noticias\/wp-json\/wp\/v2\/types\/post"}],"author":[{"embeddable":true,"href":"https:\/\/jundiai.sp.gov.br\/noticias\/wp-json\/wp\/v2\/users\/10"}],"replies":[{"embeddable":true,"href":"https:\/\/jundiai.sp.gov.br\/noticias\/wp-json\/wp\/v2\/comments?post=85950"}],"version-history":[{"count":1,"href":"https:\/\/jundiai.sp.gov.br\/noticias\/wp-json\/wp\/v2\/posts\/85950\/revisions"}],"predecessor-version":[{"id":121532,"href":"https:\/\/jundiai.sp.gov.br\/noticias\/wp-json\/wp\/v2\/posts\/85950\/revisions\/121532"}],"wp:featuredmedia":[{"embeddable":true,"href":"https:\/\/jundiai.sp.gov.br\/noticias\/wp-json\/"}],"wp:attachment":[{"href":"https:\/\/jundiai.sp.gov.br\/noticias\/wp-json\/wp\/v2\/media?parent=85950"}],"wp:term":[{"taxonomy":"category","embeddable":true,"href":"https:\/\/jundiai.sp.gov.br\/noticias\/wp-json\/wp\/v2\/categories?post=85950"},{"taxonomy":"post_tag","embeddable":true,"href":"https:\/\/jundiai.sp.gov.br\/noticias\/wp-json\/wp\/v2\/tags?post=85950"},{"taxonomy":"ods","embeddable":true,"href":"https:\/\/jundiai.sp.gov.br\/noticias\/wp-json\/wp\/v2\/ods?post=85950"}],"curies":[{"name":"wp","href":"https:\/\/api.w.org\/{rel}","templated":true}]}}