{"id":86080,"date":"2014-05-06T15:10:03","date_gmt":"2014-05-06T18:10:03","guid":{"rendered":"https:\/\/jundiai.sp.gov.br\/noticias\/?p=86080"},"modified":"2016-11-04T11:10:21","modified_gmt":"2016-11-04T13:10:21","slug":"3a-feira-de-offertas-sera-em-agosto","status":"publish","type":"post","link":"https:\/\/jundiai.sp.gov.br\/noticias\/2014\/05\/06\/3a-feira-de-offertas-sera-em-agosto\/","title":{"rendered":"3\u00aa Feira de Offertas ser\u00e1 em agosto no Parque da Uva"},"content":{"rendered":"<p><strong>A Prefeitura de Jundia\u00ed, por meio da Secretaria de Desenvolvimento Econ\u00f4mico, Ci\u00eancia e Tecnologia, promove a 3\u00aa Feira de Offertas nos dias 21, 22, 23 e 24 de agosto, no Parque Comendador Ant\u00f4nio Carbonari, o Parque da Uva.<\/strong><\/p>\n<p><strong>MAIS<\/strong><br \/>\n<a href=\"https:\/\/jundiai.sp.gov.br\/noticias\/2014\/04\/emprego-confira-as-vagas-do-pat-8\/\" target=\"_blank\"><strong> Emprego: Confira as vagas do PAT Jundia\u00ed<\/strong><\/a><\/p>\n<div id=\"attachment_121487\" style=\"width: 420px\" class=\"wp-caption alignleft\"><a href=\"https:\/\/jundiai.sp.gov.br\/noticias\/wp-content\/uploads\/sites\/32\/2014\/05\/3\u00aa-Feira-de-Offertas-ser\u00e1-em-agosto-no-Parque-da-Uva-1.jpg\"><img loading=\"lazy\" decoding=\"async\" aria-describedby=\"caption-attachment-121487\" class=\"wp-image-121487\" src=\"https:\/\/jundiai.sp.gov.br\/noticias\/wp-content\/uploads\/sites\/32\/2014\/05\/3\u00aa-Feira-de-Offertas-ser\u00e1-em-agosto-no-Parque-da-Uva-1-720x474.jpg\" alt=\"Expectativa \u00e9 superar os 20 mil visitantes do ano passado\" width=\"410\" height=\"270\" srcset=\"https:\/\/jundiai.sp.gov.br\/noticias\/wp-content\/uploads\/sites\/32\/2014\/05\/3\u00aa-Feira-de-Offertas-ser\u00e1-em-agosto-no-Parque-da-Uva-1-720x474.jpg 720w, https:\/\/jundiai.sp.gov.br\/noticias\/wp-content\/uploads\/sites\/32\/2014\/05\/3\u00aa-Feira-de-Offertas-ser\u00e1-em-agosto-no-Parque-da-Uva-1-300x197.jpg 300w, https:\/\/jundiai.sp.gov.br\/noticias\/wp-content\/uploads\/sites\/32\/2014\/05\/3\u00aa-Feira-de-Offertas-ser\u00e1-em-agosto-no-Parque-da-Uva-1.jpg 1240w\" sizes=\"auto, (max-width: 410px) 100vw, 410px\" \/><\/a><p id=\"caption-attachment-121487\" class=\"wp-caption-text\">Expectativa \u00e9 superar os 20 mil visitantes do ano passado<\/p><\/div>\n<p>Com apoio da CDL (C\u00e2mara de Dirigentes Lojistas de Jundia\u00ed) e do Sindicato do Com\u00e9rcio Varejista de Jundia\u00ed e Regi\u00e3o, o objetivo do evento \u00e9 incentivar a economia, al\u00e9m de capacitar os comerciantes da cidade.<\/p>\n<p>\u201cDois ou tr\u00eas dias antes da feira, os comerciantes s\u00e3o convidados a participar de um curso realizado pelo Sebrae. O curso explica como trabalhar na feira, ofertar, abordar o cliente, preparar os produtos aliment\u00edcios, entre outras atividades\u201d, explica o diretor de Desenvolvimento Econ\u00f4mico, Edison Maltoni.<\/p>\n<p>A segunda edi\u00e7\u00e3o da feira, em 2013, contou com 100 estandes, ocupando os 1,2 mil m\u00b2 destinados aos expositores, e atraiu cerca de 20 mil consumidores. At\u00e9 agora, 70% do espa\u00e7o j\u00e1 est\u00e1 preenchido por comerciantes. \u201cOs lojistas interessados em participar devem se apressar, procurar a CDL e analisar no mapa as vagas restantes\u201d, aconselha Maltoni.<\/p>\n<div id=\"attachment_121488\" style=\"width: 420px\" class=\"wp-caption alignright\"><a href=\"https:\/\/jundiai.sp.gov.br\/noticias\/wp-content\/uploads\/sites\/32\/2014\/05\/3\u00aa-Feira-de-Offertas-ser\u00e1-em-agosto-no-Parque-da-Uva-2.jpg\"><img loading=\"lazy\" decoding=\"async\" aria-describedby=\"caption-attachment-121488\" class=\"wp-image-121488\" src=\"https:\/\/jundiai.sp.gov.br\/noticias\/wp-content\/uploads\/sites\/32\/2014\/05\/3\u00aa-Feira-de-Offertas-ser\u00e1-em-agosto-no-Parque-da-Uva-2-720x609.jpg\" alt=\"Edison Maltoni: &quot;Evento promove fomento \u00e0 economia de Jundia\u00ed&quot;\" width=\"410\" height=\"347\" srcset=\"https:\/\/jundiai.sp.gov.br\/noticias\/wp-content\/uploads\/sites\/32\/2014\/05\/3\u00aa-Feira-de-Offertas-ser\u00e1-em-agosto-no-Parque-da-Uva-2-720x609.jpg 720w, https:\/\/jundiai.sp.gov.br\/noticias\/wp-content\/uploads\/sites\/32\/2014\/05\/3\u00aa-Feira-de-Offertas-ser\u00e1-em-agosto-no-Parque-da-Uva-2-300x253.jpg 300w, https:\/\/jundiai.sp.gov.br\/noticias\/wp-content\/uploads\/sites\/32\/2014\/05\/3\u00aa-Feira-de-Offertas-ser\u00e1-em-agosto-no-Parque-da-Uva-2.jpg 1240w\" sizes=\"auto, (max-width: 410px) 100vw, 410px\" \/><\/a><p id=\"caption-attachment-121488\" class=\"wp-caption-text\">Edison Maltoni: &#8220;Evento promove fomento \u00e0 economia de Jundia\u00ed&#8221;<\/p><\/div>\n<p><strong>Novo formato<\/strong><br \/>\nDe acordo com Edison Maltoni, o evento contar\u00e1 com uma novidade na pra\u00e7a de alimenta\u00e7\u00e3o. O espa\u00e7o ser\u00e1 destinado \u00e0s entidades assistenciais de Jundia\u00ed. \u201cA ideia \u00e9 fazer como na Festa Italiana, por exemplo. A pra\u00e7a ter\u00e1 um \u00fanico caixa e cada entidade vender\u00e1 um produto espec\u00edfico. No final da feira, cada entidade retira o seu lucro neste caixa. Assim, contribu\u00edmos tamb\u00e9m com as institui\u00e7\u00f5es da cidade.\u201d<\/p>\n<p>A 3\u00aa Feira de Offertas ser\u00e1 realizada nos dias 21, 22, 23 e 24 de agosto, das 11 \u00e0s 21 horas, no Parque da Uva.<br \/>\n<strong><br \/>\nLuiza Ronchi<br \/>\nFotos: Paulo Gr\u00e9gio<\/strong><\/p>\n","protected":false},"excerpt":{"rendered":"<p>Iniciativa quer incentivar o com\u00e9rcio local e ainda capacitar profissionais da \u00e1rea. Evento ainda ter\u00e1 novidade, confira<\/p>\n","protected":false},"author":11,"featured_media":86104,"comment_status":"closed","ping_status":"closed","sticky":false,"template":"","format":"standard","meta":{"footnotes":""},"categories":[2],"tags":[216,365],"ods":[],"class_list":["post-86080","post","type-post","status-publish","format-standard","has-post-thumbnail","hentry","category-noticias","tag-cdl","tag-desenvolvimento-economico-ciencia-e-tecnologia"],"_links":{"self":[{"href":"https:\/\/jundiai.sp.gov.br\/noticias\/wp-json\/wp\/v2\/posts\/86080","targetHints":{"allow":["GET"]}}],"collection":[{"href":"https:\/\/jundiai.sp.gov.br\/noticias\/wp-json\/wp\/v2\/posts"}],"about":[{"href":"https:\/\/jundiai.sp.gov.br\/noticias\/wp-json\/wp\/v2\/types\/post"}],"author":[{"embeddable":true,"href":"https:\/\/jundiai.sp.gov.br\/noticias\/wp-json\/wp\/v2\/users\/11"}],"replies":[{"embeddable":true,"href":"https:\/\/jundiai.sp.gov.br\/noticias\/wp-json\/wp\/v2\/comments?post=86080"}],"version-history":[{"count":2,"href":"https:\/\/jundiai.sp.gov.br\/noticias\/wp-json\/wp\/v2\/posts\/86080\/revisions"}],"predecessor-version":[{"id":121489,"href":"https:\/\/jundiai.sp.gov.br\/noticias\/wp-json\/wp\/v2\/posts\/86080\/revisions\/121489"}],"wp:featuredmedia":[{"embeddable":true,"href":"https:\/\/jundiai.sp.gov.br\/noticias\/wp-json\/"}],"wp:attachment":[{"href":"https:\/\/jundiai.sp.gov.br\/noticias\/wp-json\/wp\/v2\/media?parent=86080"}],"wp:term":[{"taxonomy":"category","embeddable":true,"href":"https:\/\/jundiai.sp.gov.br\/noticias\/wp-json\/wp\/v2\/categories?post=86080"},{"taxonomy":"post_tag","embeddable":true,"href":"https:\/\/jundiai.sp.gov.br\/noticias\/wp-json\/wp\/v2\/tags?post=86080"},{"taxonomy":"ods","embeddable":true,"href":"https:\/\/jundiai.sp.gov.br\/noticias\/wp-json\/wp\/v2\/ods?post=86080"}],"curies":[{"name":"wp","href":"https:\/\/api.w.org\/{rel}","templated":true}]}}