{"id":86264,"date":"2014-05-07T15:58:41","date_gmt":"2014-05-07T18:58:41","guid":{"rendered":"https:\/\/jundiai.sp.gov.br\/noticias\/?p=86264"},"modified":"2016-11-04T11:10:23","modified_gmt":"2016-11-04T13:10:23","slug":"saude-atualiza-equipe-sobre-periodontite-bucal","status":"publish","type":"post","link":"https:\/\/jundiai.sp.gov.br\/noticias\/2014\/05\/07\/saude-atualiza-equipe-sobre-periodontite-bucal\/","title":{"rendered":"Sa\u00fade atualiza equipe sobre periodontite bucal"},"content":{"rendered":"<p><strong>Os cirurgi\u00f5es dentistas da Secretaria de Sa\u00fade participaram nesta quarta-feira (7) de uma aula sobre os novos avan\u00e7os no combate \u00e0s periodontias agressivas. A aula foi ministrada pela especialista Karina Gonzales Silv\u00e9rio Ruiz, da Faculdade de Odontologia da Unicamp. Esses problemas de sa\u00fade bucal, muitas vezes detectados ainda na adolesc\u00eancia, oferecem grandes riscos para o bem-estar das pessoas.<\/strong><\/p>\n<div id=\"attachment_121410\" style=\"width: 420px\" class=\"wp-caption alignleft\"><a href=\"https:\/\/jundiai.sp.gov.br\/noticias\/wp-content\/uploads\/sites\/32\/2014\/05\/Sa\u00fade-atualiza-equipe-sobre-periodontite-bucal.jpg\"><img loading=\"lazy\" decoding=\"async\" aria-describedby=\"caption-attachment-121410\" class=\"wp-image-121410\" src=\"https:\/\/jundiai.sp.gov.br\/noticias\/wp-content\/uploads\/sites\/32\/2014\/05\/Sa\u00fade-atualiza-equipe-sobre-periodontite-bucal-720x459.jpg\" alt=\"Cirurgi\u00f5es dentistas da Sa\u00fade participaram da aula com especialista da Unicamp\" width=\"410\" height=\"262\" srcset=\"https:\/\/jundiai.sp.gov.br\/noticias\/wp-content\/uploads\/sites\/32\/2014\/05\/Sa\u00fade-atualiza-equipe-sobre-periodontite-bucal-720x459.jpg 720w, https:\/\/jundiai.sp.gov.br\/noticias\/wp-content\/uploads\/sites\/32\/2014\/05\/Sa\u00fade-atualiza-equipe-sobre-periodontite-bucal-300x191.jpg 300w, https:\/\/jundiai.sp.gov.br\/noticias\/wp-content\/uploads\/sites\/32\/2014\/05\/Sa\u00fade-atualiza-equipe-sobre-periodontite-bucal.jpg 1240w\" sizes=\"auto, (max-width: 410px) 100vw, 410px\" \/><\/a><p id=\"caption-attachment-121410\" class=\"wp-caption-text\">Cirurgi\u00f5es dentistas da Sa\u00fade participaram da aula com especialista da Unicamp<\/p><\/div>\n<p>Os principais avan\u00e7os est\u00e3o ocorrendo no tratamento subgengival de remo\u00e7\u00e3o de c\u00e1lculos e do biofilme bacteriano, chamado antigamente de placa, que no formato convencional era feito por quadrantes e demorava semanas ou meses.<\/p>\n<p>\u201cAgora uma desinfec\u00e7\u00e3o da boca inteira pode ser feito em 24 horas, com duas sess\u00f5es, ou em uma hora com o debridamento com ultrassom\u201d, explicou Karina, que \u00e9 professora da Faculdade de Odontologia da Unicamp em Piracicaba (SP) e integrante da Sociedade Brasileira de Periodontia.<\/p>\n<p>Antes do tratamento, entretanto, \u00e9 fundamental que seja feito um diagn\u00f3stico adequado, que no caso de periodontias agressivas exige uma alta profundidade da pequena sonda. De acordo com Evely Sartoti, da equipe de Coordena\u00e7\u00e3o de Sa\u00fade Bucal da Secretaria, a avalia\u00e7\u00e3o da presen\u00e7a desse tipo de doen\u00e7a na popula\u00e7\u00e3o de Jundia\u00ed est\u00e1 entre os alvos do levantamento epidemiol\u00f3gico que j\u00e1 foi iniciado com visitas domiciliares por amostragem nos bairros e ainda em maio tamb\u00e9m em escolas.<\/p>\n<p>A Secretaria de Sa\u00fade pretende aproveitar o ciclo de cursos na \u00e1rea de sa\u00fade bucal em parceria com a Unicamp, al\u00e9m de atualiza\u00e7\u00e3o profissional da equipe, para alinhar ao lado dos resultados do levantamento epidemiol\u00f3gico deste ano a estrat\u00e9gia do setor, incluindo o aprimoramento do Centro de Especialidades Odontol\u00f3gicas (CEO) e das atuais 28 unidades da rede nos bairros com atendimento cl\u00ednico.<\/p>\n<p><em><strong>Jos\u00e9 Arnaldo de Oliveira<br \/>\nFoto: Paulo Gr\u00e9gio <\/strong><\/em><\/p>\n","protected":false},"excerpt":{"rendered":"<p>Cirurgi\u00f5es dentistas da Secretaria de Sa\u00fade participam de capacita\u00e7\u00e3o com especialista da Unicamp <\/p>\n","protected":false},"author":10,"featured_media":60351,"comment_status":"closed","ping_status":"closed","sticky":false,"template":"","format":"standard","meta":{"footnotes":""},"categories":[2],"tags":[3],"ods":[],"class_list":["post-86264","post","type-post","status-publish","format-standard","has-post-thumbnail","hentry","category-noticias","tag-saude"],"_links":{"self":[{"href":"https:\/\/jundiai.sp.gov.br\/noticias\/wp-json\/wp\/v2\/posts\/86264","targetHints":{"allow":["GET"]}}],"collection":[{"href":"https:\/\/jundiai.sp.gov.br\/noticias\/wp-json\/wp\/v2\/posts"}],"about":[{"href":"https:\/\/jundiai.sp.gov.br\/noticias\/wp-json\/wp\/v2\/types\/post"}],"author":[{"embeddable":true,"href":"https:\/\/jundiai.sp.gov.br\/noticias\/wp-json\/wp\/v2\/users\/10"}],"replies":[{"embeddable":true,"href":"https:\/\/jundiai.sp.gov.br\/noticias\/wp-json\/wp\/v2\/comments?post=86264"}],"version-history":[{"count":1,"href":"https:\/\/jundiai.sp.gov.br\/noticias\/wp-json\/wp\/v2\/posts\/86264\/revisions"}],"predecessor-version":[{"id":121411,"href":"https:\/\/jundiai.sp.gov.br\/noticias\/wp-json\/wp\/v2\/posts\/86264\/revisions\/121411"}],"wp:featuredmedia":[{"embeddable":true,"href":"https:\/\/jundiai.sp.gov.br\/noticias\/wp-json\/"}],"wp:attachment":[{"href":"https:\/\/jundiai.sp.gov.br\/noticias\/wp-json\/wp\/v2\/media?parent=86264"}],"wp:term":[{"taxonomy":"category","embeddable":true,"href":"https:\/\/jundiai.sp.gov.br\/noticias\/wp-json\/wp\/v2\/categories?post=86264"},{"taxonomy":"post_tag","embeddable":true,"href":"https:\/\/jundiai.sp.gov.br\/noticias\/wp-json\/wp\/v2\/tags?post=86264"},{"taxonomy":"ods","embeddable":true,"href":"https:\/\/jundiai.sp.gov.br\/noticias\/wp-json\/wp\/v2\/ods?post=86264"}],"curies":[{"name":"wp","href":"https:\/\/api.w.org\/{rel}","templated":true}]}}