{"id":86310,"date":"2014-05-07T19:09:20","date_gmt":"2014-05-07T22:09:20","guid":{"rendered":"https:\/\/jundiai.sp.gov.br\/noticias\/?p=86310"},"modified":"2016-11-04T11:10:24","modified_gmt":"2016-11-04T13:10:24","slug":"semana-de-museus-traz-viver-dialogo-grafico","status":"publish","type":"post","link":"https:\/\/jundiai.sp.gov.br\/noticias\/2014\/05\/07\/semana-de-museus-traz-viver-dialogo-grafico\/","title":{"rendered":"Semana de Museus traz \u2018VI(VER) di\u00e1logo gr\u00e1fico\u2019"},"content":{"rendered":"<p><strong>O Museu Hist\u00f3rico e Cultural de Jundia\u00ed &#8216;Solar do Bar\u00e3o&#8217; recebe a exposi\u00e7\u00e3o VI(VER) di\u00e1logo gr\u00e1fico, que ser\u00e1 aberta neste s\u00e1bado (10), \u00e0s 10h, e prossegue at\u00e9 o dia 14 de junho. A mostra faz parte da programa\u00e7\u00e3o gratuita da 12\u00ba Semana Nacional de Museus e traz obras que representam a produ\u00e7\u00e3o paulista contempor\u00e2nea em desenho, gravura e linguagens afins.<\/strong><\/p>\n<p><a href=\"https:\/\/jundiai.sp.gov.br\/noticias\/2014\/05\/programacao-completa-da-semana-de-museus\/\" target=\"_blank\"><strong>Programa\u00e7\u00e3o completa da exposi\u00e7\u00e3o VI(VER)<\/strong><\/a><\/p>\n<p>A exposi\u00e7\u00e3o re\u00fane trabalhos de 41 artistas de Guarulhos, Campinas, Jundia\u00ed, Atibaia, S\u00e3o Caetano do Sul, Santos, S\u00e3o Jos\u00e9 dos Campos, capital e litoral norte do Estado.<\/p>\n<div id=\"attachment_121381\" style=\"width: 620px\" class=\"wp-caption aligncenter\"><a href=\"https:\/\/jundiai.sp.gov.br\/noticias\/wp-content\/uploads\/sites\/32\/2014\/05\/Semana-de-Museus-traz-VIVER-di\u00e1logo-gr\u00e1fico.jpg\"><img loading=\"lazy\" decoding=\"async\" aria-describedby=\"caption-attachment-121381\" class=\"wp-image-121381\" src=\"https:\/\/jundiai.sp.gov.br\/noticias\/wp-content\/uploads\/sites\/32\/2014\/05\/Semana-de-Museus-traz-VIVER-di\u00e1logo-gr\u00e1fico-720x484.jpg\" alt=\"Obras representam produ\u00e7\u00e3o paulista contempor\u00e2nea\" width=\"610\" height=\"410\" srcset=\"https:\/\/jundiai.sp.gov.br\/noticias\/wp-content\/uploads\/sites\/32\/2014\/05\/Semana-de-Museus-traz-VIVER-di\u00e1logo-gr\u00e1fico-720x484.jpg 720w, https:\/\/jundiai.sp.gov.br\/noticias\/wp-content\/uploads\/sites\/32\/2014\/05\/Semana-de-Museus-traz-VIVER-di\u00e1logo-gr\u00e1fico-300x201.jpg 300w, https:\/\/jundiai.sp.gov.br\/noticias\/wp-content\/uploads\/sites\/32\/2014\/05\/Semana-de-Museus-traz-VIVER-di\u00e1logo-gr\u00e1fico.jpg 1280w\" sizes=\"auto, (max-width: 610px) 100vw, 610px\" \/><\/a><p id=\"caption-attachment-121381\" class=\"wp-caption-text\">Obras representam produ\u00e7\u00e3o paulista contempor\u00e2nea<\/p><\/div>\n<p>Nesta mostra, o visitante ter\u00e1 contato com as mais diferentes t\u00e9cnicas de gravura em metal, gravura em relevo, monotipia e desenho, al\u00e9m de trabalhos gr\u00e1ficos realizados a partir de modernas ferramentas digitais. Um diferencial s\u00e3o as visitas mediadas com pain\u00e9is t\u00e1teis para os deficientes visuais e para todas as pessoas que buscam novas sensa\u00e7\u00f5es e formas de compreender a arte.<\/p>\n<p>Paralelamente \u00e0 exposi\u00e7\u00e3o, ser\u00e1 realizado o Ciclo de Oficinas e Debates: Acessibilidade e Cultura, com oficinas gratuitas ministradas por L\u00facia Neto (artista visual e coordenadora do projeto) para pessoas com necessidades especiais, incluindo defici\u00eancia visual.<\/p>\n<p>O evento \u00e9 parte do ciclo de exposi\u00e7\u00f5es VI(VER) di\u00e1logo gr\u00e1fico, que percorre ao longo deste ano sete munic\u00edpios paulistas. \u00c9 uma realiza\u00e7\u00e3o do Governo do Estado de S\u00e3o Paulo, por meio do Programa de A\u00e7\u00e3o Cultural \u2013 ProAC. <strong>O Museu Hist\u00f3rico e Cultural de Jundia\u00ed \u2013 Solar do Bar\u00e3o fica na rua Bar\u00e3o de Jundia\u00ed, 762, Centro. Mais informa\u00e7\u00f5es pelo telefone (11) 4521-6259.<\/strong><\/p>\n<p><em><strong>Assessoria de Imprensa<br \/>\nFoto: Divulga\u00e7\u00e3o <\/strong><\/em><\/p>\n","protected":false},"excerpt":{"rendered":"<p>Exposi\u00e7\u00e3o re\u00fane trabalhos de 41 artistas com extenso leque de t\u00e9cnicas, texturas e ferramentas   <\/p>\n","protected":false},"author":10,"featured_media":86312,"comment_status":"closed","ping_status":"closed","sticky":false,"template":"","format":"standard","meta":{"footnotes":""},"categories":[2],"tags":[29],"ods":[],"class_list":["post-86310","post","type-post","status-publish","format-standard","has-post-thumbnail","hentry","category-noticias","tag-cultura"],"_links":{"self":[{"href":"https:\/\/jundiai.sp.gov.br\/noticias\/wp-json\/wp\/v2\/posts\/86310","targetHints":{"allow":["GET"]}}],"collection":[{"href":"https:\/\/jundiai.sp.gov.br\/noticias\/wp-json\/wp\/v2\/posts"}],"about":[{"href":"https:\/\/jundiai.sp.gov.br\/noticias\/wp-json\/wp\/v2\/types\/post"}],"author":[{"embeddable":true,"href":"https:\/\/jundiai.sp.gov.br\/noticias\/wp-json\/wp\/v2\/users\/10"}],"replies":[{"embeddable":true,"href":"https:\/\/jundiai.sp.gov.br\/noticias\/wp-json\/wp\/v2\/comments?post=86310"}],"version-history":[{"count":1,"href":"https:\/\/jundiai.sp.gov.br\/noticias\/wp-json\/wp\/v2\/posts\/86310\/revisions"}],"predecessor-version":[{"id":121382,"href":"https:\/\/jundiai.sp.gov.br\/noticias\/wp-json\/wp\/v2\/posts\/86310\/revisions\/121382"}],"wp:featuredmedia":[{"embeddable":true,"href":"https:\/\/jundiai.sp.gov.br\/noticias\/wp-json\/"}],"wp:attachment":[{"href":"https:\/\/jundiai.sp.gov.br\/noticias\/wp-json\/wp\/v2\/media?parent=86310"}],"wp:term":[{"taxonomy":"category","embeddable":true,"href":"https:\/\/jundiai.sp.gov.br\/noticias\/wp-json\/wp\/v2\/categories?post=86310"},{"taxonomy":"post_tag","embeddable":true,"href":"https:\/\/jundiai.sp.gov.br\/noticias\/wp-json\/wp\/v2\/tags?post=86310"},{"taxonomy":"ods","embeddable":true,"href":"https:\/\/jundiai.sp.gov.br\/noticias\/wp-json\/wp\/v2\/ods?post=86310"}],"curies":[{"name":"wp","href":"https:\/\/api.w.org\/{rel}","templated":true}]}}