{"id":86568,"date":"2014-05-09T19:20:48","date_gmt":"2014-05-09T22:20:48","guid":{"rendered":"https:\/\/jundiai.sp.gov.br\/noticias\/?p=86568"},"modified":"2016-11-04T11:09:03","modified_gmt":"2016-11-04T13:09:03","slug":"jornalistas-debatem-lista-de-convocados-de-felipao-na-tve","status":"publish","type":"post","link":"https:\/\/jundiai.sp.gov.br\/noticias\/2014\/05\/09\/jornalistas-debatem-lista-de-convocados-de-felipao-na-tve\/","title":{"rendered":"Jornalistas debatem lista de convocados de Felip\u00e3o na TVE"},"content":{"rendered":"<p>O programa Camisa 10 desta segunda-feira (12) abordar\u00e1 o tema da semana: a convoca\u00e7\u00e3o da sele\u00e7\u00e3o brasileira. Um time de jornalistas estar\u00e1 com Caio Mass, para abordar o que gostaram e o que reprovaram na lista do t\u00e9cnico Luiz Felipe Scolari, sobre a convoca\u00e7\u00e3o de Victor, ex-goleiro do Paulista, e o que esperam do Brasil e das outras sele\u00e7\u00f5es no Mundial.<\/p>\n<p>Estar\u00e3o presentes Adilson Freddo, radialista da R\u00e1dio Difusora; Paulo Behr Ferro, jornalista do Jornal de Jundia\u00ed; F\u00e1bio Manzini, jornalista da Secretaria de Comunica\u00e7\u00e3o Social; e Jo\u00e3o Carlos Coutinho, do Jornal da Cidade.<\/p>\n<p><strong>Interatividade<\/strong><br \/>\nQuem participa do Camisa 10 concorre a pr\u00eamios. Basta ligar para o telefone (11) 4587-5151 ou registrar a participa\u00e7\u00e3o pela internet, no facebook.com\/tvejundiai. O programa come\u00e7a \u00e0s 20h30 e voc\u00ea pode assistir sintonizando o canal 24 da NET\/Jundia\u00ed ou em tempo real pela web, no site tvejundiai.com.br.<\/p>\n","protected":false},"excerpt":{"rendered":"<p>O programa Camisa 10 desta segunda-feira (12) abordar\u00e1 o tema da semana: a convoca\u00e7\u00e3o da sele\u00e7\u00e3o brasileira. Um time de jornalistas estar\u00e1 com Caio Mass, para abordar o que gostaram e o que reprovaram na lista do t\u00e9cnico Luiz Felipe Scolari, sobre a convoca\u00e7\u00e3o de Victor, ex-goleiro do Paulista, e o que esperam do Brasil [&hellip;]<\/p>\n","protected":false},"author":10,"featured_media":0,"comment_status":"closed","ping_status":"closed","sticky":false,"template":"","format":"standard","meta":{"footnotes":""},"categories":[2],"tags":[72],"ods":[],"class_list":["post-86568","post","type-post","status-publish","format-standard","hentry","category-noticias","tag-tve-jundiai"],"_links":{"self":[{"href":"https:\/\/jundiai.sp.gov.br\/noticias\/wp-json\/wp\/v2\/posts\/86568","targetHints":{"allow":["GET"]}}],"collection":[{"href":"https:\/\/jundiai.sp.gov.br\/noticias\/wp-json\/wp\/v2\/posts"}],"about":[{"href":"https:\/\/jundiai.sp.gov.br\/noticias\/wp-json\/wp\/v2\/types\/post"}],"author":[{"embeddable":true,"href":"https:\/\/jundiai.sp.gov.br\/noticias\/wp-json\/wp\/v2\/users\/10"}],"replies":[{"embeddable":true,"href":"https:\/\/jundiai.sp.gov.br\/noticias\/wp-json\/wp\/v2\/comments?post=86568"}],"version-history":[{"count":1,"href":"https:\/\/jundiai.sp.gov.br\/noticias\/wp-json\/wp\/v2\/posts\/86568\/revisions"}],"predecessor-version":[{"id":182509,"href":"https:\/\/jundiai.sp.gov.br\/noticias\/wp-json\/wp\/v2\/posts\/86568\/revisions\/182509"}],"wp:attachment":[{"href":"https:\/\/jundiai.sp.gov.br\/noticias\/wp-json\/wp\/v2\/media?parent=86568"}],"wp:term":[{"taxonomy":"category","embeddable":true,"href":"https:\/\/jundiai.sp.gov.br\/noticias\/wp-json\/wp\/v2\/categories?post=86568"},{"taxonomy":"post_tag","embeddable":true,"href":"https:\/\/jundiai.sp.gov.br\/noticias\/wp-json\/wp\/v2\/tags?post=86568"},{"taxonomy":"ods","embeddable":true,"href":"https:\/\/jundiai.sp.gov.br\/noticias\/wp-json\/wp\/v2\/ods?post=86568"}],"curies":[{"name":"wp","href":"https:\/\/api.w.org\/{rel}","templated":true}]}}