{"id":86709,"date":"2014-05-13T14:35:36","date_gmt":"2014-05-13T17:35:36","guid":{"rendered":"https:\/\/jundiai.sp.gov.br\/noticias\/?p=86709"},"modified":"2016-11-04T11:09:27","modified_gmt":"2016-11-04T13:09:27","slug":"stand-up-paddle-alex-araujo-fatura-dois-titulos-em-pernambuco","status":"publish","type":"post","link":"https:\/\/jundiai.sp.gov.br\/noticias\/2014\/05\/13\/stand-up-paddle-alex-araujo-fatura-dois-titulos-em-pernambuco\/","title":{"rendered":"Stand Up Paddle: Alex Ara\u00fajo leva 2 t\u00edtulos em Pernambuco"},"content":{"rendered":"<p><strong>Atual recordista brasileiro e sul-americano de remada em dist\u00e2ncia em alto-mar, Alex Ara\u00fajo faturou dois t\u00edtulos no Pernambuco Summer Festival, evento v\u00e1lido pela primeira etapa do circuito nordestino, no fim de semana. O atleta tamb\u00e9m \u00e9 t\u00e9cnico da sele\u00e7\u00e3o brasileira do esporte e diretor da Confedera\u00e7\u00e3o Brasileira.<\/strong><\/p>\n<div id=\"attachment_121221\" style=\"width: 620px\" class=\"wp-caption aligncenter\"><a href=\"https:\/\/jundiai.sp.gov.br\/noticias\/wp-content\/uploads\/sites\/32\/2014\/05\/Stand-Up-Paddle-Alex-Ara\u00fajo-leva-2-t\u00edtulos-em-Pernambuco-1.jpg\"><img loading=\"lazy\" decoding=\"async\" aria-describedby=\"caption-attachment-121221\" class=\"wp-image-121221\" src=\"https:\/\/jundiai.sp.gov.br\/noticias\/wp-content\/uploads\/sites\/32\/2014\/05\/Stand-Up-Paddle-Alex-Ara\u00fajo-leva-2-t\u00edtulos-em-Pernambuco-1-720x474.jpg\" alt=\"Alex Ara\u00fajo disputou competi\u00e7\u00e3o em Ipojuca\" width=\"610\" height=\"402\" srcset=\"https:\/\/jundiai.sp.gov.br\/noticias\/wp-content\/uploads\/sites\/32\/2014\/05\/Stand-Up-Paddle-Alex-Ara\u00fajo-leva-2-t\u00edtulos-em-Pernambuco-1-720x474.jpg 720w, https:\/\/jundiai.sp.gov.br\/noticias\/wp-content\/uploads\/sites\/32\/2014\/05\/Stand-Up-Paddle-Alex-Ara\u00fajo-leva-2-t\u00edtulos-em-Pernambuco-1-300x197.jpg 300w, https:\/\/jundiai.sp.gov.br\/noticias\/wp-content\/uploads\/sites\/32\/2014\/05\/Stand-Up-Paddle-Alex-Ara\u00fajo-leva-2-t\u00edtulos-em-Pernambuco-1.jpg 1240w\" sizes=\"auto, (max-width: 610px) 100vw, 610px\" \/><\/a><p id=\"caption-attachment-121221\" class=\"wp-caption-text\">Alex Ara\u00fajo disputou competi\u00e7\u00e3o em Ipojuca<\/p><\/div>\n<p>Ele foi campe\u00e3o da categoria elite profissional 12.6 e da categoria master. O Pernambuco Summer Festival foi realizado nas praias do Cupe, Porto de Galinhas e Maracaipe, todas elas ficam no munic\u00edpio de Ipojuca (PE).<\/p>\n<p>\u201cForam 12 quil\u00f4metros de travessia entre Maraca\u00edpe e Cupe. O visual l\u00e1 \u00e9 muito bonito e pude fazer uma boa prova. A competi\u00e7\u00e3o foi muito organizada, o pessoal est\u00e1 de parab\u00e9ns\u201d, disse Alex, que se prepara agora para a disputa do VAA Cup, na Represa de Guarapiranga daqui a duas semanas.<\/p>\n<div id=\"attachment_121222\" style=\"width: 360px\" class=\"wp-caption alignleft\"><a href=\"https:\/\/jundiai.sp.gov.br\/noticias\/wp-content\/uploads\/sites\/32\/2014\/05\/Stand-Up-Paddle-Alex-Ara\u00fajo-leva-2-t\u00edtulos-em-Pernambuco-2.jpg\"><img loading=\"lazy\" decoding=\"async\" aria-describedby=\"caption-attachment-121222\" class=\"wp-image-121222\" src=\"https:\/\/jundiai.sp.gov.br\/noticias\/wp-content\/uploads\/sites\/32\/2014\/05\/Stand-Up-Paddle-Alex-Ara\u00fajo-leva-2-t\u00edtulos-em-Pernambuco-2-720x922.jpg\" alt=\"Atleta faturou dois t\u00edtulos no Nordeste\" width=\"350\" height=\"449\" srcset=\"https:\/\/jundiai.sp.gov.br\/noticias\/wp-content\/uploads\/sites\/32\/2014\/05\/Stand-Up-Paddle-Alex-Ara\u00fajo-leva-2-t\u00edtulos-em-Pernambuco-2-720x922.jpg 720w, https:\/\/jundiai.sp.gov.br\/noticias\/wp-content\/uploads\/sites\/32\/2014\/05\/Stand-Up-Paddle-Alex-Ara\u00fajo-leva-2-t\u00edtulos-em-Pernambuco-2-300x384.jpg 300w, https:\/\/jundiai.sp.gov.br\/noticias\/wp-content\/uploads\/sites\/32\/2014\/05\/Stand-Up-Paddle-Alex-Ara\u00fajo-leva-2-t\u00edtulos-em-Pernambuco-2.jpg 1240w\" sizes=\"auto, (max-width: 350px) 100vw, 350px\" \/><\/a><p id=\"caption-attachment-121222\" class=\"wp-caption-text\">Atleta faturou dois t\u00edtulos no Nordeste<\/p><\/div>\n<p><strong>Alex Ara\u00fajo \u00e9 parceiro da Secretaria de Esportes e Lazer de Jundia\u00ed. Em mar\u00e7o ele e a pasta realizaram a <a href=\"https:\/\/jundiai.sp.gov.br\/noticias\/2014\/03\/remada-ecologica-limpa-a-lagoa-do-vale-azul\/\" target=\"_blank\">1\u00aa Remada Ecol\u00f3gica na lagoa do Vale Azul<\/a>, no Caxambu. O evento teve o objetivo de limpar a lagoa e tamb\u00e9m de promover o Stand Up Paddle.<\/strong><\/p>\n<p>\u201cEu venho conversando sempre com o Cristiano Lopes (secret\u00e1rio de Esportes e Lazer) e estamos preparando uma novidade para junho. A cidade e o secret\u00e1rio de Esportes abriram as portas para o Stand Up Paddle, que \u00e9 a modalidade que mais cresce no mundo e vamos fazer algumas coisas em Jundia\u00ed. Logo vamos divulgar\u201d, finaliza.<\/p>\n<p><em><strong>Assessoria de Imprensa<br \/>\nFoto: Divulga\u00e7\u00e3o <\/strong><\/em><\/p>\n","protected":false},"excerpt":{"rendered":"<p>Alex \u00e9 parceiro da Secretaria de Esportes e Lazer de Jundia\u00ed na miss\u00e3o de difundir modalidade na cidade <\/p>\n","protected":false},"author":10,"featured_media":86714,"comment_status":"closed","ping_status":"closed","sticky":false,"template":"","format":"standard","meta":{"footnotes":""},"categories":[2],"tags":[35],"ods":[],"class_list":["post-86709","post","type-post","status-publish","format-standard","has-post-thumbnail","hentry","category-noticias","tag-esporte-e-lazer"],"_links":{"self":[{"href":"https:\/\/jundiai.sp.gov.br\/noticias\/wp-json\/wp\/v2\/posts\/86709","targetHints":{"allow":["GET"]}}],"collection":[{"href":"https:\/\/jundiai.sp.gov.br\/noticias\/wp-json\/wp\/v2\/posts"}],"about":[{"href":"https:\/\/jundiai.sp.gov.br\/noticias\/wp-json\/wp\/v2\/types\/post"}],"author":[{"embeddable":true,"href":"https:\/\/jundiai.sp.gov.br\/noticias\/wp-json\/wp\/v2\/users\/10"}],"replies":[{"embeddable":true,"href":"https:\/\/jundiai.sp.gov.br\/noticias\/wp-json\/wp\/v2\/comments?post=86709"}],"version-history":[{"count":3,"href":"https:\/\/jundiai.sp.gov.br\/noticias\/wp-json\/wp\/v2\/posts\/86709\/revisions"}],"predecessor-version":[{"id":121225,"href":"https:\/\/jundiai.sp.gov.br\/noticias\/wp-json\/wp\/v2\/posts\/86709\/revisions\/121225"}],"wp:featuredmedia":[{"embeddable":true,"href":"https:\/\/jundiai.sp.gov.br\/noticias\/wp-json\/"}],"wp:attachment":[{"href":"https:\/\/jundiai.sp.gov.br\/noticias\/wp-json\/wp\/v2\/media?parent=86709"}],"wp:term":[{"taxonomy":"category","embeddable":true,"href":"https:\/\/jundiai.sp.gov.br\/noticias\/wp-json\/wp\/v2\/categories?post=86709"},{"taxonomy":"post_tag","embeddable":true,"href":"https:\/\/jundiai.sp.gov.br\/noticias\/wp-json\/wp\/v2\/tags?post=86709"},{"taxonomy":"ods","embeddable":true,"href":"https:\/\/jundiai.sp.gov.br\/noticias\/wp-json\/wp\/v2\/ods?post=86709"}],"curies":[{"name":"wp","href":"https:\/\/api.w.org\/{rel}","templated":true}]}}