{"id":86726,"date":"2014-05-13T15:52:32","date_gmt":"2014-05-13T18:52:32","guid":{"rendered":"https:\/\/jundiai.sp.gov.br\/noticias\/?p=86726"},"modified":"2016-11-04T11:09:27","modified_gmt":"2016-11-04T13:09:27","slug":"prefeito-entrega-certidao-aos-moradores-do-jardim-palermo","status":"publish","type":"post","link":"https:\/\/jundiai.sp.gov.br\/noticias\/2014\/05\/13\/prefeito-entrega-certidao-aos-moradores-do-jardim-palermo\/","title":{"rendered":"Prefeito entrega certid\u00e3o aos moradores do Jardim Palermo"},"content":{"rendered":"<p><strong>Uma vit\u00f3ria em meio a uma s\u00e9rie de batalhas travadas h\u00e1 muitos anos pelos moradores do Jardim Palermo, em Jundia\u00ed. Assim foi o sentimento deles ao receber das m\u00e3os do prefeito Pedro Bigardi, nesta ter\u00e7a-feira (13), a Certid\u00e3o de Licenciamento Ambiental. Esta \u00e9 uma das etapas mais importantes no processo de regulariza\u00e7\u00e3o dos im\u00f3veis existentes neste loteamento, realizada ap\u00f3s o trabalho executado pela Prefeitura, por meio da Secretaria de Planejamento e Meio Ambiente.<\/strong><\/p>\n<p><strong>LEIA TAMB\u00c9M<br \/>\n<a href=\"https:\/\/jundiai.sp.gov.br\/noticias\/2014\/05\/servicos-publicos-mapeia-sistema-de-iluminacao\/\" target=\"_blank\">Servi\u00e7os P\u00fablicos mapeia sistema de ilumina\u00e7\u00e3o<\/a><\/strong><\/p>\n<div id=\"attachment_121215\" style=\"width: 620px\" class=\"wp-caption aligncenter\"><a href=\"https:\/\/jundiai.sp.gov.br\/noticias\/wp-content\/uploads\/sites\/32\/2014\/05\/Prefeito-entrega-certid\u00e3o-aos-moradores-do-Jardim-Palermo-1.jpg\"><img loading=\"lazy\" decoding=\"async\" aria-describedby=\"caption-attachment-121215\" class=\"wp-image-121215\" src=\"https:\/\/jundiai.sp.gov.br\/noticias\/wp-content\/uploads\/sites\/32\/2014\/05\/Prefeito-entrega-certid\u00e3o-aos-moradores-do-Jardim-Palermo-1-720x524.jpg\" alt=\"Maria Cristina recebeu o documento em nome dos moradores\" width=\"610\" height=\"444\" srcset=\"https:\/\/jundiai.sp.gov.br\/noticias\/wp-content\/uploads\/sites\/32\/2014\/05\/Prefeito-entrega-certid\u00e3o-aos-moradores-do-Jardim-Palermo-1-720x524.jpg 720w, https:\/\/jundiai.sp.gov.br\/noticias\/wp-content\/uploads\/sites\/32\/2014\/05\/Prefeito-entrega-certid\u00e3o-aos-moradores-do-Jardim-Palermo-1-300x218.jpg 300w, https:\/\/jundiai.sp.gov.br\/noticias\/wp-content\/uploads\/sites\/32\/2014\/05\/Prefeito-entrega-certid\u00e3o-aos-moradores-do-Jardim-Palermo-1.jpg 1240w\" sizes=\"auto, (max-width: 610px) 100vw, 610px\" \/><\/a><p id=\"caption-attachment-121215\" class=\"wp-caption-text\">Maria Cristina recebeu o documento em nome dos moradores<\/p><\/div>\n<p>A reuni\u00e3o com um grupo de moradores aconteceu no audit\u00f3rio do Pa\u00e7o Municipal. Al\u00e9m do prefeito Pedro Bigardi, a secret\u00e1ria Daniela da Camara Sutti tamb\u00e9m participou da entrega das certid\u00f5es. \u201cA cria\u00e7\u00e3o de uma nova l\u00f3gica nas secretarias permitiu que cheg\u00e1ssemos at\u00e9 este momento, mas o m\u00e9rito maior \u00e9 de voc\u00eas, moradores, que lutaram todos esses anos para conseguir aquilo que \u00e9 de direito e sagrado\u201d, disse o prefeito.<\/p>\n<div id=\"attachment_121217\" style=\"width: 420px\" class=\"wp-caption alignleft\"><a href=\"https:\/\/jundiai.sp.gov.br\/noticias\/wp-content\/uploads\/sites\/32\/2014\/05\/Prefeito-entrega-certid\u00e3o-aos-moradores-do-Jardim-Palermo-2.jpg\"><img loading=\"lazy\" decoding=\"async\" aria-describedby=\"caption-attachment-121217\" class=\"wp-image-121217\" src=\"https:\/\/jundiai.sp.gov.br\/noticias\/wp-content\/uploads\/sites\/32\/2014\/05\/Prefeito-entrega-certid\u00e3o-aos-moradores-do-Jardim-Palermo-2-720x501.jpg\" alt=\"Encontro realizado no audit\u00f3rio do Pa\u00e7o\" width=\"410\" height=\"286\" srcset=\"https:\/\/jundiai.sp.gov.br\/noticias\/wp-content\/uploads\/sites\/32\/2014\/05\/Prefeito-entrega-certid\u00e3o-aos-moradores-do-Jardim-Palermo-2-720x501.jpg 720w, https:\/\/jundiai.sp.gov.br\/noticias\/wp-content\/uploads\/sites\/32\/2014\/05\/Prefeito-entrega-certid\u00e3o-aos-moradores-do-Jardim-Palermo-2-300x209.jpg 300w, https:\/\/jundiai.sp.gov.br\/noticias\/wp-content\/uploads\/sites\/32\/2014\/05\/Prefeito-entrega-certid\u00e3o-aos-moradores-do-Jardim-Palermo-2.jpg 1240w\" sizes=\"auto, (max-width: 410px) 100vw, 410px\" \/><\/a><p id=\"caption-attachment-121217\" class=\"wp-caption-text\">Encontro realizado no audit\u00f3rio do Pa\u00e7o<\/p><\/div>\n<p>De acordo com Daniela da Camara Sutti, ter avan\u00e7ado no rumo da regulariza\u00e7\u00e3o dos im\u00f3veis na cidade foi resultado de um trabalho de equipe, que reuniu pessoas de diversos setores da Prefeitura, e atendeu a uma determina\u00e7\u00e3o do chefe do Executivo.<\/p>\n<p>&#8220;J\u00e1 em janeiro de 2013, quando assumiu, o prefeito pediu que a quest\u00e3o fundi\u00e1ria tivesse prioridade m\u00e1xima&#8221;, explicou. \u201cContamos com pessoas muito dedicadas, al\u00e9m do novo modelo de aprova\u00e7\u00e3o de certid\u00f5es ambientais, que permite agilizar cada vez mais os processos dentro da Prefeitura.\u201d<\/p>\n<p>Daniela lembrou tamb\u00e9m que o processo teve um diferencial em rela\u00e7\u00e3o aos procedimentos antigos.<strong> Com o novo modelo, \u00e9 poss\u00edvel dar prosseguimento ao processo de regulariza\u00e7\u00e3o, mesmo que algum propriet\u00e1rio ainda n\u00e3o tenha todos os documentos.<\/strong> \u201cAntes, se faltava algum papel, o loteamento todo era penalizado com o processo parado. Hoje, isso n\u00e3o existe mais.\u201d<\/p>\n<p><strong>Porta aberta<\/strong><br \/>\n<strong>Segundo o diretor de Assuntos Fundi\u00e1rios da Secretaria de Planejamento e Meio Ambiente, S\u00e9rgio Dutra, com o documento em m\u00e3os os moradores t\u00eam portas abertas nos cart\u00f3rios de registro de im\u00f3veis, para darem sequ\u00eancia aos processos de regulariza\u00e7\u00e3o.<\/strong> \u201cSem contar que eles conquistaram tamb\u00e9m a individualiza\u00e7\u00e3o das matr\u00edculas, podendo acertar a quest\u00e3o do IPTU e tamb\u00e9m regularizar as constru\u00e7\u00f5es\u201d, emendou.<\/p>\n<p>Para a moradora Maria Cristinia Santos Simili, que recebeu a primeira certid\u00e3o, representando os demais moradores, foi uma luta de mais de 20 anos. \u201cAgora eu me sinto mais segura, pois sei que meu im\u00f3vel existe de verdade, teve seu valor reconhecido\u201d, disse, emocionada.<\/p>\n<p>Assim como ela, tamb\u00e9m compareceram \u00e0 solenidade o presidente da Associa\u00e7\u00e3o dos Moradores do Jardim Palermo, Jos\u00e9 Sassi, e o presidente da Associa\u00e7\u00e3o dos Moradores da Regi\u00e3o Sul, Henrique Pardini, ambos envolvidos com a quest\u00e3o desde o in\u00edcio.<\/p>\n<p><em><strong>Alcir de Oliveira<br \/>\nFoto: Cleber de Almeida <\/strong><\/em><\/p>\n","protected":false},"excerpt":{"rendered":"<p>Certid\u00e3o de Licenciamento Ambiental \u00e9 uma das etapas mais importantes no processo de regulariza\u00e7\u00e3o dos im\u00f3veis<\/p>\n","protected":false},"author":10,"featured_media":86729,"comment_status":"closed","ping_status":"closed","sticky":false,"template":"","format":"standard","meta":{"footnotes":""},"categories":[2],"tags":[32],"ods":[],"class_list":["post-86726","post","type-post","status-publish","format-standard","has-post-thumbnail","hentry","category-noticias","tag-planejamento-e-meio-ambiente"],"_links":{"self":[{"href":"https:\/\/jundiai.sp.gov.br\/noticias\/wp-json\/wp\/v2\/posts\/86726","targetHints":{"allow":["GET"]}}],"collection":[{"href":"https:\/\/jundiai.sp.gov.br\/noticias\/wp-json\/wp\/v2\/posts"}],"about":[{"href":"https:\/\/jundiai.sp.gov.br\/noticias\/wp-json\/wp\/v2\/types\/post"}],"author":[{"embeddable":true,"href":"https:\/\/jundiai.sp.gov.br\/noticias\/wp-json\/wp\/v2\/users\/10"}],"replies":[{"embeddable":true,"href":"https:\/\/jundiai.sp.gov.br\/noticias\/wp-json\/wp\/v2\/comments?post=86726"}],"version-history":[{"count":2,"href":"https:\/\/jundiai.sp.gov.br\/noticias\/wp-json\/wp\/v2\/posts\/86726\/revisions"}],"predecessor-version":[{"id":121218,"href":"https:\/\/jundiai.sp.gov.br\/noticias\/wp-json\/wp\/v2\/posts\/86726\/revisions\/121218"}],"wp:featuredmedia":[{"embeddable":true,"href":"https:\/\/jundiai.sp.gov.br\/noticias\/wp-json\/"}],"wp:attachment":[{"href":"https:\/\/jundiai.sp.gov.br\/noticias\/wp-json\/wp\/v2\/media?parent=86726"}],"wp:term":[{"taxonomy":"category","embeddable":true,"href":"https:\/\/jundiai.sp.gov.br\/noticias\/wp-json\/wp\/v2\/categories?post=86726"},{"taxonomy":"post_tag","embeddable":true,"href":"https:\/\/jundiai.sp.gov.br\/noticias\/wp-json\/wp\/v2\/tags?post=86726"},{"taxonomy":"ods","embeddable":true,"href":"https:\/\/jundiai.sp.gov.br\/noticias\/wp-json\/wp\/v2\/ods?post=86726"}],"curies":[{"name":"wp","href":"https:\/\/api.w.org\/{rel}","templated":true}]}}