{"id":88736,"date":"2014-06-06T17:19:50","date_gmt":"2014-06-06T20:19:50","guid":{"rendered":"https:\/\/jundiai.sp.gov.br\/noticias\/?p=88736"},"modified":"2016-11-04T11:05:18","modified_gmt":"2016-11-04T13:05:18","slug":"mesa-redonda-debate-educacao-e-meio-ambiente","status":"publish","type":"post","link":"https:\/\/jundiai.sp.gov.br\/noticias\/2014\/06\/06\/mesa-redonda-debate-educacao-e-meio-ambiente\/","title":{"rendered":"Mesa redonda debate educa\u00e7\u00e3o e meio ambiente"},"content":{"rendered":"<p><strong>A programa\u00e7\u00e3o da Semana do Meio Ambiente nesta sexta-feira (6) contou com a mesa redonda \u201cEducando para a responsabilidade socioambiental\u201d, promovida pela Secretaria de Educa\u00e7\u00e3o, no Complexo Argos.<\/strong><\/p>\n<p><a href=\"https:\/\/jundiai.sp.gov.br\/noticias\/semana-do-meio-ambiente-2014\/\" target=\"_blank\"><strong>PROGRAMA\u00c7\u00c3O SEGUE AT\u00c9 DOMINGO <\/strong><\/a><\/p>\n<p>Realizado para os diretores das escolas municipais de Jundia\u00ed, o <strong>evento contou com a palestra do arquiteto urban\u00edstico Araken Martinho, do professor do Instituto Agr\u00f4nomo de Campinas, Afonso Peche Filho, do diretor de Meio Ambiente do munic\u00edpio, Fl\u00e1vio Gramolelli J\u00fanior, e do assessor municipal da Secretaria de Educa\u00e7\u00e3o, professor Jos\u00e9 Renato Polli<\/strong>.<\/p>\n<div id=\"attachment_118146\" style=\"width: 420px\" class=\"wp-caption alignleft\"><a href=\"https:\/\/jundiai.sp.gov.br\/noticias\/wp-content\/uploads\/sites\/32\/2014\/06\/Mesa-redonda-debate-educa\u00e7\u00e3o-e-meio-ambiente.jpg\"><img loading=\"lazy\" decoding=\"async\" aria-describedby=\"caption-attachment-118146\" class=\"wp-image-118146\" src=\"https:\/\/jundiai.sp.gov.br\/noticias\/wp-content\/uploads\/sites\/32\/2014\/06\/Mesa-redonda-debate-educa\u00e7\u00e3o-e-meio-ambiente-720x503.jpg\" alt=\"Mesa redonda discute responsabilidade socioambiental\" width=\"410\" height=\"287\" srcset=\"https:\/\/jundiai.sp.gov.br\/noticias\/wp-content\/uploads\/sites\/32\/2014\/06\/Mesa-redonda-debate-educa\u00e7\u00e3o-e-meio-ambiente-720x503.jpg 720w, https:\/\/jundiai.sp.gov.br\/noticias\/wp-content\/uploads\/sites\/32\/2014\/06\/Mesa-redonda-debate-educa\u00e7\u00e3o-e-meio-ambiente-300x209.jpg 300w, https:\/\/jundiai.sp.gov.br\/noticias\/wp-content\/uploads\/sites\/32\/2014\/06\/Mesa-redonda-debate-educa\u00e7\u00e3o-e-meio-ambiente.jpg 1240w\" sizes=\"auto, (max-width: 410px) 100vw, 410px\" \/><\/a><p id=\"caption-attachment-118146\" class=\"wp-caption-text\">Mesa redonda discute responsabilidade socioambiental<\/p><\/div>\n<p>De acordo com a supervisora de Educa\u00e7\u00e3o Ambiental da Prefeitura de Jundia\u00ed, Claudete Formis, o evento \u00e9 um encontro hist\u00f3rico para a Educa\u00e7\u00e3o. \u201cTodos esses profissionais contribuem muito, no sentido de nos fazer refletir com rela\u00e7\u00e3o ao meio ambiente e levar projetos para as escolas.\u201d<\/p>\n<p><strong>Foram discutidos assuntos como o desenvolvimento urban\u00edstico de Jundia\u00ed, qualidade e gest\u00e3o ambiental, \u00e9tica nas rela\u00e7\u00f5es com meio ambiente e produ\u00e7\u00e3o de ambientes sustent\u00e1veis<\/strong>. \u201cAbordamos como Jundia\u00ed enxerga essa rela\u00e7\u00e3o e perspectiva de uma cidade sustent\u00e1vel\u201d, afirmou Gramolelli.<\/p>\n<p>\u201cToda esta discuss\u00e3o te\u00f3rica ser\u00e1 levada de forma pedag\u00f3gica e pr\u00e1tica para dentro das salas de aula. O nosso programa de educa\u00e7\u00e3o ambiental visa mudar a concep\u00e7\u00e3o de que o meio ambiente \u00e9 apenas a Serra do Japi. O local de viv\u00eancia de cada um de n\u00f3s \u00e9 o meio ambiente\u201d, completou Claudete.<\/p>\n<p><em><strong>Luiza Ronchi<br \/>\nFoto: Paulo Gr\u00e9gio <\/strong><\/em><\/p>\n","protected":false},"excerpt":{"rendered":"<p>A programa\u00e7\u00e3o da Semana do Meio Ambiente nesta sexta-feira (6) contou com a mesa redonda \u201cEducando para a responsabilidade socioambiental\u201d, promovida pela Secretaria de Educa\u00e7\u00e3o, no Complexo Argos. PROGRAMA\u00c7\u00c3O SEGUE AT\u00c9 DOMINGO Realizado para os diretores das escolas municipais de Jundia\u00ed, o evento contou com a palestra do arquiteto urban\u00edstico Araken Martinho, do professor do [&hellip;]<\/p>\n","protected":false},"author":10,"featured_media":0,"comment_status":"closed","ping_status":"closed","sticky":false,"template":"","format":"standard","meta":{"footnotes":""},"categories":[2],"tags":[32,268],"ods":[],"class_list":["post-88736","post","type-post","status-publish","format-standard","hentry","category-noticias","tag-planejamento-e-meio-ambiente","tag-semana-do-meio-ambiente-2014"],"_links":{"self":[{"href":"https:\/\/jundiai.sp.gov.br\/noticias\/wp-json\/wp\/v2\/posts\/88736","targetHints":{"allow":["GET"]}}],"collection":[{"href":"https:\/\/jundiai.sp.gov.br\/noticias\/wp-json\/wp\/v2\/posts"}],"about":[{"href":"https:\/\/jundiai.sp.gov.br\/noticias\/wp-json\/wp\/v2\/types\/post"}],"author":[{"embeddable":true,"href":"https:\/\/jundiai.sp.gov.br\/noticias\/wp-json\/wp\/v2\/users\/10"}],"replies":[{"embeddable":true,"href":"https:\/\/jundiai.sp.gov.br\/noticias\/wp-json\/wp\/v2\/comments?post=88736"}],"version-history":[{"count":1,"href":"https:\/\/jundiai.sp.gov.br\/noticias\/wp-json\/wp\/v2\/posts\/88736\/revisions"}],"predecessor-version":[{"id":118147,"href":"https:\/\/jundiai.sp.gov.br\/noticias\/wp-json\/wp\/v2\/posts\/88736\/revisions\/118147"}],"wp:attachment":[{"href":"https:\/\/jundiai.sp.gov.br\/noticias\/wp-json\/wp\/v2\/media?parent=88736"}],"wp:term":[{"taxonomy":"category","embeddable":true,"href":"https:\/\/jundiai.sp.gov.br\/noticias\/wp-json\/wp\/v2\/categories?post=88736"},{"taxonomy":"post_tag","embeddable":true,"href":"https:\/\/jundiai.sp.gov.br\/noticias\/wp-json\/wp\/v2\/tags?post=88736"},{"taxonomy":"ods","embeddable":true,"href":"https:\/\/jundiai.sp.gov.br\/noticias\/wp-json\/wp\/v2\/ods?post=88736"}],"curies":[{"name":"wp","href":"https:\/\/api.w.org\/{rel}","templated":true}]}}