{"id":89142,"date":"2014-06-11T18:16:25","date_gmt":"2014-06-11T21:16:25","guid":{"rendered":"https:\/\/jundiai.sp.gov.br\/noticias\/?p=89142"},"modified":"2016-11-04T11:03:49","modified_gmt":"2016-11-04T13:03:49","slug":"fumas-participa-de-forum-sobre-assistencia-social","status":"publish","type":"post","link":"https:\/\/jundiai.sp.gov.br\/noticias\/2014\/06\/11\/fumas-participa-de-forum-sobre-assistencia-social\/","title":{"rendered":"Fumas participa de f\u00f3rum sobre assist\u00eancia social"},"content":{"rendered":"<p><strong>Na pr\u00f3xima segunda-feira (16), a Funda\u00e7\u00e3o Municipal de A\u00e7\u00e3o Social (Fumas), em parceria com a C\u00e1ritas Diocesana de Jundia\u00ed, realiza mais um encontro do F\u00f3rum C\u00e1ritas do Terceiro Setor e Pol\u00edticas Sociais, \u00e0s 19h, na sede da C\u00faria Diocesana de Jundia\u00ed.<\/strong><\/p>\n<div id=\"attachment_117805\" style=\"width: 419px\" class=\"wp-caption alignleft\"><a href=\"https:\/\/jundiai.sp.gov.br\/noticias\/wp-content\/uploads\/sites\/32\/2014\/06\/Fumas-participa-de-f\u00f3rum-sobre-assist\u00eancia-social.jpg\"><img loading=\"lazy\" decoding=\"async\" aria-describedby=\"caption-attachment-117805\" class=\"wp-image-117805\" src=\"https:\/\/jundiai.sp.gov.br\/noticias\/wp-content\/uploads\/sites\/32\/2014\/06\/Fumas-participa-de-f\u00f3rum-sobre-assist\u00eancia-social-720x481.jpg\" alt=\"Rodrigo Mendes media mais um F\u00f3rum do Terceiro Setor\" width=\"409\" height=\"274\" srcset=\"https:\/\/jundiai.sp.gov.br\/noticias\/wp-content\/uploads\/sites\/32\/2014\/06\/Fumas-participa-de-f\u00f3rum-sobre-assist\u00eancia-social-720x481.jpg 720w, https:\/\/jundiai.sp.gov.br\/noticias\/wp-content\/uploads\/sites\/32\/2014\/06\/Fumas-participa-de-f\u00f3rum-sobre-assist\u00eancia-social-300x200.jpg 300w, https:\/\/jundiai.sp.gov.br\/noticias\/wp-content\/uploads\/sites\/32\/2014\/06\/Fumas-participa-de-f\u00f3rum-sobre-assist\u00eancia-social.jpg 1240w\" sizes=\"auto, (max-width: 409px) 100vw, 409px\" \/><\/a><p id=\"caption-attachment-117805\" class=\"wp-caption-text\">Rodrigo Mendes media mais um F\u00f3rum do Terceiro Setor<\/p><\/div>\n<p>O encontro tem como objetivo refletir sobre a import\u00e2ncia de mobilizar a sociedade para a participa\u00e7\u00e3o na constru\u00e7\u00e3o de pol\u00edticas p\u00fablicas destinadas \u00e0 \u00e1rea de assist\u00eancia social. O evento tamb\u00e9m serve para organizar e articular o F\u00f3rum Regional dos Trabalhadores da Assist\u00eancia Social de Jundia\u00ed e regi\u00e3o.<\/p>\n<p>A doutora em Servi\u00e7o Social e presidente da Associa\u00e7\u00e3o dos Assistentes Sociais e Psic\u00f3logos do Tribunal de Justi\u00e7a de S\u00e3o Paulo, Elisabete Borgianni, far\u00e1 uma palestra. Na sequ\u00eancia, a psic\u00f3loga e membro do N\u00facleo de Assist\u00eancia Social do CRP-SP, Giseli de F\u00e1tima Assoni, tamb\u00e9m falar\u00e1 aos participantes.<\/p>\n<p>O evento \u00e9 mediado e coordenado pelo superintendente da Fumas, Rodrigo Mendes Pereira, e pela coordenadora da C\u00e1ritas Diocesana de Jundia\u00ed, Maria Rosangela Moretti.<\/p>\n<p>O F\u00f3rum tem o apoio da Ordem dos Advogados do Brasil (OAB), por meio da Comiss\u00e3o de Direito do Terceiro Setor e da 33\u00aa Subsec\u00e7\u00e3o da OAB em Jundia\u00ed.<\/p>\n<p>Luiza Ronchi<br \/>\nFoto: PMJ<\/p>\n","protected":false},"excerpt":{"rendered":"<p>Na pr\u00f3xima segunda-feira (16), a Funda\u00e7\u00e3o Municipal de A\u00e7\u00e3o Social (Fumas), em parceria com a C\u00e1ritas Diocesana de Jundia\u00ed, realiza mais um encontro do F\u00f3rum C\u00e1ritas do Terceiro Setor e Pol\u00edticas Sociais, \u00e0s 19h, na sede da C\u00faria Diocesana de Jundia\u00ed. O encontro tem como objetivo refletir sobre a import\u00e2ncia de mobilizar a sociedade para [&hellip;]<\/p>\n","protected":false},"author":10,"featured_media":0,"comment_status":"closed","ping_status":"closed","sticky":false,"template":"","format":"standard","meta":{"footnotes":""},"categories":[2],"tags":[49],"ods":[],"class_list":["post-89142","post","type-post","status-publish","format-standard","hentry","category-noticias","tag-fundacao-municipal-de-acao-social-fumas"],"_links":{"self":[{"href":"https:\/\/jundiai.sp.gov.br\/noticias\/wp-json\/wp\/v2\/posts\/89142","targetHints":{"allow":["GET"]}}],"collection":[{"href":"https:\/\/jundiai.sp.gov.br\/noticias\/wp-json\/wp\/v2\/posts"}],"about":[{"href":"https:\/\/jundiai.sp.gov.br\/noticias\/wp-json\/wp\/v2\/types\/post"}],"author":[{"embeddable":true,"href":"https:\/\/jundiai.sp.gov.br\/noticias\/wp-json\/wp\/v2\/users\/10"}],"replies":[{"embeddable":true,"href":"https:\/\/jundiai.sp.gov.br\/noticias\/wp-json\/wp\/v2\/comments?post=89142"}],"version-history":[{"count":2,"href":"https:\/\/jundiai.sp.gov.br\/noticias\/wp-json\/wp\/v2\/posts\/89142\/revisions"}],"predecessor-version":[{"id":117807,"href":"https:\/\/jundiai.sp.gov.br\/noticias\/wp-json\/wp\/v2\/posts\/89142\/revisions\/117807"}],"wp:attachment":[{"href":"https:\/\/jundiai.sp.gov.br\/noticias\/wp-json\/wp\/v2\/media?parent=89142"}],"wp:term":[{"taxonomy":"category","embeddable":true,"href":"https:\/\/jundiai.sp.gov.br\/noticias\/wp-json\/wp\/v2\/categories?post=89142"},{"taxonomy":"post_tag","embeddable":true,"href":"https:\/\/jundiai.sp.gov.br\/noticias\/wp-json\/wp\/v2\/tags?post=89142"},{"taxonomy":"ods","embeddable":true,"href":"https:\/\/jundiai.sp.gov.br\/noticias\/wp-json\/wp\/v2\/ods?post=89142"}],"curies":[{"name":"wp","href":"https:\/\/api.w.org\/{rel}","templated":true}]}}