{"id":89160,"date":"2014-06-11T18:41:19","date_gmt":"2014-06-11T21:41:19","guid":{"rendered":"https:\/\/jundiai.sp.gov.br\/noticias\/?p=89160"},"modified":"2016-11-04T11:03:48","modified_gmt":"2016-11-04T13:03:48","slug":"jundiai-reforca-sao-vicente-e-entrega-hospital-regional","status":"publish","type":"post","link":"https:\/\/jundiai.sp.gov.br\/noticias\/2014\/06\/11\/jundiai-reforca-sao-vicente-e-entrega-hospital-regional\/","title":{"rendered":"Jundia\u00ed refor\u00e7a S\u00e3o Vicente e entrega Hospital Regional"},"content":{"rendered":"<p><strong>O prefeito Pedro Bigardi e o governador Geraldo Alckmin realizaram nesta quarta-feira (11) a entrega do pr\u00e9dio do Hospital Regional de Jundia\u00ed. O ato tamb\u00e9m contou com o an\u00fancio de R$ 2,2 milh\u00f5es mensais vindos do Governo do Estado para centraliza\u00e7\u00e3o dos casos de urg\u00eancia e de alta complexidade no Hospital S\u00e3o Vicente de Paulo. As demais cirurgias &#8211; de baixa e m\u00e9dia complexidades &#8211; realizadas para Jundia\u00ed e cidades da regi\u00e3o ficar\u00e3o agora sob responsabilidade do novo hospital &#8211; constru\u00eddo em 6 anos no local da antiga Casa de Sa\u00fade Dr. Domingos Anastasio.<\/strong><\/p>\n<p><strong>LEIA TAMB\u00c9M<br \/>\n<a href=\"https:\/\/jundiai.sp.gov.br\/noticias\/2014\/06\/prefeito-e-ministro-anunciam-r-125-milhoes-para-brt\/\" target=\"_blank\">Prefeito e ministro anunciam R$ 125 milh\u00f5es para BRT<\/a><\/strong><\/p>\n<div id=\"attachment_117742\" style=\"width: 610px\" class=\"wp-caption aligncenter\"><a href=\"https:\/\/jundiai.sp.gov.br\/noticias\/wp-content\/uploads\/sites\/32\/2014\/06\/Jundia\u00ed-refor\u00e7a-S\u00e3o-Vicente-e-entrega-Hospital-Regional-1.jpg\"><img loading=\"lazy\" decoding=\"async\" aria-describedby=\"caption-attachment-117742\" class=\"wp-image-117742\" src=\"https:\/\/jundiai.sp.gov.br\/noticias\/wp-content\/uploads\/sites\/32\/2014\/06\/Jundia\u00ed-refor\u00e7a-S\u00e3o-Vicente-e-entrega-Hospital-Regional-1-720x468.jpg\" alt=\"Prefeito Pedro Bigardi destaca parcerias pelo bem comum\" width=\"600\" height=\"390\" srcset=\"https:\/\/jundiai.sp.gov.br\/noticias\/wp-content\/uploads\/sites\/32\/2014\/06\/Jundia\u00ed-refor\u00e7a-S\u00e3o-Vicente-e-entrega-Hospital-Regional-1-720x468.jpg 720w, https:\/\/jundiai.sp.gov.br\/noticias\/wp-content\/uploads\/sites\/32\/2014\/06\/Jundia\u00ed-refor\u00e7a-S\u00e3o-Vicente-e-entrega-Hospital-Regional-1-300x195.jpg 300w, https:\/\/jundiai.sp.gov.br\/noticias\/wp-content\/uploads\/sites\/32\/2014\/06\/Jundia\u00ed-refor\u00e7a-S\u00e3o-Vicente-e-entrega-Hospital-Regional-1.jpg 1240w\" sizes=\"auto, (max-width: 600px) 100vw, 600px\" \/><\/a><p id=\"caption-attachment-117742\" class=\"wp-caption-text\">Prefeito Pedro Bigardi destaca parcerias pelo bem comum<\/p><\/div>\n<p>\u201cEstamos aprendendo a import\u00e2ncia das parcerias nos \u00faltimos anos. Neste caso, o pr\u00e9dio foi desapropriado pelo saudoso prefeito Ary Fossen com recursos municipais e depois teve o projeto implantado com recursos estaduais. O mesmo tem ocorrido na habita\u00e7\u00e3o, na mobilidade urbana e em outros pontos, buscando sempre a qualidade de vida do cidad\u00e3o\u201d, destacou Pedro Bigardi.<\/p>\n<p><strong>O novo refor\u00e7o de custeio do Hospital S\u00e3o Vicente \u00e9 resultado de uma repactua\u00e7\u00e3o negociada desde o ano passado por Jundia\u00ed dentro do Colegiado Gestor Regional.<\/strong> \u201cEsse novo desenho tem o hospital como estruturante, ficando o novo Hospital Regional e o Hospital Universit\u00e1rio (HU) como estrat\u00e9gicos e outros na regi\u00e3o como pontos de apoio\u201d, comentou a diretora regional M\u00e1rcia Bevilacqua, da Secretaria Estadual de Sa\u00fade (DRS 7).<\/p>\n<p>A Prefeitura de Jundia\u00ed havia conseguido, anteriormente, com o Minist\u00e9rio da Sa\u00fade, um outro refor\u00e7o de R$ 1,1 milh\u00e3o mensais relativos ao processo de hospital-ensino do S\u00e3o Vicente.<\/p>\n<div id=\"attachment_117745\" style=\"width: 420px\" class=\"wp-caption alignleft\"><a href=\"https:\/\/jundiai.sp.gov.br\/noticias\/wp-content\/uploads\/sites\/32\/2014\/06\/Jundia\u00ed-refor\u00e7a-S\u00e3o-Vicente-e-entrega-Hospital-Regional-2.jpg\"><img loading=\"lazy\" decoding=\"async\" aria-describedby=\"caption-attachment-117745\" class=\"wp-image-117745\" src=\"https:\/\/jundiai.sp.gov.br\/noticias\/wp-content\/uploads\/sites\/32\/2014\/06\/Jundia\u00ed-refor\u00e7a-S\u00e3o-Vicente-e-entrega-Hospital-Regional-2-720x553.jpg\" alt=\"Com o governador, conhecendo as novas instala\u00e7\u00f5es\" width=\"410\" height=\"315\" srcset=\"https:\/\/jundiai.sp.gov.br\/noticias\/wp-content\/uploads\/sites\/32\/2014\/06\/Jundia\u00ed-refor\u00e7a-S\u00e3o-Vicente-e-entrega-Hospital-Regional-2-720x553.jpg 720w, https:\/\/jundiai.sp.gov.br\/noticias\/wp-content\/uploads\/sites\/32\/2014\/06\/Jundia\u00ed-refor\u00e7a-S\u00e3o-Vicente-e-entrega-Hospital-Regional-2-300x230.jpg 300w, https:\/\/jundiai.sp.gov.br\/noticias\/wp-content\/uploads\/sites\/32\/2014\/06\/Jundia\u00ed-refor\u00e7a-S\u00e3o-Vicente-e-entrega-Hospital-Regional-2.jpg 1240w\" sizes=\"auto, (max-width: 410px) 100vw, 410px\" \/><\/a><p id=\"caption-attachment-117745\" class=\"wp-caption-text\">Com o governador, conhecendo as novas instala\u00e7\u00f5es<\/p><\/div>\n<p><strong>Inaugura\u00e7\u00e3o<\/strong><br \/>\n<strong>A abertura oficial do Hospital Regional vai depender ainda da forma\u00e7\u00e3o da equipe t\u00e9cnica pelo Instituto de Responsabilidade Social S\u00edrio Liban\u00eas. Trata-se de uma organiza\u00e7\u00e3o social que vai assumir a gest\u00e3o do estabelecimento.<\/strong><\/p>\n<p>De acordo com Gonzalo Vecina Neto, superintendente corporativo, <strong>um edital de sele\u00e7\u00e3o deve ser aberto na pr\u00f3xima semana pela institui\u00e7\u00e3o em seu portal da internet.<\/strong> \u201cCom espa\u00e7os e cursos como a Faculdade de Medicina de Jundia\u00ed, a cidade tem m\u00e3o de obra qualificada\u201d, ressaltou.<\/p>\n<p><strong>O Hospital Regional, que teve o nome do m\u00e9dico Domingos Anast\u00e1cio lembrado pelo governador Geraldo Alckmin, vai ter 120 leitos de interna\u00e7\u00e3o e outros 16 de terapia intensiva usados principalmente pelas sete cidades da Aglomera\u00e7\u00e3o Urbana de Jundia\u00ed (AUJ).<\/strong><\/p>\n<p>O local n\u00e3o vai ter atendimento p\u00fablico ou pronto-socorro, mas procedimentos marcados nas \u00e1reas descritas no evento como cirurgia geral, cirurgia vascular, dermatologia, oftalmologia, otorrinolaringologia, ortopedia, ginecologia, urologia e cirurgia pl\u00e1stica. Tamb\u00e9m ter\u00e1 laborat\u00f3rio, unidade de diagn\u00f3stico, farm\u00e1cia e servi\u00e7o de hemodin\u00e2mica.<\/p>\n<p>A previs\u00e3o do Governo do Estado \u00e9 iniciar o atendimento parcial no m\u00eas de julho, inicialmente com 60 leitos de interna\u00e7\u00e3o e 10 leitos de terapia intensiva, al\u00e9m de cirurgias.<\/p>\n<p>O investimento na constru\u00e7\u00e3o, de R$ 45 milh\u00f5es, vai ser acrescido de custeio de R$ 11,4 milh\u00f5es at\u00e9 o final deste ano, segundo Governo Estadual. Com a reforma, o hospital passa a ter entrada pela rua Luiz Rosa no lugar da fachada anterior da Casa de Sa\u00fade &#8211; que era voltada para a rua Campos Sales. Outra novidade foi um jardim suspenso na parte superior, que ser\u00e1 usado por pacientes em recupera\u00e7\u00e3o.<\/p>\n<p><em><strong>Jos\u00e9 Arnaldo de Oliveira<br \/>\nFoto: Paulo Gr\u00e9gio <\/strong><\/em><\/p>\n","protected":false},"excerpt":{"rendered":"<p>Ato tamb\u00e9m contou com o an\u00fancio de R$ 2,2 milh\u00f5es mensais para o Hospital S\u00e3o Vicente de Paulo<\/p>\n","protected":false},"author":10,"featured_media":89163,"comment_status":"closed","ping_status":"closed","sticky":false,"template":"","format":"standard","meta":{"footnotes":""},"categories":[2],"tags":[3],"ods":[],"class_list":["post-89160","post","type-post","status-publish","format-standard","has-post-thumbnail","hentry","category-noticias","tag-saude"],"_links":{"self":[{"href":"https:\/\/jundiai.sp.gov.br\/noticias\/wp-json\/wp\/v2\/posts\/89160","targetHints":{"allow":["GET"]}}],"collection":[{"href":"https:\/\/jundiai.sp.gov.br\/noticias\/wp-json\/wp\/v2\/posts"}],"about":[{"href":"https:\/\/jundiai.sp.gov.br\/noticias\/wp-json\/wp\/v2\/types\/post"}],"author":[{"embeddable":true,"href":"https:\/\/jundiai.sp.gov.br\/noticias\/wp-json\/wp\/v2\/users\/10"}],"replies":[{"embeddable":true,"href":"https:\/\/jundiai.sp.gov.br\/noticias\/wp-json\/wp\/v2\/comments?post=89160"}],"version-history":[{"count":2,"href":"https:\/\/jundiai.sp.gov.br\/noticias\/wp-json\/wp\/v2\/posts\/89160\/revisions"}],"predecessor-version":[{"id":117746,"href":"https:\/\/jundiai.sp.gov.br\/noticias\/wp-json\/wp\/v2\/posts\/89160\/revisions\/117746"}],"wp:featuredmedia":[{"embeddable":true,"href":"https:\/\/jundiai.sp.gov.br\/noticias\/wp-json\/"}],"wp:attachment":[{"href":"https:\/\/jundiai.sp.gov.br\/noticias\/wp-json\/wp\/v2\/media?parent=89160"}],"wp:term":[{"taxonomy":"category","embeddable":true,"href":"https:\/\/jundiai.sp.gov.br\/noticias\/wp-json\/wp\/v2\/categories?post=89160"},{"taxonomy":"post_tag","embeddable":true,"href":"https:\/\/jundiai.sp.gov.br\/noticias\/wp-json\/wp\/v2\/tags?post=89160"},{"taxonomy":"ods","embeddable":true,"href":"https:\/\/jundiai.sp.gov.br\/noticias\/wp-json\/wp\/v2\/ods?post=89160"}],"curies":[{"name":"wp","href":"https:\/\/api.w.org\/{rel}","templated":true}]}}