{"id":89503,"date":"2014-06-17T11:41:43","date_gmt":"2014-06-17T14:41:43","guid":{"rendered":"https:\/\/jundiai.sp.gov.br\/noticias\/?p=89503"},"modified":"2016-11-04T10:59:54","modified_gmt":"2016-11-04T12:59:54","slug":"rua-sao-bento-sera-interditada-nesta-quinta-feira-19","status":"publish","type":"post","link":"https:\/\/jundiai.sp.gov.br\/noticias\/2014\/06\/17\/rua-sao-bento-sera-interditada-nesta-quinta-feira-19\/","title":{"rendered":"Rua S\u00e3o Bento ser\u00e1 interditada nesta quinta-feira (19)"},"content":{"rendered":"<p>A Divis\u00e3o de Tr\u00e2nsito, da Secretaria de Transportes, informa que a rua S\u00e3o Bento, no Centro, ser\u00e1 interditada nesta quinta-feira (19), das 8h \u00e0s 16h, no trecho entre a avenida Uni\u00e3o dos Ferrovi\u00e1rios e rua Rangel Pestana. No local, a CPFL realizar\u00e1 obras de substitui\u00e7\u00e3o de postes e recoloca\u00e7\u00e3o de cabos.<\/p>\n<p>A interdi\u00e7\u00e3o na rua 15 de Novembro, entre a Rua Siqueira de Moraes e S\u00e3o Bento, marcada para esta quinta-feira (19), ser\u00e1 adiada para domingo (22). O hor\u00e1rio da interdi\u00e7\u00e3o ser\u00e1 o mesmo, das 8h \u00e0s 14h.<br \/>\nA interdi\u00e7\u00e3o ocorrer\u00e1 por conta de um recapeamento asf\u00e1ltico na via, que ser\u00e1 realizado pela Secretaria de Servi\u00e7os P\u00fablicos. O desvio alternativo ser\u00e1 pela avenida Uni\u00e3o dos Ferrovi\u00e1rios, conforme sinaliza\u00e7\u00e3o no local. <\/p>\n<p><strong>Mais mudan\u00e7as<\/strong><br \/>\nA rua Maestro Jos\u00e9 Maria Passos, na Ponte S\u00e3o Jo\u00e3o, ter\u00e1 m\u00e3o \u00fanica de dire\u00e7\u00e3o invertida a partir do dia 29 de junho. De acordo com a Diretoria de Tr\u00e2nsito, a invers\u00e3o se dar\u00e1 no trecho entre as ruas Antenor Soares Gandra e Fern\u00e3o Dias Paes Leme, no sentido da primeira para a segunda via.<\/p>\n<p>De acordo com a Setransp, a altera\u00e7\u00e3o devolve a situa\u00e7\u00e3o original da via, ou seja, como era antes das altera\u00e7\u00f5es no sistema vi\u00e1rio daquela regi\u00e3o, que passou por diversas obras nos \u00faltimos meses, envolvendo constru\u00e7\u00e3o de galerias pluviais e pavimenta\u00e7\u00e3o.<\/p>\n<p><em><strong>Assessoria de Imprensa<\/strong><\/em><\/p>\n","protected":false},"excerpt":{"rendered":"<p>No local, a CPFL realizar\u00e1 obras de substitui\u00e7\u00e3o de postes e recoloca\u00e7\u00e3o de cabos. Rua 15 tamb\u00e9m tem interdi\u00e7\u00e3o <\/p>\n","protected":false},"author":10,"featured_media":49540,"comment_status":"closed","ping_status":"closed","sticky":false,"template":"","format":"standard","meta":{"footnotes":""},"categories":[2],"tags":[],"ods":[],"class_list":["post-89503","post","type-post","status-publish","format-standard","has-post-thumbnail","hentry","category-noticias"],"_links":{"self":[{"href":"https:\/\/jundiai.sp.gov.br\/noticias\/wp-json\/wp\/v2\/posts\/89503","targetHints":{"allow":["GET"]}}],"collection":[{"href":"https:\/\/jundiai.sp.gov.br\/noticias\/wp-json\/wp\/v2\/posts"}],"about":[{"href":"https:\/\/jundiai.sp.gov.br\/noticias\/wp-json\/wp\/v2\/types\/post"}],"author":[{"embeddable":true,"href":"https:\/\/jundiai.sp.gov.br\/noticias\/wp-json\/wp\/v2\/users\/10"}],"replies":[{"embeddable":true,"href":"https:\/\/jundiai.sp.gov.br\/noticias\/wp-json\/wp\/v2\/comments?post=89503"}],"version-history":[{"count":1,"href":"https:\/\/jundiai.sp.gov.br\/noticias\/wp-json\/wp\/v2\/posts\/89503\/revisions"}],"predecessor-version":[{"id":182790,"href":"https:\/\/jundiai.sp.gov.br\/noticias\/wp-json\/wp\/v2\/posts\/89503\/revisions\/182790"}],"wp:featuredmedia":[{"embeddable":true,"href":"https:\/\/jundiai.sp.gov.br\/noticias\/wp-json\/"}],"wp:attachment":[{"href":"https:\/\/jundiai.sp.gov.br\/noticias\/wp-json\/wp\/v2\/media?parent=89503"}],"wp:term":[{"taxonomy":"category","embeddable":true,"href":"https:\/\/jundiai.sp.gov.br\/noticias\/wp-json\/wp\/v2\/categories?post=89503"},{"taxonomy":"post_tag","embeddable":true,"href":"https:\/\/jundiai.sp.gov.br\/noticias\/wp-json\/wp\/v2\/tags?post=89503"},{"taxonomy":"ods","embeddable":true,"href":"https:\/\/jundiai.sp.gov.br\/noticias\/wp-json\/wp\/v2\/ods?post=89503"}],"curies":[{"name":"wp","href":"https:\/\/api.w.org\/{rel}","templated":true}]}}