{"id":90016,"date":"2014-06-25T17:19:16","date_gmt":"2014-06-25T20:19:16","guid":{"rendered":"https:\/\/jundiai.sp.gov.br\/noticias\/?p=90016"},"modified":"2016-11-04T10:57:11","modified_gmt":"2016-11-04T12:57:11","slug":"servidores-visitam-pontos-culturais-de-jundiai","status":"publish","type":"post","link":"https:\/\/jundiai.sp.gov.br\/noticias\/2014\/06\/25\/servidores-visitam-pontos-culturais-de-jundiai\/","title":{"rendered":"Servidores visitam pontos culturais de Jundia\u00ed"},"content":{"rendered":"<p><strong>Servidores municipais participaram de uma visita ao Teatro Polytheama e Pinacoteca Di\u00f3genes Duarte Paes, nessa ter\u00e7a-feira (24). O passeio fez parte do encerramento do programa de Pr\u00e9- Aposentadoria, realizado pela Secretaria de Recursos Humanos com o apoio da Secretaria de Cultura.<\/strong><\/p>\n<p>A a\u00e7\u00e3o, que come\u00e7ou em abril, est\u00e1 na oitava edi\u00e7\u00e3o. Agora, pela primeira vez, foi inclu\u00eddas as visitas ao Teatro e \u00e0 Pinacoteca ao cronograma. \u201c\u00c9 importante para incentivar a conviv\u00eancia, muitas pessoas depois que se aposentam passam a ficar mais reclusas\u201d, comenta a assistente social Camila Lana Gorla.<\/p>\n<div id=\"attachment_117344\" style=\"width: 610px\" class=\"wp-caption aligncenter\"><a href=\"https:\/\/jundiai.sp.gov.br\/noticias\/wp-content\/uploads\/sites\/32\/2014\/06\/Servidores-visitam-pontos-culturais-de-Jundia\u00ed.jpg\"><img loading=\"lazy\" decoding=\"async\" aria-describedby=\"caption-attachment-117344\" class=\"wp-image-117344\" src=\"https:\/\/jundiai.sp.gov.br\/noticias\/wp-content\/uploads\/sites\/32\/2014\/06\/Servidores-visitam-pontos-culturais-de-Jundia\u00ed-720x405.jpg\" alt=\"Secret\u00e1rio T\u00e9rcio Marinho acompanhou a visita dos servidores aos pontos culturais\" width=\"600\" height=\"338\" srcset=\"https:\/\/jundiai.sp.gov.br\/noticias\/wp-content\/uploads\/sites\/32\/2014\/06\/Servidores-visitam-pontos-culturais-de-Jundia\u00ed-720x405.jpg 720w, https:\/\/jundiai.sp.gov.br\/noticias\/wp-content\/uploads\/sites\/32\/2014\/06\/Servidores-visitam-pontos-culturais-de-Jundia\u00ed-300x168.jpg 300w, https:\/\/jundiai.sp.gov.br\/noticias\/wp-content\/uploads\/sites\/32\/2014\/06\/Servidores-visitam-pontos-culturais-de-Jundia\u00ed.jpg 1240w\" sizes=\"auto, (max-width: 600px) 100vw, 600px\" \/><\/a><p id=\"caption-attachment-117344\" class=\"wp-caption-text\">Secret\u00e1rio T\u00e9rcio Marinho acompanhou a visita dos servidores aos pontos culturais<\/p><\/div>\n<p>O secret\u00e1rio de Cultura, T\u00e9rcio Marinho, acompanhou a visita e salientou a necessidade destas atividades. \u201cMuitos visitaram o Teatro Polytheama e a Pinacoteca Di\u00f3genes Duarte Paes pela primeira vez. Temos que incentivar esses passeios e mostrar o quanto a cultura pode beneficiar a vida das pessoas\u201d, ressalta o secret\u00e1rio.<\/p>\n<p>Al\u00e9m da visita, o programa Pr\u00e9- Aposentadoria contou com palestras sobre atividades e qualidade de vida, visando planejar e orientar o servidor durante a experi\u00eancia da aposentadoria na dire\u00e7\u00e3o de uma efetiva realiza\u00e7\u00e3o pessoal, facilitar o acesso \u00e0s informa\u00e7\u00f5es relativas aos aspectos de sa\u00fade, lazer, finan\u00e7as, familiares e de projetos pessoais que far\u00e3o parte dessa nova fase de sua vida.<\/p>\n<p>Mais informa\u00e7\u00f5es podem ser obtidas na Secretaria de Recursos Humanos, pelo telefone: (11) 4589-8736.<\/p>\n<p><em><strong>Assessoria de Imprensa<br \/>\nFoto: PMJ<\/strong><\/em><\/p>\n","protected":false},"excerpt":{"rendered":"<p>Servidores municipais participaram de uma visita ao Teatro Polytheama e Pinacoteca Di\u00f3genes Duarte Paes, nessa ter\u00e7a-feira (24). O passeio fez parte do encerramento do programa de Pr\u00e9- Aposentadoria, realizado pela Secretaria de Recursos Humanos com o apoio da Secretaria de Cultura. A a\u00e7\u00e3o, que come\u00e7ou em abril, est\u00e1 na oitava edi\u00e7\u00e3o. Agora, pela primeira vez, [&hellip;]<\/p>\n","protected":false},"author":10,"featured_media":0,"comment_status":"closed","ping_status":"closed","sticky":false,"template":"","format":"standard","meta":{"footnotes":""},"categories":[2],"tags":[548],"ods":[],"class_list":["post-90016","post","type-post","status-publish","format-standard","hentry","category-noticias","tag-gestao-de-pessoas"],"_links":{"self":[{"href":"https:\/\/jundiai.sp.gov.br\/noticias\/wp-json\/wp\/v2\/posts\/90016","targetHints":{"allow":["GET"]}}],"collection":[{"href":"https:\/\/jundiai.sp.gov.br\/noticias\/wp-json\/wp\/v2\/posts"}],"about":[{"href":"https:\/\/jundiai.sp.gov.br\/noticias\/wp-json\/wp\/v2\/types\/post"}],"author":[{"embeddable":true,"href":"https:\/\/jundiai.sp.gov.br\/noticias\/wp-json\/wp\/v2\/users\/10"}],"replies":[{"embeddable":true,"href":"https:\/\/jundiai.sp.gov.br\/noticias\/wp-json\/wp\/v2\/comments?post=90016"}],"version-history":[{"count":1,"href":"https:\/\/jundiai.sp.gov.br\/noticias\/wp-json\/wp\/v2\/posts\/90016\/revisions"}],"predecessor-version":[{"id":117345,"href":"https:\/\/jundiai.sp.gov.br\/noticias\/wp-json\/wp\/v2\/posts\/90016\/revisions\/117345"}],"wp:attachment":[{"href":"https:\/\/jundiai.sp.gov.br\/noticias\/wp-json\/wp\/v2\/media?parent=90016"}],"wp:term":[{"taxonomy":"category","embeddable":true,"href":"https:\/\/jundiai.sp.gov.br\/noticias\/wp-json\/wp\/v2\/categories?post=90016"},{"taxonomy":"post_tag","embeddable":true,"href":"https:\/\/jundiai.sp.gov.br\/noticias\/wp-json\/wp\/v2\/tags?post=90016"},{"taxonomy":"ods","embeddable":true,"href":"https:\/\/jundiai.sp.gov.br\/noticias\/wp-json\/wp\/v2\/ods?post=90016"}],"curies":[{"name":"wp","href":"https:\/\/api.w.org\/{rel}","templated":true}]}}