{"id":91118,"date":"2014-07-09T15:32:03","date_gmt":"2014-07-09T18:32:03","guid":{"rendered":"https:\/\/jundiai.sp.gov.br\/noticias\/?p=91118"},"modified":"2016-11-04T10:57:44","modified_gmt":"2016-11-04T12:57:44","slug":"patrulha-noturna-e-atracao-no-encontro-nacional-de-motociclistas","status":"publish","type":"post","link":"https:\/\/jundiai.sp.gov.br\/noticias\/2014\/07\/09\/patrulha-noturna-e-atracao-no-encontro-nacional-de-motociclistas\/","title":{"rendered":"Patrulha Noturna \u00e9 atra\u00e7\u00e3o no Encontro Nacional de Motociclistas"},"content":{"rendered":"<p><strong>O rock\u2019n roll vai rolar solto no 1\u00ba Encontro Nacional de Motociclistas de Jundia\u00ed, que acontece de 25 a 27 de julho, no Parque Comendador Ant\u00f4nio Carbonari (Parque da Uva). Entre as bandas participantes est\u00e1 a Patrulha Noturna, que se apresenta no s\u00e1bado (26), \u00e0s 14h.<\/strong><\/p>\n<p><a href=\"https:\/\/jundiai.sp.gov.br\/noticias\/encontro-nacional-de-motociclistas\/\" target=\"_blank\"><strong>SAIBA TUDO SOBRE O 1\u00ba ENCONTRO NACIONAL DE MOTOCICLISTAS<\/strong><\/a><\/p>\n<div id=\"attachment_116459\" style=\"width: 420px\" class=\"wp-caption alignleft\"><a href=\"https:\/\/jundiai.sp.gov.br\/noticias\/wp-content\/uploads\/sites\/32\/2014\/07\/Patrulha-Noturna-\u00e9-atra\u00e7\u00e3o-no-Encontro-Nacional-de-Motociclistas.jpg\"><img loading=\"lazy\" decoding=\"async\" aria-describedby=\"caption-attachment-116459\" class=\"wp-image-116459\" src=\"https:\/\/jundiai.sp.gov.br\/noticias\/wp-content\/uploads\/sites\/32\/2014\/07\/Patrulha-Noturna-\u00e9-atra\u00e7\u00e3o-no-Encontro-Nacional-de-Motociclistas-720x480.jpg\" alt=\"Banda se apresenta no s\u00e1bado (26), \u00e0s 14h\" width=\"410\" height=\"273\" srcset=\"https:\/\/jundiai.sp.gov.br\/noticias\/wp-content\/uploads\/sites\/32\/2014\/07\/Patrulha-Noturna-\u00e9-atra\u00e7\u00e3o-no-Encontro-Nacional-de-Motociclistas-720x480.jpg 720w, https:\/\/jundiai.sp.gov.br\/noticias\/wp-content\/uploads\/sites\/32\/2014\/07\/Patrulha-Noturna-\u00e9-atra\u00e7\u00e3o-no-Encontro-Nacional-de-Motociclistas-300x200.jpg 300w, https:\/\/jundiai.sp.gov.br\/noticias\/wp-content\/uploads\/sites\/32\/2014\/07\/Patrulha-Noturna-\u00e9-atra\u00e7\u00e3o-no-Encontro-Nacional-de-Motociclistas.jpg 1240w\" sizes=\"auto, (max-width: 410px) 100vw, 410px\" \/><\/a><p id=\"caption-attachment-116459\" class=\"wp-caption-text\">Banda se apresenta no s\u00e1bado (26), \u00e0s 14h<\/p><\/div>\n<p>\u201cPara n\u00f3s, do Patrulha Noturna, \u00e9 motivo de grande orgulho a banda ter sido escolhida como uma das representantes da regi\u00e3o. Temos um grande n\u00famero de f\u00e3s que nos acompanham h\u00e1 bastante tempo e a expectativa \u00e9 fazer uma grande apresenta\u00e7\u00e3o\u201d, diz o vocalista e guitarrista da banda Sergio Silva.<\/p>\n<p>Para o show no encontro, a banda preparou um repert\u00f3rio calcado no rock nacional dos anos 80, com sucessos de artistas como Camisa de V\u00eanus, Legi\u00e3o Urbana, RPM, al\u00e9m de cl\u00e1ssicos do punk rock (Ramones e Sex Pistols) e rockabilly.<\/p>\n<p>Sergio conta que achou excelente a iniciativa da Prefeitura de realizar o evento. \u201cA exemplo do que j\u00e1 acontece em v\u00e1rias cidades, a expectativa \u00e9 de sucesso. Encontros de motociclistas atraem a aten\u00e7\u00e3o de pessoas de v\u00e1rias localidades e proporcionam uma excelente op\u00e7\u00e3o de lazer gratuito, com boa m\u00fasica para pessoas de todas as faixas et\u00e1rias.\u201d<br \/>\n<strong><br \/>\nSobre a banda<\/strong><br \/>\nH\u00e1 16 anos na estrada, a banda Patrulha Noturna tem como principal caracter\u00edstica a energia em suas apresenta\u00e7\u00f5es e a interatividade com o p\u00fablico, o que lhe garantiu uma legi\u00e3o de f\u00e3s. A banda nasceu com a proposta de resgatar os cl\u00e1ssicos do rock\u00b4n roll dos anos 50 e 60. Com o passar do tempo e a troca de alguns integrantes, houve o desejo de ampliar esse leque. Assim, o repert\u00f3rio passou a incluir sucessos do rock brasileiro dos anos 80 (Legi\u00e3o Urbana, Ira, 365, Camisa de Venus, RPM, Bar\u00e3o Vermelho, entre outros) e tamb\u00e9m cl\u00e1ssicos do country (Johnny Cash) e punk rock (Ramones, Sex Pistols, Billy Idol, etc.).<\/p>\n<p>A banda tamb\u00e9m est\u00e1 envolvida na produ\u00e7\u00e3o de material pr\u00f3prio e, entre os projetos em andamento, est\u00e1 o lan\u00e7amento da m\u00fasica \u201cDias de Estrada\u201d, com tem\u00e1tica voltada aos motociclistas. Atualmente a banda \u00e9 formada por Sergio Maverick (vocal principal, guitarra),<br \/>\nEdmilson Bigheto (guitarra solo), Luis Vagner (baixo e back vocal) e Alexandre Forti (bateria).<\/p>\n<p><strong>O evento<\/strong><br \/>\nO Encontro Nacional de Motociclistas ser\u00e1 realizado de 25 a 27 de julho, no Parque da Uva, em Jundia\u00ed. O evento come\u00e7a \u00e0s 18h na sexta-feira (25), e \u00e0s 10h no s\u00e1bado e domingo (26 e 27).<\/p>\n<p>N\u00e3o haver\u00e1 cobran\u00e7a de ingresso, mas as pessoas devem levar 1 quilo de alimento n\u00e3o perec\u00edvel. Todos os mantimentos arrecadados ser\u00e3o encaminhados ao Fundo Social de Solidariedade (Funss) e revertidos \u00e0s entidades sociais cadastradas.<\/p>\n<p>A realiza\u00e7\u00e3o \u00e9 da Prefeitura de Jundia\u00ed, por meio das secretarias de Esportes e Lazer, Cultura, Comunica\u00e7\u00e3o Social e Agricultura, Abastecimento e Turismo, da Liga Nacional de Bikers e dos motoclubes da cidade e regi\u00e3o.<br \/>\n<strong><br \/>\nViviane Rodrigues<br \/>\nFotos: divulga\u00e7\u00e3o<\/strong><\/p>\n","protected":false},"excerpt":{"rendered":"<p>O evento ocorre nos dias 25, 26 e 27 de julho, no Parque da Uva; a entrada ser\u00e1 um quilo de alimento n\u00e3o perec\u00edvel<\/p>\n","protected":false},"author":11,"featured_media":91121,"comment_status":"closed","ping_status":"closed","sticky":false,"template":"","format":"standard","meta":{"footnotes":""},"categories":[2],"tags":[223],"ods":[],"class_list":["post-91118","post","type-post","status-publish","format-standard","has-post-thumbnail","hentry","category-noticias","tag-encontro-nacional-de-motociclistas-2014"],"_links":{"self":[{"href":"https:\/\/jundiai.sp.gov.br\/noticias\/wp-json\/wp\/v2\/posts\/91118","targetHints":{"allow":["GET"]}}],"collection":[{"href":"https:\/\/jundiai.sp.gov.br\/noticias\/wp-json\/wp\/v2\/posts"}],"about":[{"href":"https:\/\/jundiai.sp.gov.br\/noticias\/wp-json\/wp\/v2\/types\/post"}],"author":[{"embeddable":true,"href":"https:\/\/jundiai.sp.gov.br\/noticias\/wp-json\/wp\/v2\/users\/11"}],"replies":[{"embeddable":true,"href":"https:\/\/jundiai.sp.gov.br\/noticias\/wp-json\/wp\/v2\/comments?post=91118"}],"version-history":[{"count":2,"href":"https:\/\/jundiai.sp.gov.br\/noticias\/wp-json\/wp\/v2\/posts\/91118\/revisions"}],"predecessor-version":[{"id":116460,"href":"https:\/\/jundiai.sp.gov.br\/noticias\/wp-json\/wp\/v2\/posts\/91118\/revisions\/116460"}],"wp:featuredmedia":[{"embeddable":true,"href":"https:\/\/jundiai.sp.gov.br\/noticias\/wp-json\/"}],"wp:attachment":[{"href":"https:\/\/jundiai.sp.gov.br\/noticias\/wp-json\/wp\/v2\/media?parent=91118"}],"wp:term":[{"taxonomy":"category","embeddable":true,"href":"https:\/\/jundiai.sp.gov.br\/noticias\/wp-json\/wp\/v2\/categories?post=91118"},{"taxonomy":"post_tag","embeddable":true,"href":"https:\/\/jundiai.sp.gov.br\/noticias\/wp-json\/wp\/v2\/tags?post=91118"},{"taxonomy":"ods","embeddable":true,"href":"https:\/\/jundiai.sp.gov.br\/noticias\/wp-json\/wp\/v2\/ods?post=91118"}],"curies":[{"name":"wp","href":"https:\/\/api.w.org\/{rel}","templated":true}]}}