{"id":91236,"date":"2014-07-11T12:31:52","date_gmt":"2014-07-11T15:31:52","guid":{"rendered":"https:\/\/jundiai.sp.gov.br\/noticias\/?p=91236"},"modified":"2016-11-04T10:57:44","modified_gmt":"2016-11-04T12:57:44","slug":"caca-niqueis-toca-os-classicos-do-blues-no-encontro-de-motociclistas","status":"publish","type":"post","link":"https:\/\/jundiai.sp.gov.br\/noticias\/2014\/07\/11\/caca-niqueis-toca-os-classicos-do-blues-no-encontro-de-motociclistas\/","title":{"rendered":"Ca\u00e7a N\u00edqueis resgata o blues no Encontro de Motociclistas"},"content":{"rendered":"<p><strong>O blues tem espa\u00e7o garantido no Encontro Nacional de Motociclistas, que acontece de 25 a 27 de julho, no Parque Comendador Ant\u00f4nio Carbonari (Parque da Uva). A banda Ca\u00e7a N\u00edqueis marca presen\u00e7a com show do seu terceiro CD, \u201cCl\u00e1ssicos do Blues\u201d. A apresenta\u00e7\u00e3o ser\u00e1 no s\u00e1bado (26), \u00e0s 18h.<\/strong><\/p>\n<p>Desde 1995, a banda se apresenta em encontros de motociclistas por todo Pa\u00eds e elogia a iniciativa da Prefeitura de Jundia\u00ed em realizar o evento na cidade. \u201cEsse encontro que acontece em comemora\u00e7\u00e3o ao Dia Nacional do Motociclista (27 de julho) representa uma volta sensacional do movimento motocicl\u00edstico na cidade, o qual esperamos que dure muitos anos. Com certeza, vai entrar para o calend\u00e1rio de eventos de motociclistas com louvor\u201d, declara Andr\u00e9 Belleza, guitarrista e vocalista da banda.<\/p>\n<p><strong>LEIA TAMB\u00c9M<br \/>\n<a href=\"https:\/\/jundiai.sp.gov.br\/noticias\/encontro-nacional-de-motociclistas\/\" target=\"_blank\"><strong>TUDO SOBRE O EVENTO <\/strong><\/a><br \/>\n<a href=\"https:\/\/jundiai.sp.gov.br\/noticias\/2014\/07\/festa-dos-motoristas-se-junta-ao-encontro-dos-motociclistas\/\" target=\"_blank\"><strong>Festa dos Motoristas se junta ao Encontro dos Motociclistas<\/strong><\/a><br \/>\n<a href=\"https:\/\/jundiai.sp.gov.br\/noticias\/2014\/07\/patrulha-noturna-e-atracao-no-encontro-nacional-de-motociclistas\/\" target=\"_blank\">Patrulha Noturna \u00e9 atra\u00e7\u00e3o no Encontro Nacional de Motociclistas<\/a><\/strong><\/p>\n<div id=\"attachment_116393\" style=\"width: 610px\" class=\"wp-caption aligncenter\"><a href=\"https:\/\/jundiai.sp.gov.br\/noticias\/wp-content\/uploads\/sites\/32\/2014\/07\/Ca\u00e7a-N\u00edqueis-resgata-o-blues-no-Encontro-de-Motociclistas.jpg\"><img loading=\"lazy\" decoding=\"async\" aria-describedby=\"caption-attachment-116393\" class=\"wp-image-116393\" src=\"https:\/\/jundiai.sp.gov.br\/noticias\/wp-content\/uploads\/sites\/32\/2014\/07\/Ca\u00e7a-N\u00edqueis-resgata-o-blues-no-Encontro-de-Motociclistas-720x720.jpg\" alt=\"Ca\u00e7a N\u00edqueis faz show com base no CD &quot;Cl\u00e1ssicos do Blues&quot;\" width=\"600\" height=\"600\" srcset=\"https:\/\/jundiai.sp.gov.br\/noticias\/wp-content\/uploads\/sites\/32\/2014\/07\/Ca\u00e7a-N\u00edqueis-resgata-o-blues-no-Encontro-de-Motociclistas-720x720.jpg 720w, https:\/\/jundiai.sp.gov.br\/noticias\/wp-content\/uploads\/sites\/32\/2014\/07\/Ca\u00e7a-N\u00edqueis-resgata-o-blues-no-Encontro-de-Motociclistas-120x120.jpg 120w, https:\/\/jundiai.sp.gov.br\/noticias\/wp-content\/uploads\/sites\/32\/2014\/07\/Ca\u00e7a-N\u00edqueis-resgata-o-blues-no-Encontro-de-Motociclistas-300x300.jpg 300w, https:\/\/jundiai.sp.gov.br\/noticias\/wp-content\/uploads\/sites\/32\/2014\/07\/Ca\u00e7a-N\u00edqueis-resgata-o-blues-no-Encontro-de-Motociclistas.jpg 1240w\" sizes=\"auto, (max-width: 600px) 100vw, 600px\" \/><\/a><p id=\"caption-attachment-116393\" class=\"wp-caption-text\">Ca\u00e7a N\u00edqueis faz show com base no CD &#8220;Cl\u00e1ssicos do Blues&#8221;<\/p><\/div>\n<p>\u201cA expectativa \u00e9 que todos os motoclubes da regi\u00e3o e de cidades de at\u00e9 500 quil\u00f4metros de dist\u00e2ncia compare\u00e7am em massa para prestigiar a cidade de Jundia\u00ed.\u201d<\/p>\n<p>No show no Parque da Uva, a banda Ca\u00e7a N\u00edqueis apresenta seu mais recente trabalho, intitulado \u201cCl\u00e1ssicos do Blues\u201d, que traz releituras de m\u00fasicas antol\u00f3gicas do estilo. O repert\u00f3rio tamb\u00e9m inclui rock dos anos 60 e 70, de bandas como Creedence, Rolling Stones, The Doors, entre outras.<\/p>\n<p><strong>Sobre a banda<\/strong><br \/>\nCom 19 anos de carreira e tr\u00eas CDs gravados, a Ca\u00e7a N\u00edqueis se consolidou como uma das principais bandas do circuito do motociclismo nacional, tendo realizado centenas de shows nos maiores encontros de motos do Brasil.<\/p>\n<p>A forma\u00e7\u00e3o da banda \u00e9 a mesma desde sua funda\u00e7\u00e3o, em 1995, e conta com Andr\u00e9 Belleza nos vocais e guitarras, Izal de Oliveira no contrabaixo e Caio Dohogne completa o trio com sua bateria.<\/p>\n<p><strong>O evento<\/strong><br \/>\nO Encontro Nacional de Motociclistas ser\u00e1 realizado de 25 a 27 de julho, no Parque da Uva, em Jundia\u00ed. O evento come\u00e7a \u00e0s 18 horas na sexta-feira (25), e \u00e0s 10 horas no s\u00e1bado e domingo (26 e 27).<\/p>\n<p>N\u00e3o haver\u00e1 cobran\u00e7a de ingresso, mas as pessoas devem levar 1 quilo de alimento n\u00e3o perec\u00edvel. Todos os mantimentos arrecadados ser\u00e3o encaminhados ao Fundo Social de Solidariedade (Funss) e revertidos \u00e0s entidades sociais cadastradas.<\/p>\n<p>A realiza\u00e7\u00e3o \u00e9 da Prefeitura de Jundia\u00ed, por meio das secretarias de Esportes e Lazer, Cultura, Comunica\u00e7\u00e3o Social e Agricultura, Abastecimento e Turismo, da Liga Nacional de Bikers e dos motoclubes da cidade e regi\u00e3o.<\/p>\n<p><em><strong>Viviane Rodrigues<br \/>\nFoto: Divulga\u00e7\u00e3o <\/strong><\/em><\/p>\n","protected":false},"excerpt":{"rendered":"<p>Apresenta\u00e7\u00e3o da banda, que j\u00e1 est\u00e1 em seu terceiro Cd, ser\u00e1 no s\u00e1bado (26), \u00e0s 18h, no Parque da Uva <\/p>\n","protected":false},"author":10,"featured_media":91238,"comment_status":"closed","ping_status":"closed","sticky":false,"template":"","format":"standard","meta":{"footnotes":""},"categories":[2],"tags":[29,223],"ods":[],"class_list":["post-91236","post","type-post","status-publish","format-standard","has-post-thumbnail","hentry","category-noticias","tag-cultura","tag-encontro-nacional-de-motociclistas-2014"],"_links":{"self":[{"href":"https:\/\/jundiai.sp.gov.br\/noticias\/wp-json\/wp\/v2\/posts\/91236","targetHints":{"allow":["GET"]}}],"collection":[{"href":"https:\/\/jundiai.sp.gov.br\/noticias\/wp-json\/wp\/v2\/posts"}],"about":[{"href":"https:\/\/jundiai.sp.gov.br\/noticias\/wp-json\/wp\/v2\/types\/post"}],"author":[{"embeddable":true,"href":"https:\/\/jundiai.sp.gov.br\/noticias\/wp-json\/wp\/v2\/users\/10"}],"replies":[{"embeddable":true,"href":"https:\/\/jundiai.sp.gov.br\/noticias\/wp-json\/wp\/v2\/comments?post=91236"}],"version-history":[{"count":2,"href":"https:\/\/jundiai.sp.gov.br\/noticias\/wp-json\/wp\/v2\/posts\/91236\/revisions"}],"predecessor-version":[{"id":116395,"href":"https:\/\/jundiai.sp.gov.br\/noticias\/wp-json\/wp\/v2\/posts\/91236\/revisions\/116395"}],"wp:featuredmedia":[{"embeddable":true,"href":"https:\/\/jundiai.sp.gov.br\/noticias\/wp-json\/"}],"wp:attachment":[{"href":"https:\/\/jundiai.sp.gov.br\/noticias\/wp-json\/wp\/v2\/media?parent=91236"}],"wp:term":[{"taxonomy":"category","embeddable":true,"href":"https:\/\/jundiai.sp.gov.br\/noticias\/wp-json\/wp\/v2\/categories?post=91236"},{"taxonomy":"post_tag","embeddable":true,"href":"https:\/\/jundiai.sp.gov.br\/noticias\/wp-json\/wp\/v2\/tags?post=91236"},{"taxonomy":"ods","embeddable":true,"href":"https:\/\/jundiai.sp.gov.br\/noticias\/wp-json\/wp\/v2\/ods?post=91236"}],"curies":[{"name":"wp","href":"https:\/\/api.w.org\/{rel}","templated":true}]}}