{"id":91509,"date":"2014-07-14T15:24:25","date_gmt":"2014-07-14T18:24:25","guid":{"rendered":"https:\/\/jundiai.sp.gov.br\/noticias\/?p=91509"},"modified":"2016-11-04T10:57:46","modified_gmt":"2016-11-04T12:57:46","slug":"o-bob-me-mordeu-leva-seu-rock-acustico-ao-encontro-de-motociclistas","status":"publish","type":"post","link":"https:\/\/jundiai.sp.gov.br\/noticias\/2014\/07\/14\/o-bob-me-mordeu-leva-seu-rock-acustico-ao-encontro-de-motociclistas\/","title":{"rendered":"Bob me Mordeu leva rock ac\u00fastico ao Parque da Uva"},"content":{"rendered":"<p><strong>Uma nova roupagem para o bom e velho rock\u2019n roll. Esta \u00e9 a proposta da banda O Bob me Mordeu, que se apresenta no dia 27, \u00e0s 10h, no Encontro Nacional de Motociclistas de Jundia\u00ed, no Parque Comendador Carbonari (Parque da Uva).<\/strong><\/p>\n<p>O rock ac\u00fastico \u00e9 o diferencial da banda, que traz uma nova sonoridade ao estilo musical com solos de violino, contrabaixo ac\u00fastico (rabec\u00e3o) e instrumentos de percuss\u00e3o como o caj\u00f3n. \u201cAlguns desses instrumentos s\u00e3o utilizados em orquestras sinf\u00f4nicas, mas adaptamos ao estilo \u2018classic rock\u2019. O objetivo \u00e9 dar esse diferencial com um toque cl\u00e1ssico e requintado no evento\u201d, diz Guino Albanez, que toca violino na banda.<\/p>\n<p><strong>LEIA TAMB\u00c9M<br \/>\n<a href=\"https:\/\/jundiai.sp.gov.br\/noticias\/encontro-nacional-de-motociclistas\/\" target=\"_blank\"><strong>Tudo sobre o Encontro Nacional de Motociclistas <\/strong><\/a><br \/>\n<a href=\"https:\/\/jundiai.sp.gov.br\/noticias\/2014\/07\/caca-niqueis-toca-os-classicos-do-blues-no-encontro-de-motociclistas\/\" target=\"_blank\">Ca\u00e7a N\u00edqueis resgata o blues no Encontro de Motociclistas<\/a><\/strong><\/p>\n<div id=\"attachment_116337\" style=\"width: 610px\" class=\"wp-caption aligncenter\"><a href=\"https:\/\/jundiai.sp.gov.br\/noticias\/wp-content\/uploads\/sites\/32\/2014\/07\/Bob-me-Mordeu-leva-rock-ac\u00fastico-ao-Parque-da-Uva.jpg\"><img loading=\"lazy\" decoding=\"async\" aria-describedby=\"caption-attachment-116337\" class=\"wp-image-116337\" src=\"https:\/\/jundiai.sp.gov.br\/noticias\/wp-content\/uploads\/sites\/32\/2014\/07\/Bob-me-Mordeu-leva-rock-ac\u00fastico-ao-Parque-da-Uva-720x514.jpg\" alt=\"Rock ac\u00fastico \u00e9 a proposta da banda, que se apresenta no dia 27\" width=\"600\" height=\"429\" srcset=\"https:\/\/jundiai.sp.gov.br\/noticias\/wp-content\/uploads\/sites\/32\/2014\/07\/Bob-me-Mordeu-leva-rock-ac\u00fastico-ao-Parque-da-Uva-720x514.jpg 720w, https:\/\/jundiai.sp.gov.br\/noticias\/wp-content\/uploads\/sites\/32\/2014\/07\/Bob-me-Mordeu-leva-rock-ac\u00fastico-ao-Parque-da-Uva-300x214.jpg 300w, https:\/\/jundiai.sp.gov.br\/noticias\/wp-content\/uploads\/sites\/32\/2014\/07\/Bob-me-Mordeu-leva-rock-ac\u00fastico-ao-Parque-da-Uva.jpg 1240w\" sizes=\"auto, (max-width: 600px) 100vw, 600px\" \/><\/a><p id=\"caption-attachment-116337\" class=\"wp-caption-text\">Rock ac\u00fastico \u00e9 a proposta da banda, que se apresenta no dia 27<\/p><\/div>\n<p>Para Guino, a Prefeitura acerta ao realizar o Encontro. \u201cJundia\u00ed tem um grande potencial para realizar esse evento por ter uma grande quantidade de apreciadores dessa modalidade. \u00c9 merecido a cidade entrar no circuito nacional e esperamos que o evento se torne anual\u201d, considera.<\/p>\n<p>As expectativas da banda s\u00e3o as melhores. \u201cEsperamos que a popula\u00e7\u00e3o aproveite a oportunidade para conhecer essa filosofia de vida que \u00e9 o motociclismo e apreciar as bandas de rock. Ser\u00e1 o primeiro show da banda O Bob me Mordeu em encontro de motociclistas e torcemos para que o p\u00fablico goste do nosso trabalho diferenciado\u201d, destaca Guino.<\/p>\n<p>Para o show, a banda apresenta um repert\u00f3rio especial com cl\u00e1ssicos do rock nacional e internacional de artistas como AC\/DC, Janes Joplin, Pink Floyd, The Eagles, Doobie Brothers, Rolling Stones, Plebe Rude, entre outros, em vers\u00e3o ac\u00fastica.<\/p>\n<p><strong>Sobre a banda<\/strong><br \/>\nCom um ano de exist\u00eancia, a banda O Bob me Mordeu surgiu com a proposta de fazer um som ac\u00fastico, atrav\u00e9s de instrumentos usados em orquestra sinf\u00f4nica.<\/p>\n<p>A banda \u00e9 formada por Rafael Manzo (vocalista e violonista base), Rog\u00e9rio Portella (violonista solo), Rodrigo Moog (baixolonista), Jony Nasser (percussionista no caj\u00f3n) e Guino Albanez (violonista). Apesar de nova, conta com m\u00fasicos experientes, como \u00e9 o caso dos fundadores Jony e Guino, que tocam juntos h\u00e1 15 anos. Os demais integrantes tamb\u00e9m j\u00e1 atuam profissionalmente h\u00e1 alguns anos. O repert\u00f3rio segue a linha dos grandes cl\u00e1ssicos do rock nacional e internacional.<\/p>\n<p><em><strong>Viviane Rodrigues<br \/>\nFoto: Divulga\u00e7\u00e3o <\/strong><\/em><\/p>\n","protected":false},"excerpt":{"rendered":"<p>Banda se apresenta no dia 27 de julho, \u00e0s 10h, no Encontro Nacional de Motociclistas de Jundia\u00ed<\/p>\n","protected":false},"author":10,"featured_media":91513,"comment_status":"closed","ping_status":"closed","sticky":false,"template":"","format":"standard","meta":{"footnotes":""},"categories":[2],"tags":[223],"ods":[],"class_list":["post-91509","post","type-post","status-publish","format-standard","has-post-thumbnail","hentry","category-noticias","tag-encontro-nacional-de-motociclistas-2014"],"_links":{"self":[{"href":"https:\/\/jundiai.sp.gov.br\/noticias\/wp-json\/wp\/v2\/posts\/91509","targetHints":{"allow":["GET"]}}],"collection":[{"href":"https:\/\/jundiai.sp.gov.br\/noticias\/wp-json\/wp\/v2\/posts"}],"about":[{"href":"https:\/\/jundiai.sp.gov.br\/noticias\/wp-json\/wp\/v2\/types\/post"}],"author":[{"embeddable":true,"href":"https:\/\/jundiai.sp.gov.br\/noticias\/wp-json\/wp\/v2\/users\/10"}],"replies":[{"embeddable":true,"href":"https:\/\/jundiai.sp.gov.br\/noticias\/wp-json\/wp\/v2\/comments?post=91509"}],"version-history":[{"count":2,"href":"https:\/\/jundiai.sp.gov.br\/noticias\/wp-json\/wp\/v2\/posts\/91509\/revisions"}],"predecessor-version":[{"id":116339,"href":"https:\/\/jundiai.sp.gov.br\/noticias\/wp-json\/wp\/v2\/posts\/91509\/revisions\/116339"}],"wp:featuredmedia":[{"embeddable":true,"href":"https:\/\/jundiai.sp.gov.br\/noticias\/wp-json\/"}],"wp:attachment":[{"href":"https:\/\/jundiai.sp.gov.br\/noticias\/wp-json\/wp\/v2\/media?parent=91509"}],"wp:term":[{"taxonomy":"category","embeddable":true,"href":"https:\/\/jundiai.sp.gov.br\/noticias\/wp-json\/wp\/v2\/categories?post=91509"},{"taxonomy":"post_tag","embeddable":true,"href":"https:\/\/jundiai.sp.gov.br\/noticias\/wp-json\/wp\/v2\/tags?post=91509"},{"taxonomy":"ods","embeddable":true,"href":"https:\/\/jundiai.sp.gov.br\/noticias\/wp-json\/wp\/v2\/ods?post=91509"}],"curies":[{"name":"wp","href":"https:\/\/api.w.org\/{rel}","templated":true}]}}