{"id":92858,"date":"2014-07-25T22:58:28","date_gmt":"2014-07-26T01:58:28","guid":{"rendered":"https:\/\/jundiai.sp.gov.br\/noticias\/?p=92858"},"modified":"2016-11-04T10:57:42","modified_gmt":"2016-11-04T12:57:42","slug":"motociclistas-se-empolgam-na-abertura-do-1o-encontro-nacional","status":"publish","type":"post","link":"https:\/\/jundiai.sp.gov.br\/noticias\/2014\/07\/25\/motociclistas-se-empolgam-na-abertura-do-1o-encontro-nacional\/","title":{"rendered":"Motociclistas se empolgam na abertura do 1\u00ba Encontro Nacional"},"content":{"rendered":"<p><strong>A abertura do <a href=\"https:\/\/jundiai.sp.gov.br\/noticias\/encontro-nacional-de-motociclistas\/\" target=\"_blank\"><strong>1\u00ba Encontro Nacional de Motociclistas<\/strong><\/a>, realizada na noite desta sexta-feira (25), no Parque Comendador Ant\u00f4nio Carbonari (Parque da Uva) j\u00e1 deu uma mostra do que ser\u00e1 o evento nestes pr\u00f3ximos dois dias. Motociclistas de Jundia\u00ed e regi\u00e3o somados aos de v\u00e1rias partes do Brasil chegando com m\u00e1quinas reluzentes, fam\u00edlias e casais curtindo os shows musicais, manobras radicais, muita comida, anima\u00e7\u00e3o e solidariedade &#8211; j\u00e1 que a entrada \u00e9 1 quilo de alimento n\u00e3o perec\u00edvel. A festa prossegue neste s\u00e1bado (26) e domingo (27), sempre a partir das 10h.<\/strong><\/p>\n<p>Pela primeira vez em Jundia\u00ed, o encontro \u00e9 realizado numa parceria entre a Prefeitura, Liga Nacional de Bikers e os motoclubes da cidade e regi\u00e3o. Est\u00e3o envolvidas na organiza\u00e7\u00e3o as secretarias de Esportes e Lazer, Cultura, Comunica\u00e7\u00e3o Social e Agricultura, Abastecimento e Turismo.<\/p>\n<p><a href=\"https:\/\/www.flickr.com\/photos\/prefeituradejundiai\/sets\/72157645510714548\/\" target=\"_blank\"><strong>VEJA AS FOTOS DO EVENTO<\/strong><\/a><br \/>\n<a href=\"https:\/\/jundiai.sp.gov.br\/noticias\/2014\/07\/encontro-nacional-de-motociclistas-reune-14-bandas\/\" target=\"_blank\"><strong>Encontro Nacional de Motociclistas re\u00fane 14 bandas<\/strong><\/a><\/p>\n<div id=\"attachment_113307\" style=\"width: 310px\" class=\"wp-caption alignleft\"><a href=\"https:\/\/jundiai.sp.gov.br\/noticias\/wp-content\/uploads\/sites\/32\/2014\/07\/Secret\u00e1rio-Cristiano-Lopes-recepciona-motociclistas.jpg\"><img loading=\"lazy\" decoding=\"async\" aria-describedby=\"caption-attachment-113307\" src=\"https:\/\/jundiai.sp.gov.br\/noticias\/wp-content\/uploads\/sites\/32\/2014\/07\/Secret\u00e1rio-Cristiano-Lopes-recepciona-motociclistas-300x224.jpg\" alt=\"Secret\u00e1rio Cristiano Lopes recepciona motociclistas\" width=\"300\" height=\"224\" class=\"size-medium wp-image-113307\" srcset=\"https:\/\/jundiai.sp.gov.br\/noticias\/wp-content\/uploads\/sites\/32\/2014\/07\/Secret\u00e1rio-Cristiano-Lopes-recepciona-motociclistas-300x224.jpg 300w, https:\/\/jundiai.sp.gov.br\/noticias\/wp-content\/uploads\/sites\/32\/2014\/07\/Secret\u00e1rio-Cristiano-Lopes-recepciona-motociclistas-720x537.jpg 720w, https:\/\/jundiai.sp.gov.br\/noticias\/wp-content\/uploads\/sites\/32\/2014\/07\/Secret\u00e1rio-Cristiano-Lopes-recepciona-motociclistas.jpg 1240w\" sizes=\"auto, (max-width: 300px) 100vw, 300px\" \/><\/a><p id=\"caption-attachment-113307\" class=\"wp-caption-text\">Secret\u00e1rio Cristiano Lopes recepciona motociclistas<\/p><\/div>\n<p>O professor Marcelo Gon\u00e7alves, de 35 anos, compareceu ao primeiro dia do encontro acompanhado da esposa Luciana, 38 anos, e da filha Rayla, de 16. Eles n\u00e3o fazem parte de motoclube, mas foram atra\u00eddos pela programa\u00e7\u00e3o cultural. \u201cGostamos muito de rock e viemos para assistir as bandas\u201d, diz Marcelo, que pretende voltar nos dois dias restantes.<\/p>\n<p>Edson Abramo, do motoclube Bielas de Fogo, destaca a import\u00e2ncia do evento. \u201cH\u00e1 pessoas que fazem uma outra imagem dos motociclistas que n\u00e3o reflete a realidade. Temos como princ\u00edpio ajudar ao pr\u00f3ximo e, recentemente, doamos 1 tonelada de roupas para a Campanha do Agasalho\u201d, disse.<\/p>\n<p>O motociclista Marcelo Henrique Defanti, de 45 anos, \u00e9 da mesma opini\u00e3o. \u201cAinda existe o estigma de que motociclista \u00e9 \u2018bad boy\u2019 e este evento mostra que somos muito mais solid\u00e1rios do que outra coisa.\u201d<\/p>\n<p>Do motoclube Abutres, a consultora de vendas Maria Claudia Minervino, de 53 anos, destaca a import\u00e2ncia do evento para a cidade. \u201cJundia\u00ed sempre foi palco de grandes encontros de motociclistas, mas depois parou. Um evento desta propor\u00e7\u00e3o \u00e9 bom para a cidade, pois traz um p\u00fablico diferente e, principalmente, pelo car\u00e1ter beneficente.\u201d<\/p>\n<div id=\"attachment_113309\" style=\"width: 310px\" class=\"wp-caption alignleft\"><a href=\"https:\/\/jundiai.sp.gov.br\/noticias\/wp-content\/uploads\/sites\/32\/2014\/07\/Marcelo-Gon\u00e7alves-esposa-e-filha-f\u00e3s-de-rock.jpg\"><img loading=\"lazy\" decoding=\"async\" aria-describedby=\"caption-attachment-113309\" src=\"https:\/\/jundiai.sp.gov.br\/noticias\/wp-content\/uploads\/sites\/32\/2014\/07\/Marcelo-Gon\u00e7alves-esposa-e-filha-f\u00e3s-de-rock-300x235.jpg\" alt=\"Marcelo Gon\u00e7alves, esposa e filha: f\u00e3s de rock\" width=\"300\" height=\"235\" class=\"size-medium wp-image-113309\" srcset=\"https:\/\/jundiai.sp.gov.br\/noticias\/wp-content\/uploads\/sites\/32\/2014\/07\/Marcelo-Gon\u00e7alves-esposa-e-filha-f\u00e3s-de-rock-300x235.jpg 300w, https:\/\/jundiai.sp.gov.br\/noticias\/wp-content\/uploads\/sites\/32\/2014\/07\/Marcelo-Gon\u00e7alves-esposa-e-filha-f\u00e3s-de-rock-720x564.jpg 720w, https:\/\/jundiai.sp.gov.br\/noticias\/wp-content\/uploads\/sites\/32\/2014\/07\/Marcelo-Gon\u00e7alves-esposa-e-filha-f\u00e3s-de-rock.jpg 1240w\" sizes=\"auto, (max-width: 300px) 100vw, 300px\" \/><\/a><p id=\"caption-attachment-113309\" class=\"wp-caption-text\">Marcelo Gon\u00e7alves, esposa e filha: f\u00e3s de rock<\/p><\/div>\n<p><strong>Calend\u00e1rio de eventos <\/strong><br \/>\n<strong>Segundo o secret\u00e1rio de Esportes, Cristiano Lopes, o encontro j\u00e1 foi inserido no calend\u00e1rio anual de eventos do munic\u00edpio &#8211; ap\u00f3s aprova\u00e7\u00e3o da C\u00e2mara Municipal.<\/strong> \u201cEsta era uma antiga reivindica\u00e7\u00e3o dos motociclistas. No ano passado, nos reunimos com os motoclubes e as secretarias envolvidas para come\u00e7ar a planejar o encontro. Escolhemos esta data em homenagem ao Dia do Motociclista, comemorado exatamente em 27 de julho\u201d.<\/p>\n<p>O secret\u00e1rio de Cultura em exerc\u00edcio, Jean Camoleze, destacou a import\u00e2ncia do evento. \u201cA cultura dos motociclistas faz parte das diversas manifesta\u00e7\u00f5es culturais de Jundia\u00ed e deve ser respeitada, prestigiada e valorizada\u201d.<\/p>\n<p><strong>Programa\u00e7\u00e3o<\/strong><br \/>\nO Encontro Nacional de Motociclistas continua neste s\u00e1bado e domingo, a partir das 10 horas, com shows de v\u00e1rias bandas de rock e apresenta\u00e7\u00e3o da equipe A equipe For\u00e7a &amp; A\u00e7\u00e3o, internacionalmente conhecida por executar manobras acrob\u00e1ticas com motocicletas. <\/p>\n<p><em><strong>Viviane Rodrigues<br \/>\nFoto: Dorival Pinheiro Filho <\/strong><\/em><\/p>\n","protected":false},"excerpt":{"rendered":"<p>A festa prossegue com grandes atra\u00e7\u00f5es neste s\u00e1bado (26) e domingo (27), sempre a partir das 10h. Confira<\/p>\n","protected":false},"author":10,"featured_media":92861,"comment_status":"closed","ping_status":"closed","sticky":false,"template":"","format":"standard","meta":{"footnotes":""},"categories":[2],"tags":[29,223,35],"ods":[],"class_list":["post-92858","post","type-post","status-publish","format-standard","has-post-thumbnail","hentry","category-noticias","tag-cultura","tag-encontro-nacional-de-motociclistas-2014","tag-esporte-e-lazer"],"_links":{"self":[{"href":"https:\/\/jundiai.sp.gov.br\/noticias\/wp-json\/wp\/v2\/posts\/92858","targetHints":{"allow":["GET"]}}],"collection":[{"href":"https:\/\/jundiai.sp.gov.br\/noticias\/wp-json\/wp\/v2\/posts"}],"about":[{"href":"https:\/\/jundiai.sp.gov.br\/noticias\/wp-json\/wp\/v2\/types\/post"}],"author":[{"embeddable":true,"href":"https:\/\/jundiai.sp.gov.br\/noticias\/wp-json\/wp\/v2\/users\/10"}],"replies":[{"embeddable":true,"href":"https:\/\/jundiai.sp.gov.br\/noticias\/wp-json\/wp\/v2\/comments?post=92858"}],"version-history":[{"count":2,"href":"https:\/\/jundiai.sp.gov.br\/noticias\/wp-json\/wp\/v2\/posts\/92858\/revisions"}],"predecessor-version":[{"id":113311,"href":"https:\/\/jundiai.sp.gov.br\/noticias\/wp-json\/wp\/v2\/posts\/92858\/revisions\/113311"}],"wp:featuredmedia":[{"embeddable":true,"href":"https:\/\/jundiai.sp.gov.br\/noticias\/wp-json\/"}],"wp:attachment":[{"href":"https:\/\/jundiai.sp.gov.br\/noticias\/wp-json\/wp\/v2\/media?parent=92858"}],"wp:term":[{"taxonomy":"category","embeddable":true,"href":"https:\/\/jundiai.sp.gov.br\/noticias\/wp-json\/wp\/v2\/categories?post=92858"},{"taxonomy":"post_tag","embeddable":true,"href":"https:\/\/jundiai.sp.gov.br\/noticias\/wp-json\/wp\/v2\/tags?post=92858"},{"taxonomy":"ods","embeddable":true,"href":"https:\/\/jundiai.sp.gov.br\/noticias\/wp-json\/wp\/v2\/ods?post=92858"}],"curies":[{"name":"wp","href":"https:\/\/api.w.org\/{rel}","templated":true}]}}