{"id":92865,"date":"2014-07-26T23:35:11","date_gmt":"2014-07-27T02:35:11","guid":{"rendered":"https:\/\/jundiai.sp.gov.br\/noticias\/?p=92865"},"modified":"2016-11-04T10:57:43","modified_gmt":"2016-11-04T12:57:43","slug":"encontro-de-motociclistas-atrai-milhares-ao-parque-da-uva","status":"publish","type":"post","link":"https:\/\/jundiai.sp.gov.br\/noticias\/2014\/07\/26\/encontro-de-motociclistas-atrai-milhares-ao-parque-da-uva\/","title":{"rendered":"Prefeito confirma edi\u00e7\u00e3o anual do evento de motos"},"content":{"rendered":"<p><strong>O prefeito Pedro Bigardi confirmou durante visita ao <a href=\"https:\/\/jundiai.sp.gov.br\/noticias\/encontro-nacional-de-motociclistas\/\" target=\"_blank\">1\u00ba Encontro Nacional de Motociclistas de Jundia\u00ed<\/a> , neste s\u00e1bado (26), que o evento ser\u00e1 anual na cidade. Com grandes bandas de rock e espet\u00e1culos de acrobacia, al\u00e9m de muitos modelos diferentes de ve\u00edculos sobre duas rodas, o evento reuniu milhares de pessoas neste s\u00e1bado (26), segundo dia do evento. <\/strong><\/p>\n<p>Um dos destaques foi os shows acrob\u00e1ticos da equipe<a href=\"http:\/\/www.forcaeacao.com.br\/\" target=\"_blank\"><strong> For\u00e7a e A\u00e7\u00e3o<\/strong><\/a>, realizados em dois hor\u00e1rios da festa, com exibi\u00e7\u00f5es de habilidade, per\u00edcia e humor dos renomados pilotos que deixaram at\u00e9 mesmo rastros de fogo em suas manobras na \u00e1rea externa.<\/p>\n<p><strong>LEIA TAMB\u00c9M<br \/>\n<a href=\"https:\/\/www.flickr.com\/photos\/prefeituradejundiai\/sets\/72157645510714548\/\" target=\"_blank\"><strong>Veja mais fotos do evento<\/strong><\/a><br \/>\n<a href=\"https:\/\/jundiai.sp.gov.br\/noticias\/2014\/07\/prefeito-confirma-edicao-anual-do-evento-de-motos\/\" target=\"_blank\"><strong>Prefeito confirma edi\u00e7\u00e3o anual do evento de motos<\/strong><\/a><br \/>\n<a href=\"https:\/\/jundiai.sp.gov.br\/noticias\/2014\/07\/motociclistas-se-empolgam-na-abertura-do-1o-encontro-nacional\/\" target=\"_blank\">Motociclistas se empolgam na abertura do 1\u00ba Encontro Nacional<\/strong><\/a><\/p>\n<div id=\"attachment_113298\" style=\"width: 310px\" class=\"wp-caption alignleft\"><a href=\"https:\/\/jundiai.sp.gov.br\/noticias\/wp-content\/uploads\/sites\/32\/2014\/07\/A-per\u00edcia-dos-pilotos-da-equipe-For\u00e7a-e-A\u00e7\u00e3o-foi-um-dos-destaques.jpg\"><img loading=\"lazy\" decoding=\"async\" aria-describedby=\"caption-attachment-113298\" src=\"https:\/\/jundiai.sp.gov.br\/noticias\/wp-content\/uploads\/sites\/32\/2014\/07\/A-per\u00edcia-dos-pilotos-da-equipe-For\u00e7a-e-A\u00e7\u00e3o-foi-um-dos-destaques-300x220.jpg\" alt=\"A per\u00edcia dos pilotos da equipe For\u00e7a e A\u00e7\u00e3o foi um dos destaques\" width=\"300\" height=\"220\" class=\"size-medium wp-image-113298\" srcset=\"https:\/\/jundiai.sp.gov.br\/noticias\/wp-content\/uploads\/sites\/32\/2014\/07\/A-per\u00edcia-dos-pilotos-da-equipe-For\u00e7a-e-A\u00e7\u00e3o-foi-um-dos-destaques-300x220.jpg 300w, https:\/\/jundiai.sp.gov.br\/noticias\/wp-content\/uploads\/sites\/32\/2014\/07\/A-per\u00edcia-dos-pilotos-da-equipe-For\u00e7a-e-A\u00e7\u00e3o-foi-um-dos-destaques-720x528.jpg 720w, https:\/\/jundiai.sp.gov.br\/noticias\/wp-content\/uploads\/sites\/32\/2014\/07\/A-per\u00edcia-dos-pilotos-da-equipe-For\u00e7a-e-A\u00e7\u00e3o-foi-um-dos-destaques.jpg 1240w\" sizes=\"auto, (max-width: 300px) 100vw, 300px\" \/><\/a><p id=\"caption-attachment-113298\" class=\"wp-caption-text\">A per\u00edcia dos pilotos da equipe For\u00e7a e A\u00e7\u00e3o foi um dos destaques<\/p><\/div>\n<p>\u201c\u00c9 um evento muito s\u00e9rio e bem organizado e nos identificamos com isso. Parabenizamos Jundia\u00ed por essa iniciativa, est\u00e1 no caminho certo\u201d, afirmou Jonas \u201cAlem\u00e3o\u201d Camargo, um dos organizadores de outro encontro nacional, que ocorre entre 15 a 17 de agosto na cidade de Passos (MG). Al\u00e9m de Minas Gerais, visitantes de Santa Catarina e Paran\u00e1 tamb\u00e9m se fizeram presentes.<\/p>\n<p><strong>Entre os grandes shows musicais realizados no pavilh\u00e3o central do parque, um dos mais esperados foi apresentado pela banda paulistana <a href=\"https:\/\/jundiai.sp.gov.br\/noticias\/2014\/07\/made-in-brazil-e-atracao-no-encontro-nacional-de-motociclistas\/\" target=\"_blank\">Made In Brazil<\/a>, no in\u00edcio da noite. \u201cEstamos h\u00e1 47 anos na estrada e \u00e9 uma honra tocarmos neste evento\u201d, afirmou o m\u00fasico Oswaldo Vecchione, um dos fundadores da banda.<\/strong><\/p>\n<p>Entre as centenas de motocicletas que circularam pelo parque, uma das motiva\u00e7\u00f5es principais que moveram o evento eram as dicas trocadas entre os amantes desse meio de transporte. Para Anderson Picardi, um ponto obrigat\u00f3rio era recomendar o passeio pela estrada catarinense da Serra do Rio do Rastro. \u201cVoc\u00ea sai de 750 metros de altitude e vai a 1.420 metros, passando por 250 curvas em apenas 12 quil\u00f4metros\u201d, afirmava.<\/p>\n<p><strong>Atra\u00e7\u00f5es <\/strong><br \/>\nMuita gente foi at\u00e9 o evento sem contar com nenhuma motocicleta. \u201cO mais importante \u00e9 ser um lugar onde pode-se encontrar amigos que n\u00e3o se via h\u00e1 algum tempo\u201d, destacou Denilce Negro.<\/p>\n<p>Al\u00e9m de elogios para os shows de abertura na sexta (25), como da banda Rock Seixas, o p\u00fablico tamb\u00e9m apreciou no s\u00e1bado as atra\u00e7\u00f5es do dia como Sigla, General Lee, Patrulha Noturna, U.T.I. e Ca\u00e7a N\u00edqueis.<\/p>\n<div id=\"attachment_113300\" style=\"width: 310px\" class=\"wp-caption alignleft\"><a href=\"https:\/\/jundiai.sp.gov.br\/noticias\/wp-content\/uploads\/sites\/32\/2014\/07\/Patrulha-Noturna-abriu-a-programa\u00e7\u00e3o-da-tarde.jpg\"><img loading=\"lazy\" decoding=\"async\" aria-describedby=\"caption-attachment-113300\" src=\"https:\/\/jundiai.sp.gov.br\/noticias\/wp-content\/uploads\/sites\/32\/2014\/07\/Patrulha-Noturna-abriu-a-programa\u00e7\u00e3o-da-tarde-300x236.jpg\" alt=\"Patrulha Noturna abriu a programa\u00e7\u00e3o da tarde\" width=\"300\" height=\"236\" class=\"size-medium wp-image-113300\" srcset=\"https:\/\/jundiai.sp.gov.br\/noticias\/wp-content\/uploads\/sites\/32\/2014\/07\/Patrulha-Noturna-abriu-a-programa\u00e7\u00e3o-da-tarde-300x236.jpg 300w, https:\/\/jundiai.sp.gov.br\/noticias\/wp-content\/uploads\/sites\/32\/2014\/07\/Patrulha-Noturna-abriu-a-programa\u00e7\u00e3o-da-tarde-720x568.jpg 720w, https:\/\/jundiai.sp.gov.br\/noticias\/wp-content\/uploads\/sites\/32\/2014\/07\/Patrulha-Noturna-abriu-a-programa\u00e7\u00e3o-da-tarde.jpg 1240w\" sizes=\"auto, (max-width: 300px) 100vw, 300px\" \/><\/a><p id=\"caption-attachment-113300\" class=\"wp-caption-text\">Patrulha Noturna abriu a programa\u00e7\u00e3o da tarde<\/p><\/div>\n<p>As atra\u00e7\u00f5es paralelas, como a pra\u00e7a de alimenta\u00e7\u00e3o e a feira de artesanato, tamb\u00e9m tiveram seus momentos como o guid\u00e3o e o farol adaptados em uma enceradeira na barraca de arte em ferro de Eduardo Modesto, entre outras curiosidades.<\/p>\n<p><strong>Neste domingo (27) a festa continua com as bandas O Bob Me Mordeu (10h), Wayward (12h), Los Orions (14h), Agnus Rock (16h) e encerrando com Over Rock (18h). A abertura do parque acontece \u00e0s 10h.<\/strong><\/p>\n<p>Antes, a 45\u00aa edi\u00e7\u00e3o da Festa do Motoristas, promovida pelo Grupo JJ de Comunica\u00e7\u00e3o em parceria com a Prefeitura de Jundia\u00ed, se juntou ao 1\u00ba Encontro Nacional de Motociclistas.<\/p>\n<p><em><strong>Jos\u00e9 Arnaldo de Oliveira<br \/>\nFoto:Cleber de Almeida <\/strong> <\/em><\/p>\n","protected":false},"excerpt":{"rendered":"<p>Encontro Nacional dos Motociclistas teve o apoio da Prefeitura e entrada solid\u00e1ria. Veja como foi <\/p>\n","protected":false},"author":10,"featured_media":92949,"comment_status":"closed","ping_status":"closed","sticky":false,"template":"","format":"standard","meta":{"footnotes":""},"categories":[2],"tags":[29,223,35],"ods":[],"class_list":["post-92865","post","type-post","status-publish","format-standard","has-post-thumbnail","hentry","category-noticias","tag-cultura","tag-encontro-nacional-de-motociclistas-2014","tag-esporte-e-lazer"],"_links":{"self":[{"href":"https:\/\/jundiai.sp.gov.br\/noticias\/wp-json\/wp\/v2\/posts\/92865","targetHints":{"allow":["GET"]}}],"collection":[{"href":"https:\/\/jundiai.sp.gov.br\/noticias\/wp-json\/wp\/v2\/posts"}],"about":[{"href":"https:\/\/jundiai.sp.gov.br\/noticias\/wp-json\/wp\/v2\/types\/post"}],"author":[{"embeddable":true,"href":"https:\/\/jundiai.sp.gov.br\/noticias\/wp-json\/wp\/v2\/users\/10"}],"replies":[{"embeddable":true,"href":"https:\/\/jundiai.sp.gov.br\/noticias\/wp-json\/wp\/v2\/comments?post=92865"}],"version-history":[{"count":2,"href":"https:\/\/jundiai.sp.gov.br\/noticias\/wp-json\/wp\/v2\/posts\/92865\/revisions"}],"predecessor-version":[{"id":113301,"href":"https:\/\/jundiai.sp.gov.br\/noticias\/wp-json\/wp\/v2\/posts\/92865\/revisions\/113301"}],"wp:featuredmedia":[{"embeddable":true,"href":"https:\/\/jundiai.sp.gov.br\/noticias\/wp-json\/"}],"wp:attachment":[{"href":"https:\/\/jundiai.sp.gov.br\/noticias\/wp-json\/wp\/v2\/media?parent=92865"}],"wp:term":[{"taxonomy":"category","embeddable":true,"href":"https:\/\/jundiai.sp.gov.br\/noticias\/wp-json\/wp\/v2\/categories?post=92865"},{"taxonomy":"post_tag","embeddable":true,"href":"https:\/\/jundiai.sp.gov.br\/noticias\/wp-json\/wp\/v2\/tags?post=92865"},{"taxonomy":"ods","embeddable":true,"href":"https:\/\/jundiai.sp.gov.br\/noticias\/wp-json\/wp\/v2\/ods?post=92865"}],"curies":[{"name":"wp","href":"https:\/\/api.w.org\/{rel}","templated":true}]}}